{"id":2429,"date":"2022-01-11T10:58:22","date_gmt":"2022-01-11T09:58:22","guid":{"rendered":"https:\/\/kortowiada.pl\/?p=2429"},"modified":"2022-01-11T11:59:34","modified_gmt":"2022-01-11T10:59:34","slug":"kortowiada-2022-idzie-nowe","status":"publish","type":"post","link":"https:\/\/archiwum.kortowiada.pl\/2022\/kortowiada-2022-idzie-nowe\/","title":{"rendered":"Kortowiada 2022: idzie nowe!"},"content":{"rendered":"<p style=\"text-align: justify;\"><strong>Pi\u0119tnastu artyst\u00f3w na du\u017cej scenie, cztery dni Silent Party i jedyne tak wyj\u0105tkowe miejsce na mapie Polski: Kortowo. Tak wygl\u0105da podstawowy przepis na Kortowiad\u0119 2022. Ale na tym nie koniec! Dodatki b\u0119d\u0105 r\u00f3wnie\u017c robi\u0107 wra\u017cenie.<\/strong><\/p>\n<p style=\"text-align: justify;\">Czas pandemii wyra\u017anie pokaza\u0142 nam, \u017ce trzeba by\u0107 przygotowanym na r\u00f3\u017cne zmiany. Podejmujemy wi\u0119c wyzwanie i zamiast odcina\u0107 kupony od sukces\u00f3w poprzednich edycji olszty\u0144skich juwenali\u00f3w, otwieramy si\u0119 na nowo\u015bci.<\/p>\n<p style=\"text-align: justify;\">Po pierwsze: termin. Olszty\u0144skie \u015bwi\u0119to student\u00f3w nie odb\u0119dzie si\u0119, jak to zwykle bywa\u0142o, w maju. Na <strong>61. Kortowiad\u0119<\/strong> trzeba b\u0119dzie poczeka\u0107 jednak tylko nieco d\u0142u\u017cej: do 1 czerwca. To data \u0142atwa do zapami\u0119tania, bo w tym dniu od lat obchodzimy nie tylko Dzie\u0144 Dziecka, ale i \u015awi\u0119to UWM.<\/p>\n<p style=\"text-align: justify;\">Po drugie: miejsce koncert\u00f3w. <strong>G\u00f3rka Kortowska, b\u0119d\u0105ca symbolem naszych juwenali\u00f3w, musi chwilowo odetchn\u0105\u0107 od imprez<\/strong>. W\u0142a\u015bnie przechodzi gruntown\u0105 modernizacj\u0119, kt\u00f3ra nie zniszczy jednak niczego z jej naturalnego uroku. Specjali\u015bci wzmocni\u0105 pod\u0142o\u017ce i zajm\u0105 si\u0119 przygotowaniem infrastruktury oraz zaplecza technicznego. To pozwoli w przysz\u0142o\u015bci na sprawne i bezpieczne organizowanie wydarze\u0144 na terenie G\u00f3rki. W oczekiwaniu na zako\u0144czenie prac, <strong>przeniesiemy si\u0119 w miejsce r\u00f3wnie urokliwe: na kortowsk\u0105 pla\u017c\u0119<\/strong>.<\/p>\n<p style=\"text-align: justify;\">\u2013 <em>Zainspirowani potencja\u0142em Kortowa, motywem przewodnim tegorocznej Kortowiady chcemy uczyni\u0107 has\u0142o <strong>\u201eGreen Camp\u201d<\/strong>. To bardzo bliski nam temat, poniewa\u017c nasza uczelnia okre\u015blana jest cz\u0119sto mianem \u201eZielonego Uniwersytetu\u201d, promuj\u0105cego ekologi\u0119 i dzia\u0142aj\u0105cego w zgodzie z ide\u0105 zr\u00f3wnowa\u017conego rozwoju<\/em> \u2013 t\u0142umaczy <strong>Piotr Wa\u0142ejko, przewodnicz\u0105cy Rady Uczelnianej Samorz\u0105du Student\u00f3w UWM w Olsztynie.<\/strong> \u2013 <em>Przygotowuj\u0105c festiwal, dbamy o naturalne pi\u0119kno naszego miasteczka. Juwenalia traktujemy tak\u017ce jako okazj\u0119, by pokaza\u0107 wszystkim osobom spoza UWM zalety naszego kampusu. Planujemy zaproponowa\u0107 uczestnikom wydarzenia wiele form aktywno\u015bci b\u0119d\u0105cych wskaz\u00f3wkami dotycz\u0105cymi tego, jak (i dlaczego) dba\u0107 o \u015brodowisko.<\/em><\/p>\n<p style=\"text-align: justify;\">Kolejna nowo\u015b\u0107 to wi\u0119ksza liczba dni z koncertami na scenie g\u0142\u00f3wnej. <strong>15 artyst\u00f3w<\/strong> b\u0119dzie na niej gra\u0107 przez trzy dni (zamiast dotychczasowych dw\u00f3ch), czyli od czwartku do soboty. W trakcie olszty\u0144skich juwenali\u00f3w pojawi\u0105 si\u0119 arty\u015bci reprezentuj\u0105cy\u00a0 r\u00f3\u017cne gatunki muzyczne. Wiemy, \u017ce mo\u017cemy sobie pozwoli\u0107 na nieoczywiste wybory, bo uczestnicy Kortowiady zawsze okazuj\u0105 si\u0119 doskona\u0142\u0105 publiczno\u015bci\u0105. Gor\u0105co i go\u015bcinnie przyjmowali przecie\u017c zar\u00f3wno legendarnego Krzysztofa Krawczyka, jak i debiutuj\u0105cego Mat\u0119, kt\u00f3ry w Kortowie gra\u0142 sw\u00f3j pierwszy koncert.<\/p>\n<p style=\"text-align: justify;\">A skoro jeste\u015bmy przy muzyce, to informujemy, \u017ce, w zgodzie z tradycj\u0105 festiwali, nazwiska kolejnych wykonawc\u00f3w, kt\u00f3rzy zagraj\u0105 u nas swoje koncerty, b\u0119dziemy&#8230; dawkowa\u0107. <strong>Pierwszej niespodzianki wypatrujcie ju\u017c 18 stycznia!<\/strong><\/p>\n<p style=\"text-align: justify;\">Wiemy, \u017ce nie samymi koncertami Kortowiada stoi, dlatego podczas najwi\u0119kszego olszty\u0144skiego \u015bwi\u0119ta kultury studenckiej nie zabraknie tak\u017ce tradycyjnych i zupe\u0142nie nowych wydarze\u0144 towarzysz\u0105cych. W specjalnej strefie, za kt\u00f3r\u0105 odpowiedzialna b\u0119dzie <strong>Rada Uczelniana Samorz\u0105du Studenckiego UWM<\/strong>, zaproponujemy mn\u00f3stwo atrakcji aktywizuj\u0105cych uczestnik\u00f3w festiwalu. Ws\u0142uchawszy si\u0119 w Wasze g\u0142osy, zdecydowali\u015bmy si\u0119 tak\u017ce na rozszerzenie formu\u0142y wydarzenia znanego pod nazw\u0105 <strong>Silent Party<\/strong>. Fani \u201ecichych imprez\u201d b\u0119d\u0105 mieli okazj\u0119 uczestniczy\u0107 w nich od \u015brody do soboty.<\/p>\n<p style=\"text-align: justify;\"><strong>Sprzeda\u017c bilet\u00f3w na tegoroczne juwenalia UWM rozpocznie si\u0119 22 lutego.<\/strong> Warto zapami\u0119ta\u0107 t\u0119 dat\u0119, poniewa\u017c w zwi\u0105zku ze zmian\u0105 formu\u0142y Kortowiady, ich liczba b\u0119dzie limitowana. Ale to nie wszystko: kupno bilet\u00f3w w przedsprzeda\u017cy to spora oszcz\u0119dno\u015b\u0107. Ni\u017csze ceny bilet\u00f3w zaproponujemy tak\u017ce studentom olszty\u0144skiego Uniwersytetu.<\/p>\n<p style=\"text-align: justify;\">Organizatorami 61. Edycji Kortowiady s\u0105 Uniwersytet Warmi\u0144sko-Mazurski w\u00a0Olsztynie (reprezentowany w tym zakresie przez Rad\u0119 Uczelnian\u0105 Samorz\u0105du Studenckiego) oraz Fundacja Samorz\u0105du Student\u00f3w UWM.<\/p>\n","protected":false},"excerpt":{"rendered":"<p>Pi\u0119tnastu artyst\u00f3w na du\u017cej scenie, cztery dni Silent Party i jedyne tak wyj\u0105tkowe miejsce na mapie Polski: Kortowo. Tak wygl\u0105da podstawowy przepis na Kortowiad\u0119 2022. Ale na tym nie koniec! Dodatki b\u0119d\u0105 r\u00f3wnie\u017c robi\u0107 wra\u017cenie. Czas pandemii wyra\u017anie pokaza\u0142 nam, \u017ce trzeba by\u0107 przygotowanym na r\u00f3\u017cne zmiany. Podejmujemy wi\u0119c wyzwanie i zamiast odcina\u0107 kupony od&nbsp;<\/p>\n<p><a class=\"btn btn-style\" href=\"https:\/\/archiwum.kortowiada.pl\/2022\/kortowiada-2022-idzie-nowe\/\">Czytaj wi\u0119cej<\/a><\/p>\n","protected":false},"author":9,"featured_media":2430,"comment_status":"open","ping_status":"open","sticky":false,"template":"","format":"standard","meta":[],"categories":[43],"tags":[56,72,73,47,74,70],"yoast_head":"<!-- This site is optimized with the Yoast SEO plugin v19.6.1 - https:\/\/yoast.com\/wordpress\/plugins\/seo\/ -->\n<title>Kortowiada 2022: idzie nowe! - Kortowiada - najwi\u0119kszy festiwal studencki w Polsce<\/title>\n<meta name=\"robots\" content=\"index, follow, max-snippet:-1, max-image-preview:large, max-video-preview:-1\" \/>\n<link rel=\"canonical\" href=\"https:\/\/archiwum.kortowiada.pl\/2022\/kortowiada-2022-idzie-nowe\/\" \/>\n<meta property=\"og:locale\" content=\"pl_PL\" \/>\n<meta property=\"og:type\" content=\"article\" \/>\n<meta property=\"og:title\" content=\"Kortowiada 2022: idzie nowe! - Kortowiada - najwi\u0119kszy festiwal studencki w Polsce\" \/>\n<meta property=\"og:description\" content=\"Pi\u0119tnastu artyst\u00f3w na du\u017cej scenie, cztery dni Silent Party i jedyne tak wyj\u0105tkowe miejsce na mapie Polski: Kortowo. Tak wygl\u0105da podstawowy przepis na Kortowiad\u0119 2022. Ale na tym nie koniec! Dodatki b\u0119d\u0105 r\u00f3wnie\u017c robi\u0107 wra\u017cenie. Czas pandemii wyra\u017anie pokaza\u0142 nam, \u017ce trzeba by\u0107 przygotowanym na r\u00f3\u017cne zmiany. Podejmujemy wi\u0119c wyzwanie i zamiast odcina\u0107 kupony od&nbsp;Czytaj wi\u0119cej\" \/>\n<meta property=\"og:url\" content=\"https:\/\/archiwum.kortowiada.pl\/2022\/kortowiada-2022-idzie-nowe\/\" \/>\n<meta property=\"og:site_name\" content=\"Kortowiada - najwi\u0119kszy festiwal studencki w Polsce\" \/>\n<meta property=\"article:publisher\" content=\"https:\/\/www.facebook.com\/kortowiadafestiwal\" \/>\n<meta property=\"article:published_time\" content=\"2022-01-11T09:58:22+00:00\" \/>\n<meta property=\"article:modified_time\" content=\"2022-01-11T10:59:34+00:00\" \/>\n<meta property=\"og:image\" content=\"https:\/\/archiwum.kortowiada.pl\/2022\/wp-content\/uploads\/2022\/01\/Wydarzenie-PNG-1.png\" \/>\n\t<meta property=\"og:image:width\" content=\"1200\" \/>\n\t<meta property=\"og:image:height\" content=\"628\" \/>\n\t<meta property=\"og:image:type\" content=\"image\/png\" \/>\n<meta name=\"author\" content=\"Daria Bruszewska\" \/>\n<meta name=\"twitter:card\" content=\"summary_large_image\" \/>\n<meta name=\"twitter:label1\" content=\"Napisane przez\" \/>\n\t<meta name=\"twitter:data1\" content=\"Daria Bruszewska\" \/>\n\t<meta name=\"twitter:label2\" content=\"Szacowany czas czytania\" \/>\n\t<meta name=\"twitter:data2\" content=\"4 minuty\" \/>\n<script type=\"application\/ld+json\" class=\"yoast-schema-graph\">{\"@context\":\"https:\/\/schema.org\",\"@graph\":[{\"@type\":\"Article\",\"@id\":\"https:\/\/archiwum.kortowiada.pl\/2022\/kortowiada-2022-idzie-nowe\/#article\",\"isPartOf\":{\"@id\":\"https:\/\/archiwum.kortowiada.pl\/2022\/kortowiada-2022-idzie-nowe\/\"},\"author\":{\"name\":\"Daria Bruszewska\",\"@id\":\"https:\/\/archiwum.kortowiada.pl\/2022\/#\/schema\/person\/203bdca03dc88232ceae13557ea4cb25\"},\"headline\":\"Kortowiada 2022: idzie nowe!\",\"datePublished\":\"2022-01-11T09:58:22+00:00\",\"dateModified\":\"2022-01-11T10:59:34+00:00\",\"mainEntityOfPage\":{\"@id\":\"https:\/\/archiwum.kortowiada.pl\/2022\/kortowiada-2022-idzie-nowe\/\"},\"wordCount\":622,\"commentCount\":0,\"publisher\":{\"@id\":\"https:\/\/archiwum.kortowiada.pl\/2022\/#organization\"},\"keywords\":[\"juwenalia olszty\u0144skie\",\"Kortowiada 2022\",\"Kortowo\",\"Olsztyn\",\"Uniwersytet Warmi\u0144sko-Mazurski w Olsztynie\",\"uwm\"],\"articleSection\":[\"Kortowiada 2022\"],\"inLanguage\":\"pl-PL\",\"potentialAction\":[{\"@type\":\"CommentAction\",\"name\":\"Comment\",\"target\":[\"https:\/\/archiwum.kortowiada.pl\/2022\/kortowiada-2022-idzie-nowe\/#respond\"]}]},{\"@type\":\"WebPage\",\"@id\":\"https:\/\/archiwum.kortowiada.pl\/2022\/kortowiada-2022-idzie-nowe\/\",\"url\":\"https:\/\/archiwum.kortowiada.pl\/2022\/kortowiada-2022-idzie-nowe\/\",\"name\":\"Kortowiada 2022: idzie nowe! - Kortowiada - najwi\u0119kszy festiwal studencki w Polsce\",\"isPartOf\":{\"@id\":\"https:\/\/archiwum.kortowiada.pl\/2022\/#website\"},\"datePublished\":\"2022-01-11T09:58:22+00:00\",\"dateModified\":\"2022-01-11T10:59:34+00:00\",\"breadcrumb\":{\"@id\":\"https:\/\/archiwum.kortowiada.pl\/2022\/kortowiada-2022-idzie-nowe\/#breadcrumb\"},\"inLanguage\":\"pl-PL\",\"potentialAction\":[{\"@type\":\"ReadAction\",\"target\":[\"https:\/\/archiwum.kortowiada.pl\/2022\/kortowiada-2022-idzie-nowe\/\"]}]},{\"@type\":\"BreadcrumbList\",\"@id\":\"https:\/\/archiwum.kortowiada.pl\/2022\/kortowiada-2022-idzie-nowe\/#breadcrumb\",\"itemListElement\":[{\"@type\":\"ListItem\",\"position\":1,\"name\":\"Strona g\u0142\u00f3wna\",\"item\":\"https:\/\/archiwum.kortowiada.pl\/2022\/\"},{\"@type\":\"ListItem\",\"position\":2,\"name\":\"Kortowiada 2022: idzie nowe!\"}]},{\"@type\":\"WebSite\",\"@id\":\"https:\/\/archiwum.kortowiada.pl\/2022\/#website\",\"url\":\"https:\/\/archiwum.kortowiada.pl\/2022\/\",\"name\":\"Kortowiada - najwi\u0119kszy festiwal studencki w Polsce\",\"description\":\"1-4 czerwca 2022, 61. edycja - juwenalia Olsztyn\",\"publisher\":{\"@id\":\"https:\/\/archiwum.kortowiada.pl\/2022\/#organization\"},\"potentialAction\":[{\"@type\":\"SearchAction\",\"target\":{\"@type\":\"EntryPoint\",\"urlTemplate\":\"https:\/\/archiwum.kortowiada.pl\/2022\/?s={search_term_string}\"},\"query-input\":\"required name=search_term_string\"}],\"inLanguage\":\"pl-PL\"},{\"@type\":\"Organization\",\"@id\":\"https:\/\/archiwum.kortowiada.pl\/2022\/#organization\",\"name\":\"Kortowiada\",\"url\":\"https:\/\/archiwum.kortowiada.pl\/2022\/\",\"sameAs\":[\"https:\/\/www.instagram.com\/kortowiada\/?hl=pl\",\"https:\/\/www.youtube.com\/channel\/UCZpuhjpJ2XlHxcbT4N2oyFQ\",\"https:\/\/www.facebook.com\/kortowiadafestiwal\"],\"logo\":{\"@type\":\"ImageObject\",\"inLanguage\":\"pl-PL\",\"@id\":\"https:\/\/archiwum.kortowiada.pl\/2022\/#\/schema\/logo\/image\/\",\"url\":\"https:\/\/kortowiada.pl\/wp-content\/uploads\/2021\/05\/favig.png\",\"contentUrl\":\"https:\/\/kortowiada.pl\/wp-content\/uploads\/2021\/05\/favig.png\",\"width\":1080,\"height\":1080,\"caption\":\"Kortowiada\"},\"image\":{\"@id\":\"https:\/\/archiwum.kortowiada.pl\/2022\/#\/schema\/logo\/image\/\"}},{\"@type\":\"Person\",\"@id\":\"https:\/\/archiwum.kortowiada.pl\/2022\/#\/schema\/person\/203bdca03dc88232ceae13557ea4cb25\",\"name\":\"Daria Bruszewska\",\"image\":{\"@type\":\"ImageObject\",\"inLanguage\":\"pl-PL\",\"@id\":\"https:\/\/archiwum.kortowiada.pl\/2022\/#\/schema\/person\/image\/\",\"url\":\"https:\/\/secure.gravatar.com\/avatar\/4071c0be1102ef11730c77465d7d8936?s=96&d=mm&r=g\",\"contentUrl\":\"https:\/\/secure.gravatar.com\/avatar\/4071c0be1102ef11730c77465d7d8936?s=96&d=mm&r=g\",\"caption\":\"Daria Bruszewska\"},\"url\":\"https:\/\/archiwum.kortowiada.pl\/2022\/author\/daria\/\"}]}<\/script>\n<!-- \/ Yoast SEO plugin. -->","yoast_head_json":{"title":"Kortowiada 2022: idzie nowe! - Kortowiada - najwi\u0119kszy festiwal studencki w Polsce","robots":{"index":"index","follow":"follow","max-snippet":"max-snippet:-1","max-image-preview":"max-image-preview:large","max-video-preview":"max-video-preview:-1"},"canonical":"https:\/\/archiwum.kortowiada.pl\/2022\/kortowiada-2022-idzie-nowe\/","og_locale":"pl_PL","og_type":"article","og_title":"Kortowiada 2022: idzie nowe! - Kortowiada - najwi\u0119kszy festiwal studencki w Polsce","og_description":"Pi\u0119tnastu artyst\u00f3w na du\u017cej scenie, cztery dni Silent Party i jedyne tak wyj\u0105tkowe miejsce na mapie Polski: Kortowo. Tak wygl\u0105da podstawowy przepis na Kortowiad\u0119 2022. Ale na tym nie koniec! Dodatki b\u0119d\u0105 r\u00f3wnie\u017c robi\u0107 wra\u017cenie. Czas pandemii wyra\u017anie pokaza\u0142 nam, \u017ce trzeba by\u0107 przygotowanym na r\u00f3\u017cne zmiany. Podejmujemy wi\u0119c wyzwanie i zamiast odcina\u0107 kupony od&nbsp;Czytaj wi\u0119cej","og_url":"https:\/\/archiwum.kortowiada.pl\/2022\/kortowiada-2022-idzie-nowe\/","og_site_name":"Kortowiada - najwi\u0119kszy festiwal studencki w Polsce","article_publisher":"https:\/\/www.facebook.com\/kortowiadafestiwal","article_published_time":"2022-01-11T09:58:22+00:00","article_modified_time":"2022-01-11T10:59:34+00:00","og_image":[{"width":1200,"height":628,"url":"https:\/\/archiwum.kortowiada.pl\/2022\/wp-content\/uploads\/2022\/01\/Wydarzenie-PNG-1.png","type":"image\/png"}],"author":"Daria Bruszewska","twitter_card":"summary_large_image","twitter_misc":{"Napisane przez":"Daria Bruszewska","Szacowany czas czytania":"4 minuty"},"schema":{"@context":"https:\/\/schema.org","@graph":[{"@type":"Article","@id":"https:\/\/archiwum.kortowiada.pl\/2022\/kortowiada-2022-idzie-nowe\/#article","isPartOf":{"@id":"https:\/\/archiwum.kortowiada.pl\/2022\/kortowiada-2022-idzie-nowe\/"},"author":{"name":"Daria Bruszewska","@id":"https:\/\/archiwum.kortowiada.pl\/2022\/#\/schema\/person\/203bdca03dc88232ceae13557ea4cb25"},"headline":"Kortowiada 2022: idzie nowe!","datePublished":"2022-01-11T09:58:22+00:00","dateModified":"2022-01-11T10:59:34+00:00","mainEntityOfPage":{"@id":"https:\/\/archiwum.kortowiada.pl\/2022\/kortowiada-2022-idzie-nowe\/"},"wordCount":622,"commentCount":0,"publisher":{"@id":"https:\/\/archiwum.kortowiada.pl\/2022\/#organization"},"keywords":["juwenalia olszty\u0144skie","Kortowiada 2022","Kortowo","Olsztyn","Uniwersytet Warmi\u0144sko-Mazurski w Olsztynie","uwm"],"articleSection":["Kortowiada 2022"],"inLanguage":"pl-PL","potentialAction":[{"@type":"CommentAction","name":"Comment","target":["https:\/\/archiwum.kortowiada.pl\/2022\/kortowiada-2022-idzie-nowe\/#respond"]}]},{"@type":"WebPage","@id":"https:\/\/archiwum.kortowiada.pl\/2022\/kortowiada-2022-idzie-nowe\/","url":"https:\/\/archiwum.kortowiada.pl\/2022\/kortowiada-2022-idzie-nowe\/","name":"Kortowiada 2022: idzie nowe! - Kortowiada - najwi\u0119kszy festiwal studencki w Polsce","isPartOf":{"@id":"https:\/\/archiwum.kortowiada.pl\/2022\/#website"},"datePublished":"2022-01-11T09:58:22+00:00","dateModified":"2022-01-11T10:59:34+00:00","breadcrumb":{"@id":"https:\/\/archiwum.kortowiada.pl\/2022\/kortowiada-2022-idzie-nowe\/#breadcrumb"},"inLanguage":"pl-PL","potentialAction":[{"@type":"ReadAction","target":["https:\/\/archiwum.kortowiada.pl\/2022\/kortowiada-2022-idzie-nowe\/"]}]},{"@type":"BreadcrumbList","@id":"https:\/\/archiwum.kortowiada.pl\/2022\/kortowiada-2022-idzie-nowe\/#breadcrumb","itemListElement":[{"@type":"ListItem","position":1,"name":"Strona g\u0142\u00f3wna","item":"https:\/\/archiwum.kortowiada.pl\/2022\/"},{"@type":"ListItem","position":2,"name":"Kortowiada 2022: idzie nowe!"}]},{"@type":"WebSite","@id":"https:\/\/archiwum.kortowiada.pl\/2022\/#website","url":"https:\/\/archiwum.kortowiada.pl\/2022\/","name":"Kortowiada - najwi\u0119kszy festiwal studencki w Polsce","description":"1-4 czerwca 2022, 61. edycja - juwenalia Olsztyn","publisher":{"@id":"https:\/\/archiwum.kortowiada.pl\/2022\/#organization"},"potentialAction":[{"@type":"SearchAction","target":{"@type":"EntryPoint","urlTemplate":"https:\/\/archiwum.kortowiada.pl\/2022\/?s={search_term_string}"},"query-input":"required name=search_term_string"}],"inLanguage":"pl-PL"},{"@type":"Organization","@id":"https:\/\/archiwum.kortowiada.pl\/2022\/#organization","name":"Kortowiada","url":"https:\/\/archiwum.kortowiada.pl\/2022\/","sameAs":["https:\/\/www.instagram.com\/kortowiada\/?hl=pl","https:\/\/www.youtube.com\/channel\/UCZpuhjpJ2XlHxcbT4N2oyFQ","https:\/\/www.facebook.com\/kortowiadafestiwal"],"logo":{"@type":"ImageObject","inLanguage":"pl-PL","@id":"https:\/\/archiwum.kortowiada.pl\/2022\/#\/schema\/logo\/image\/","url":"https:\/\/kortowiada.pl\/wp-content\/uploads\/2021\/05\/favig.png","contentUrl":"https:\/\/kortowiada.pl\/wp-content\/uploads\/2021\/05\/favig.png","width":1080,"height":1080,"caption":"Kortowiada"},"image":{"@id":"https:\/\/archiwum.kortowiada.pl\/2022\/#\/schema\/logo\/image\/"}},{"@type":"Person","@id":"https:\/\/archiwum.kortowiada.pl\/2022\/#\/schema\/person\/203bdca03dc88232ceae13557ea4cb25","name":"Daria Bruszewska","image":{"@type":"ImageObject","inLanguage":"pl-PL","@id":"https:\/\/archiwum.kortowiada.pl\/2022\/#\/schema\/person\/image\/","url":"https:\/\/secure.gravatar.com\/avatar\/4071c0be1102ef11730c77465d7d8936?s=96&d=mm&r=g","contentUrl":"https:\/\/secure.gravatar.com\/avatar\/4071c0be1102ef11730c77465d7d8936?s=96&d=mm&r=g","caption":"Daria Bruszewska"},"url":"https:\/\/archiwum.kortowiada.pl\/2022\/author\/daria\/"}]}},"_links":{"self":[{"href":"https:\/\/archiwum.kortowiada.pl\/2022\/wp-json\/wp\/v2\/posts\/2429"}],"collection":[{"href":"https:\/\/archiwum.kortowiada.pl\/2022\/wp-json\/wp\/v2\/posts"}],"about":[{"href":"https:\/\/archiwum.kortowiada.pl\/2022\/wp-json\/wp\/v2\/types\/post"}],"author":[{"embeddable":true,"href":"https:\/\/archiwum.kortowiada.pl\/2022\/wp-json\/wp\/v2\/users\/9"}],"replies":[{"embeddable":true,"href":"https:\/\/archiwum.kortowiada.pl\/2022\/wp-json\/wp\/v2\/comments?post=2429"}],"version-history":[{"count":2,"href":"https:\/\/archiwum.kortowiada.pl\/2022\/wp-json\/wp\/v2\/posts\/2429\/revisions"}],"predecessor-version":[{"id":2432,"href":"https:\/\/archiwum.kortowiada.pl\/2022\/wp-json\/wp\/v2\/posts\/2429\/revisions\/2432"}],"wp:featuredmedia":[{"embeddable":true,"href":"https:\/\/archiwum.kortowiada.pl\/2022\/wp-json\/wp\/v2\/media\/2430"}],"wp:attachment":[{"href":"https:\/\/archiwum.kortowiada.pl\/2022\/wp-json\/wp\/v2\/media?parent=2429"}],"wp:term":[{"taxonomy":"category","embeddable":true,"href":"https:\/\/archiwum.kortowiada.pl\/2022\/wp-json\/wp\/v2\/categories?post=2429"},{"taxonomy":"post_tag","embeddable":true,"href":"https:\/\/archiwum.kortowiada.pl\/2022\/wp-json\/wp\/v2\/tags?post=2429"}],"curies":[{"name":"wp","href":"https:\/\/api.w.org\/{rel}","templated":true}]}}