{"id":2457,"date":"2022-01-14T17:14:12","date_gmt":"2022-01-14T16:14:12","guid":{"rendered":"https:\/\/kortowiada.pl\/?p=2457"},"modified":"2022-01-14T17:14:12","modified_gmt":"2022-01-14T16:14:12","slug":"gadzety-green-camp-juz-w-sprzedazy","status":"publish","type":"post","link":"https:\/\/archiwum.kortowiada.pl\/2022\/gadzety-green-camp-juz-w-sprzedazy\/","title":{"rendered":"Gad\u017cety Green Camp ju\u017c w sprzeda\u017cy"},"content":{"rendered":"<p style=\"text-align: justify;\"><strong>Do Kortowiady zosta\u0142o jeszcze kilka miesi\u0119cy, ale to nie pow\u00f3d, \u017ceby nie zacz\u0105\u0107 powoli wczuwa\u0107 si\u0119 w atmosfer\u0119 wydarzenia. Co mo\u017ce Wam w tym pom\u00f3c? Gad\u017cety Green Camp, oczywi\u015bcie!<\/strong><\/p>\n<p style=\"text-align: justify;\">Logo Kortowiady, przypominaj\u0105ce o poprzednich jej edycjach i b\u0119d\u0105ce obietnic\u0105 dobrej zabawy podczas nadchodz\u0105cych juwenali\u00f3w, mo\u017ce Wam towarzyszy\u0107 w niemal ka\u017cdej sytuacji.<\/p>\n<p style=\"text-align: justify;\">Projektuj\u0105c gad\u017cety, du\u017c\u0105 uwag\u0119 zwracamy na ich praktyczno\u015b\u0107. Nasze torby, worki i plecaki pomieszcz\u0105 wi\u0119c to, co przyda si\u0119 podczas festiwalu. Zapakowa\u0107 mo\u017cecie do nich tak\u017ce termos czy kubek z logo kortowskiego festiwalu, a nawet specjalny pojemnik na jogurt i muesli. Stawiamy na rozwi\u0105zania ekologiczne, dlatego przygotowali\u015bmy te\u017c wielorazowe s\u0142omki czy butelki. U\u017cywaj\u0105c ich, pozwolicie odetchn\u0105\u0107 przyrodzie.<\/p>\n<p style=\"text-align: justify;\">W naszej ofercie znajdziecie tak\u017ce koszulki, okulary oraz inne gad\u017cety, dzi\u0119ki kt\u00f3rym o Kortowiadzie b\u0119dzie pami\u0119ta\u0107 przez ca\u0142y rok!<\/p>\n<p style=\"text-align: justify;\">Wszystkie przedmioty dost\u0119pne w sprzeda\u017cy oraz dodatkowe informacje w sprawie sposobu sk\u0142adania zam\u00f3wie\u0144 znajdziecie na stronie: <a href=\"https:\/\/sklep.kortowiada.pl\/\">https:\/\/sklep.kortowiada.pl\/<\/a>.<\/p>\n","protected":false},"excerpt":{"rendered":"<p>Do Kortowiady zosta\u0142o jeszcze kilka miesi\u0119cy, ale to nie pow\u00f3d, \u017ceby nie zacz\u0105\u0107 powoli wczuwa\u0107 si\u0119 w atmosfer\u0119 wydarzenia. Co mo\u017ce Wam w tym pom\u00f3c? Gad\u017cety Green Camp, oczywi\u015bcie! Logo Kortowiady, przypominaj\u0105ce o poprzednich jej edycjach i b\u0119d\u0105ce obietnic\u0105 dobrej zabawy podczas nadchodz\u0105cych juwenali\u00f3w, mo\u017ce Wam towarzyszy\u0107 w niemal ka\u017cdej sytuacji. Projektuj\u0105c gad\u017cety, du\u017c\u0105 uwag\u0119&nbsp;<\/p>\n<p><a class=\"btn btn-style\" href=\"https:\/\/archiwum.kortowiada.pl\/2022\/gadzety-green-camp-juz-w-sprzedazy\/\">Czytaj wi\u0119cej<\/a><\/p>\n","protected":false},"author":2,"featured_media":2458,"comment_status":"open","ping_status":"open","sticky":false,"template":"","format":"standard","meta":[],"categories":[43],"tags":[],"yoast_head":"<!-- This site is optimized with the Yoast SEO plugin v19.6.1 - https:\/\/yoast.com\/wordpress\/plugins\/seo\/ -->\n<title>Gad\u017cety Green Camp ju\u017c w sprzeda\u017cy - Kortowiada - najwi\u0119kszy festiwal studencki w Polsce<\/title>\n<meta name=\"robots\" content=\"index, follow, max-snippet:-1, max-image-preview:large, max-video-preview:-1\" \/>\n<link rel=\"canonical\" href=\"https:\/\/archiwum.kortowiada.pl\/2022\/gadzety-green-camp-juz-w-sprzedazy\/\" \/>\n<meta property=\"og:locale\" content=\"pl_PL\" \/>\n<meta property=\"og:type\" content=\"article\" \/>\n<meta property=\"og:title\" content=\"Gad\u017cety Green Camp ju\u017c w sprzeda\u017cy - Kortowiada - najwi\u0119kszy festiwal studencki w Polsce\" \/>\n<meta property=\"og:description\" content=\"Do Kortowiady zosta\u0142o jeszcze kilka miesi\u0119cy, ale to nie pow\u00f3d, \u017ceby nie zacz\u0105\u0107 powoli wczuwa\u0107 si\u0119 w atmosfer\u0119 wydarzenia. Co mo\u017ce Wam w tym pom\u00f3c? Gad\u017cety Green Camp, oczywi\u015bcie! Logo Kortowiady, przypominaj\u0105ce o poprzednich jej edycjach i b\u0119d\u0105ce obietnic\u0105 dobrej zabawy podczas nadchodz\u0105cych juwenali\u00f3w, mo\u017ce Wam towarzyszy\u0107 w niemal ka\u017cdej sytuacji. Projektuj\u0105c gad\u017cety, du\u017c\u0105 uwag\u0119&nbsp;Czytaj wi\u0119cej\" \/>\n<meta property=\"og:url\" content=\"https:\/\/archiwum.kortowiada.pl\/2022\/gadzety-green-camp-juz-w-sprzedazy\/\" \/>\n<meta property=\"og:site_name\" content=\"Kortowiada - najwi\u0119kszy festiwal studencki w Polsce\" \/>\n<meta property=\"article:publisher\" content=\"https:\/\/www.facebook.com\/kortowiadafestiwal\" \/>\n<meta property=\"article:published_time\" content=\"2022-01-14T16:14:12+00:00\" \/>\n<meta property=\"og:image\" content=\"https:\/\/archiwum.kortowiada.pl\/2022\/wp-content\/uploads\/2022\/01\/1.jpg\" \/>\n\t<meta property=\"og:image:width\" content=\"2048\" \/>\n\t<meta property=\"og:image:height\" content=\"1365\" \/>\n\t<meta property=\"og:image:type\" content=\"image\/jpeg\" \/>\n<meta name=\"author\" content=\"Kortowiada\" \/>\n<meta name=\"twitter:card\" content=\"summary_large_image\" \/>\n<meta name=\"twitter:label1\" content=\"Napisane przez\" \/>\n\t<meta name=\"twitter:data1\" content=\"Kortowiada\" \/>\n\t<meta name=\"twitter:label2\" content=\"Szacowany czas czytania\" \/>\n\t<meta name=\"twitter:data2\" content=\"1 minuta\" \/>\n<script type=\"application\/ld+json\" class=\"yoast-schema-graph\">{\"@context\":\"https:\/\/schema.org\",\"@graph\":[{\"@type\":\"Article\",\"@id\":\"https:\/\/archiwum.kortowiada.pl\/2022\/gadzety-green-camp-juz-w-sprzedazy\/#article\",\"isPartOf\":{\"@id\":\"https:\/\/archiwum.kortowiada.pl\/2022\/gadzety-green-camp-juz-w-sprzedazy\/\"},\"author\":{\"name\":\"Kortowiada\",\"@id\":\"https:\/\/archiwum.kortowiada.pl\/2022\/#\/schema\/person\/e671ad89eec9d32e140f48c43af320cd\"},\"headline\":\"Gad\u017cety Green Camp ju\u017c w sprzeda\u017cy\",\"datePublished\":\"2022-01-14T16:14:12+00:00\",\"dateModified\":\"2022-01-14T16:14:12+00:00\",\"mainEntityOfPage\":{\"@id\":\"https:\/\/archiwum.kortowiada.pl\/2022\/gadzety-green-camp-juz-w-sprzedazy\/\"},\"wordCount\":190,\"commentCount\":0,\"publisher\":{\"@id\":\"https:\/\/archiwum.kortowiada.pl\/2022\/#organization\"},\"articleSection\":[\"Kortowiada 2022\"],\"inLanguage\":\"pl-PL\",\"potentialAction\":[{\"@type\":\"CommentAction\",\"name\":\"Comment\",\"target\":[\"https:\/\/archiwum.kortowiada.pl\/2022\/gadzety-green-camp-juz-w-sprzedazy\/#respond\"]}]},{\"@type\":\"WebPage\",\"@id\":\"https:\/\/archiwum.kortowiada.pl\/2022\/gadzety-green-camp-juz-w-sprzedazy\/\",\"url\":\"https:\/\/archiwum.kortowiada.pl\/2022\/gadzety-green-camp-juz-w-sprzedazy\/\",\"name\":\"Gad\u017cety Green Camp ju\u017c w sprzeda\u017cy - Kortowiada - najwi\u0119kszy festiwal studencki w Polsce\",\"isPartOf\":{\"@id\":\"https:\/\/archiwum.kortowiada.pl\/2022\/#website\"},\"datePublished\":\"2022-01-14T16:14:12+00:00\",\"dateModified\":\"2022-01-14T16:14:12+00:00\",\"breadcrumb\":{\"@id\":\"https:\/\/archiwum.kortowiada.pl\/2022\/gadzety-green-camp-juz-w-sprzedazy\/#breadcrumb\"},\"inLanguage\":\"pl-PL\",\"potentialAction\":[{\"@type\":\"ReadAction\",\"target\":[\"https:\/\/archiwum.kortowiada.pl\/2022\/gadzety-green-camp-juz-w-sprzedazy\/\"]}]},{\"@type\":\"BreadcrumbList\",\"@id\":\"https:\/\/archiwum.kortowiada.pl\/2022\/gadzety-green-camp-juz-w-sprzedazy\/#breadcrumb\",\"itemListElement\":[{\"@type\":\"ListItem\",\"position\":1,\"name\":\"Strona g\u0142\u00f3wna\",\"item\":\"https:\/\/archiwum.kortowiada.pl\/2022\/\"},{\"@type\":\"ListItem\",\"position\":2,\"name\":\"Gad\u017cety Green Camp ju\u017c w sprzeda\u017cy\"}]},{\"@type\":\"WebSite\",\"@id\":\"https:\/\/archiwum.kortowiada.pl\/2022\/#website\",\"url\":\"https:\/\/archiwum.kortowiada.pl\/2022\/\",\"name\":\"Kortowiada - najwi\u0119kszy festiwal studencki w Polsce\",\"description\":\"1-4 czerwca 2022, 61. edycja - juwenalia Olsztyn\",\"publisher\":{\"@id\":\"https:\/\/archiwum.kortowiada.pl\/2022\/#organization\"},\"potentialAction\":[{\"@type\":\"SearchAction\",\"target\":{\"@type\":\"EntryPoint\",\"urlTemplate\":\"https:\/\/archiwum.kortowiada.pl\/2022\/?s={search_term_string}\"},\"query-input\":\"required name=search_term_string\"}],\"inLanguage\":\"pl-PL\"},{\"@type\":\"Organization\",\"@id\":\"https:\/\/archiwum.kortowiada.pl\/2022\/#organization\",\"name\":\"Kortowiada\",\"url\":\"https:\/\/archiwum.kortowiada.pl\/2022\/\",\"sameAs\":[\"https:\/\/www.instagram.com\/kortowiada\/?hl=pl\",\"https:\/\/www.youtube.com\/channel\/UCZpuhjpJ2XlHxcbT4N2oyFQ\",\"https:\/\/www.facebook.com\/kortowiadafestiwal\"],\"logo\":{\"@type\":\"ImageObject\",\"inLanguage\":\"pl-PL\",\"@id\":\"https:\/\/archiwum.kortowiada.pl\/2022\/#\/schema\/logo\/image\/\",\"url\":\"https:\/\/kortowiada.pl\/wp-content\/uploads\/2021\/05\/favig.png\",\"contentUrl\":\"https:\/\/kortowiada.pl\/wp-content\/uploads\/2021\/05\/favig.png\",\"width\":1080,\"height\":1080,\"caption\":\"Kortowiada\"},\"image\":{\"@id\":\"https:\/\/archiwum.kortowiada.pl\/2022\/#\/schema\/logo\/image\/\"}},{\"@type\":\"Person\",\"@id\":\"https:\/\/archiwum.kortowiada.pl\/2022\/#\/schema\/person\/e671ad89eec9d32e140f48c43af320cd\",\"name\":\"Kortowiada\",\"image\":{\"@type\":\"ImageObject\",\"inLanguage\":\"pl-PL\",\"@id\":\"https:\/\/archiwum.kortowiada.pl\/2022\/#\/schema\/person\/image\/\",\"url\":\"https:\/\/secure.gravatar.com\/avatar\/c43c3883d14f3da53409235010639358?s=96&d=mm&r=g\",\"contentUrl\":\"https:\/\/secure.gravatar.com\/avatar\/c43c3883d14f3da53409235010639358?s=96&d=mm&r=g\",\"caption\":\"Kortowiada\"},\"url\":\"https:\/\/archiwum.kortowiada.pl\/2022\/author\/tymoteusz\/\"}]}<\/script>\n<!-- \/ Yoast SEO plugin. -->","yoast_head_json":{"title":"Gad\u017cety Green Camp ju\u017c w sprzeda\u017cy - Kortowiada - najwi\u0119kszy festiwal studencki w Polsce","robots":{"index":"index","follow":"follow","max-snippet":"max-snippet:-1","max-image-preview":"max-image-preview:large","max-video-preview":"max-video-preview:-1"},"canonical":"https:\/\/archiwum.kortowiada.pl\/2022\/gadzety-green-camp-juz-w-sprzedazy\/","og_locale":"pl_PL","og_type":"article","og_title":"Gad\u017cety Green Camp ju\u017c w sprzeda\u017cy - Kortowiada - najwi\u0119kszy festiwal studencki w Polsce","og_description":"Do Kortowiady zosta\u0142o jeszcze kilka miesi\u0119cy, ale to nie pow\u00f3d, \u017ceby nie zacz\u0105\u0107 powoli wczuwa\u0107 si\u0119 w atmosfer\u0119 wydarzenia. Co mo\u017ce Wam w tym pom\u00f3c? Gad\u017cety Green Camp, oczywi\u015bcie! Logo Kortowiady, przypominaj\u0105ce o poprzednich jej edycjach i b\u0119d\u0105ce obietnic\u0105 dobrej zabawy podczas nadchodz\u0105cych juwenali\u00f3w, mo\u017ce Wam towarzyszy\u0107 w niemal ka\u017cdej sytuacji. Projektuj\u0105c gad\u017cety, du\u017c\u0105 uwag\u0119&nbsp;Czytaj wi\u0119cej","og_url":"https:\/\/archiwum.kortowiada.pl\/2022\/gadzety-green-camp-juz-w-sprzedazy\/","og_site_name":"Kortowiada - najwi\u0119kszy festiwal studencki w Polsce","article_publisher":"https:\/\/www.facebook.com\/kortowiadafestiwal","article_published_time":"2022-01-14T16:14:12+00:00","og_image":[{"width":2048,"height":1365,"url":"https:\/\/archiwum.kortowiada.pl\/2022\/wp-content\/uploads\/2022\/01\/1.jpg","type":"image\/jpeg"}],"author":"Kortowiada","twitter_card":"summary_large_image","twitter_misc":{"Napisane przez":"Kortowiada","Szacowany czas czytania":"1 minuta"},"schema":{"@context":"https:\/\/schema.org","@graph":[{"@type":"Article","@id":"https:\/\/archiwum.kortowiada.pl\/2022\/gadzety-green-camp-juz-w-sprzedazy\/#article","isPartOf":{"@id":"https:\/\/archiwum.kortowiada.pl\/2022\/gadzety-green-camp-juz-w-sprzedazy\/"},"author":{"name":"Kortowiada","@id":"https:\/\/archiwum.kortowiada.pl\/2022\/#\/schema\/person\/e671ad89eec9d32e140f48c43af320cd"},"headline":"Gad\u017cety Green Camp ju\u017c w sprzeda\u017cy","datePublished":"2022-01-14T16:14:12+00:00","dateModified":"2022-01-14T16:14:12+00:00","mainEntityOfPage":{"@id":"https:\/\/archiwum.kortowiada.pl\/2022\/gadzety-green-camp-juz-w-sprzedazy\/"},"wordCount":190,"commentCount":0,"publisher":{"@id":"https:\/\/archiwum.kortowiada.pl\/2022\/#organization"},"articleSection":["Kortowiada 2022"],"inLanguage":"pl-PL","potentialAction":[{"@type":"CommentAction","name":"Comment","target":["https:\/\/archiwum.kortowiada.pl\/2022\/gadzety-green-camp-juz-w-sprzedazy\/#respond"]}]},{"@type":"WebPage","@id":"https:\/\/archiwum.kortowiada.pl\/2022\/gadzety-green-camp-juz-w-sprzedazy\/","url":"https:\/\/archiwum.kortowiada.pl\/2022\/gadzety-green-camp-juz-w-sprzedazy\/","name":"Gad\u017cety Green Camp ju\u017c w sprzeda\u017cy - Kortowiada - najwi\u0119kszy festiwal studencki w Polsce","isPartOf":{"@id":"https:\/\/archiwum.kortowiada.pl\/2022\/#website"},"datePublished":"2022-01-14T16:14:12+00:00","dateModified":"2022-01-14T16:14:12+00:00","breadcrumb":{"@id":"https:\/\/archiwum.kortowiada.pl\/2022\/gadzety-green-camp-juz-w-sprzedazy\/#breadcrumb"},"inLanguage":"pl-PL","potentialAction":[{"@type":"ReadAction","target":["https:\/\/archiwum.kortowiada.pl\/2022\/gadzety-green-camp-juz-w-sprzedazy\/"]}]},{"@type":"BreadcrumbList","@id":"https:\/\/archiwum.kortowiada.pl\/2022\/gadzety-green-camp-juz-w-sprzedazy\/#breadcrumb","itemListElement":[{"@type":"ListItem","position":1,"name":"Strona g\u0142\u00f3wna","item":"https:\/\/archiwum.kortowiada.pl\/2022\/"},{"@type":"ListItem","position":2,"name":"Gad\u017cety Green Camp ju\u017c w sprzeda\u017cy"}]},{"@type":"WebSite","@id":"https:\/\/archiwum.kortowiada.pl\/2022\/#website","url":"https:\/\/archiwum.kortowiada.pl\/2022\/","name":"Kortowiada - najwi\u0119kszy festiwal studencki w Polsce","description":"1-4 czerwca 2022, 61. edycja - juwenalia Olsztyn","publisher":{"@id":"https:\/\/archiwum.kortowiada.pl\/2022\/#organization"},"potentialAction":[{"@type":"SearchAction","target":{"@type":"EntryPoint","urlTemplate":"https:\/\/archiwum.kortowiada.pl\/2022\/?s={search_term_string}"},"query-input":"required name=search_term_string"}],"inLanguage":"pl-PL"},{"@type":"Organization","@id":"https:\/\/archiwum.kortowiada.pl\/2022\/#organization","name":"Kortowiada","url":"https:\/\/archiwum.kortowiada.pl\/2022\/","sameAs":["https:\/\/www.instagram.com\/kortowiada\/?hl=pl","https:\/\/www.youtube.com\/channel\/UCZpuhjpJ2XlHxcbT4N2oyFQ","https:\/\/www.facebook.com\/kortowiadafestiwal"],"logo":{"@type":"ImageObject","inLanguage":"pl-PL","@id":"https:\/\/archiwum.kortowiada.pl\/2022\/#\/schema\/logo\/image\/","url":"https:\/\/kortowiada.pl\/wp-content\/uploads\/2021\/05\/favig.png","contentUrl":"https:\/\/kortowiada.pl\/wp-content\/uploads\/2021\/05\/favig.png","width":1080,"height":1080,"caption":"Kortowiada"},"image":{"@id":"https:\/\/archiwum.kortowiada.pl\/2022\/#\/schema\/logo\/image\/"}},{"@type":"Person","@id":"https:\/\/archiwum.kortowiada.pl\/2022\/#\/schema\/person\/e671ad89eec9d32e140f48c43af320cd","name":"Kortowiada","image":{"@type":"ImageObject","inLanguage":"pl-PL","@id":"https:\/\/archiwum.kortowiada.pl\/2022\/#\/schema\/person\/image\/","url":"https:\/\/secure.gravatar.com\/avatar\/c43c3883d14f3da53409235010639358?s=96&d=mm&r=g","contentUrl":"https:\/\/secure.gravatar.com\/avatar\/c43c3883d14f3da53409235010639358?s=96&d=mm&r=g","caption":"Kortowiada"},"url":"https:\/\/archiwum.kortowiada.pl\/2022\/author\/tymoteusz\/"}]}},"_links":{"self":[{"href":"https:\/\/archiwum.kortowiada.pl\/2022\/wp-json\/wp\/v2\/posts\/2457"}],"collection":[{"href":"https:\/\/archiwum.kortowiada.pl\/2022\/wp-json\/wp\/v2\/posts"}],"about":[{"href":"https:\/\/archiwum.kortowiada.pl\/2022\/wp-json\/wp\/v2\/types\/post"}],"author":[{"embeddable":true,"href":"https:\/\/archiwum.kortowiada.pl\/2022\/wp-json\/wp\/v2\/users\/2"}],"replies":[{"embeddable":true,"href":"https:\/\/archiwum.kortowiada.pl\/2022\/wp-json\/wp\/v2\/comments?post=2457"}],"version-history":[{"count":1,"href":"https:\/\/archiwum.kortowiada.pl\/2022\/wp-json\/wp\/v2\/posts\/2457\/revisions"}],"predecessor-version":[{"id":2459,"href":"https:\/\/archiwum.kortowiada.pl\/2022\/wp-json\/wp\/v2\/posts\/2457\/revisions\/2459"}],"wp:featuredmedia":[{"embeddable":true,"href":"https:\/\/archiwum.kortowiada.pl\/2022\/wp-json\/wp\/v2\/media\/2458"}],"wp:attachment":[{"href":"https:\/\/archiwum.kortowiada.pl\/2022\/wp-json\/wp\/v2\/media?parent=2457"}],"wp:term":[{"taxonomy":"category","embeddable":true,"href":"https:\/\/archiwum.kortowiada.pl\/2022\/wp-json\/wp\/v2\/categories?post=2457"},{"taxonomy":"post_tag","embeddable":true,"href":"https:\/\/archiwum.kortowiada.pl\/2022\/wp-json\/wp\/v2\/tags?post=2457"}],"curies":[{"name":"wp","href":"https:\/\/api.w.org\/{rel}","templated":true}]}}