{"id":2460,"date":"2022-01-15T13:07:44","date_gmt":"2022-01-15T12:07:44","guid":{"rendered":"https:\/\/kortowiada.pl\/?p=2460"},"modified":"2022-01-15T13:07:44","modified_gmt":"2022-01-15T12:07:44","slug":"kaska-sochacka-wystapi-na-kortowiadzie","status":"publish","type":"post","link":"https:\/\/archiwum.kortowiada.pl\/2022\/kaska-sochacka-wystapi-na-kortowiadzie\/","title":{"rendered":"Ka\u015bka Sochacka wyst\u0105pi na Kortowiadzie!"},"content":{"rendered":"<p style=\"text-align: justify;\">Artystka, kt\u00f3r\u0105 fani doceniaj\u0105 nie tylko za g\u0142os, ale i za niebanalne utwory, zagra sw\u00f3j koncert na kortowskiej pla\u017cy 3 czerwca. Ka\u015bka Sochacka zosta\u0142a og\u0142oszona pierwsz\u0105 gwiazd\u0105 Kortowiady 2022.<\/p>\n<p style=\"text-align: justify;\">Ka\u015bka Sochacka da\u0142a si\u0119 pozna\u0107 jako artystka \u015bwiadoma i gotowa podejmowa\u0107 artystyczne wyzwania. Jej singiel \u201eWi\u015bnia&#8221; z debiutanckiej EP-ki o tym samym tytule, kt\u00f3ra ukaza\u0142a si\u0119 nak\u0142adem Jazzboy Records, swoj\u0105 premier\u0119 mia\u0142 w audycji Piotra Stelmacha. Intuicja dziennikarza znanego z dobrego ucha do m\u0142odych wykonawc\u00f3w, nie zawiod\u0142a i tym razem. Potwierdzili to tak\u017ce s\u0142uchacze radia, kt\u00f3rych g\u0142osy zdecydowa\u0142y o tym, \u017ce utw\u00f3r znalaz\u0142 si\u0119 na pierwszym miejscu listy przeboj\u00f3w Tr\u00f3jki.<\/p>\n<p style=\"text-align: justify;\">Pierwszy \u201epe\u0142noprawny\u201d album artystki, zatytu\u0142owany \u201eCiche dni\u201d, ukaza\u0142 si\u0119 26 marca 2021. Wokalistka pozosta\u0142a wierna wytw\u00f3rni, w kt\u00f3rej zadebiutowa\u0142a. Za finalny kszta\u0142t piosenek razem z Ka\u015bk\u0105 odpowiadaj\u0105: Agata Trafalska (pomoc przy tekstach) i Olek \u015awierkot (produkcja) \u2013 tandem, kt\u00f3ry da\u0142 si\u0119 pozna\u0107 przy debiucie Korteza (\u201eBumerang\u201d) i jego drugiej p\u0142ycie (\u201eM\u00f3j dom\u201d). Ka\u015bka jest autork\u0105 wszystkich kompozycji muzycznych.<\/p>\n<p style=\"text-align: justify;\">Osiem miesi\u0119cy po premierze \u201eCichych dni\u201d, artystka by\u0142a gotowa zaprezentowa\u0107 \u015bwiatu kolejn\u0105 p\u0142yt\u0119: \u201eMinistory\u201d. Ten album nale\u017cy ju\u017c traktowa\u0107 nie tylko jako kolejny krok w rozwoju muzycznym, ale te\u017c wyra\u017any sygna\u0142, w kt\u00f3r\u0105 stron\u0119 te kroki zmierzaj\u0105.<\/p>\n<p style=\"text-align: justify;\">Koncert Ka\u015bki Sochackiej podczas Kortowiady 2022 b\u0119dzie gratk\u0105 dla fan\u00f3w wyrafinowanego popu, miejskiego folku i muzyki alternatywnej. I dla tych, kt\u00f3rzy lubi\u0105 to, co niebanalne, oczywi\u015bcie!<\/p>\n<p style=\"text-align: justify;\">Przypomnijmy: 61. edycja Kortowiady odb\u0119dzie si\u0119 w dniach 1-4 czerwca na pla\u017cy kortowskiej. Koncerty na scenie g\u0142\u00f3wnej odbywa\u0107 si\u0119 b\u0119d\u0105 przez trzy dni (czwartek-sobota), a zagra je 15 artyst\u00f3w. Olszty\u0144skie juwenalia to tak\u017ce cztery dni z Silent Party i\u00a0ca\u0142\u0105 gam\u0105 wydarze\u0144 towarzysz\u0105cych. Organizatorami Kortowiady s\u0105 Uniwersytet Warmi\u0144sko-Mazurski w Olsztynie (reprezentowany w tym zakresie przez Rad\u0119 Uczelnian\u0105 Samorz\u0105du Studenckiego) oraz Fundacja Samorz\u0105du Student\u00f3w UWM.<\/p>\n","protected":false},"excerpt":{"rendered":"<p>Artystka, kt\u00f3r\u0105 fani doceniaj\u0105 nie tylko za g\u0142os, ale i za niebanalne utwory, zagra sw\u00f3j koncert na kortowskiej pla\u017cy 3 czerwca. Ka\u015bka Sochacka zosta\u0142a og\u0142oszona pierwsz\u0105 gwiazd\u0105 Kortowiady 2022. Ka\u015bka Sochacka da\u0142a si\u0119 pozna\u0107 jako artystka \u015bwiadoma i gotowa podejmowa\u0107 artystyczne wyzwania. Jej singiel \u201eWi\u015bnia&#8221; z debiutanckiej EP-ki o tym samym tytule, kt\u00f3ra ukaza\u0142a si\u0119&nbsp;<\/p>\n<p><a class=\"btn btn-style\" href=\"https:\/\/archiwum.kortowiada.pl\/2022\/kaska-sochacka-wystapi-na-kortowiadzie\/\">Czytaj wi\u0119cej<\/a><\/p>\n","protected":false},"author":2,"featured_media":2461,"comment_status":"open","ping_status":"open","sticky":false,"template":"","format":"standard","meta":[],"categories":[43],"tags":[77,55,76,82,79,80,81,78,46,47],"yoast_head":"<!-- This site is optimized with the Yoast SEO plugin v19.6.1 - https:\/\/yoast.com\/wordpress\/plugins\/seo\/ -->\n<title>Ka\u015bka Sochacka wyst\u0105pi na Kortowiadzie! - Kortowiada - najwi\u0119kszy festiwal studencki w Polsce<\/title>\n<meta name=\"robots\" content=\"index, follow, max-snippet:-1, max-image-preview:large, max-video-preview:-1\" \/>\n<link rel=\"canonical\" href=\"https:\/\/archiwum.kortowiada.pl\/2022\/kaska-sochacka-wystapi-na-kortowiadzie\/\" \/>\n<meta property=\"og:locale\" content=\"pl_PL\" \/>\n<meta property=\"og:type\" content=\"article\" \/>\n<meta property=\"og:title\" content=\"Ka\u015bka Sochacka wyst\u0105pi na Kortowiadzie! - Kortowiada - najwi\u0119kszy festiwal studencki w Polsce\" \/>\n<meta property=\"og:description\" content=\"Artystka, kt\u00f3r\u0105 fani doceniaj\u0105 nie tylko za g\u0142os, ale i za niebanalne utwory, zagra sw\u00f3j koncert na kortowskiej pla\u017cy 3 czerwca. Ka\u015bka Sochacka zosta\u0142a og\u0142oszona pierwsz\u0105 gwiazd\u0105 Kortowiady 2022. Ka\u015bka Sochacka da\u0142a si\u0119 pozna\u0107 jako artystka \u015bwiadoma i gotowa podejmowa\u0107 artystyczne wyzwania. Jej singiel \u201eWi\u015bnia&#8221; z debiutanckiej EP-ki o tym samym tytule, kt\u00f3ra ukaza\u0142a si\u0119&nbsp;Czytaj wi\u0119cej\" \/>\n<meta property=\"og:url\" content=\"https:\/\/archiwum.kortowiada.pl\/2022\/kaska-sochacka-wystapi-na-kortowiadzie\/\" \/>\n<meta property=\"og:site_name\" content=\"Kortowiada - najwi\u0119kszy festiwal studencki w Polsce\" \/>\n<meta property=\"article:publisher\" content=\"https:\/\/www.facebook.com\/kortowiadafestiwal\" \/>\n<meta property=\"article:published_time\" content=\"2022-01-15T12:07:44+00:00\" \/>\n<meta property=\"og:image\" content=\"https:\/\/archiwum.kortowiada.pl\/2022\/wp-content\/uploads\/2022\/01\/SOCHACKA-1920-x-1080.png\" \/>\n\t<meta property=\"og:image:width\" content=\"1920\" \/>\n\t<meta property=\"og:image:height\" content=\"1080\" \/>\n\t<meta property=\"og:image:type\" content=\"image\/png\" \/>\n<meta name=\"author\" content=\"Kortowiada\" \/>\n<meta name=\"twitter:card\" content=\"summary_large_image\" \/>\n<meta name=\"twitter:label1\" content=\"Napisane przez\" \/>\n\t<meta name=\"twitter:data1\" content=\"Kortowiada\" \/>\n\t<meta name=\"twitter:label2\" content=\"Szacowany czas czytania\" \/>\n\t<meta name=\"twitter:data2\" content=\"2 minuty\" \/>\n<script type=\"application\/ld+json\" class=\"yoast-schema-graph\">{\"@context\":\"https:\/\/schema.org\",\"@graph\":[{\"@type\":\"Article\",\"@id\":\"https:\/\/archiwum.kortowiada.pl\/2022\/kaska-sochacka-wystapi-na-kortowiadzie\/#article\",\"isPartOf\":{\"@id\":\"https:\/\/archiwum.kortowiada.pl\/2022\/kaska-sochacka-wystapi-na-kortowiadzie\/\"},\"author\":{\"name\":\"Kortowiada\",\"@id\":\"https:\/\/archiwum.kortowiada.pl\/2022\/#\/schema\/person\/e671ad89eec9d32e140f48c43af320cd\"},\"headline\":\"Ka\u015bka Sochacka wyst\u0105pi na Kortowiadzie!\",\"datePublished\":\"2022-01-15T12:07:44+00:00\",\"dateModified\":\"2022-01-15T12:07:44+00:00\",\"mainEntityOfPage\":{\"@id\":\"https:\/\/archiwum.kortowiada.pl\/2022\/kaska-sochacka-wystapi-na-kortowiadzie\/\"},\"wordCount\":342,\"commentCount\":1,\"publisher\":{\"@id\":\"https:\/\/archiwum.kortowiada.pl\/2022\/#organization\"},\"keywords\":[\"festiwal\",\"juwenalia\",\"Ka\u015bka Sochacka\",\"ka\u015bka sochacka bilety\",\"ka\u015bka sochacka czerwiec olsztyn\",\"ka\u015bka sochacka gwiazda kortowiada\",\"ka\u015bka sochacka kortowiada\",\"ka\u015bka sochacka olsztyn\",\"Kortowiada\",\"Olsztyn\"],\"articleSection\":[\"Kortowiada 2022\"],\"inLanguage\":\"pl-PL\",\"potentialAction\":[{\"@type\":\"CommentAction\",\"name\":\"Comment\",\"target\":[\"https:\/\/archiwum.kortowiada.pl\/2022\/kaska-sochacka-wystapi-na-kortowiadzie\/#respond\"]}]},{\"@type\":\"WebPage\",\"@id\":\"https:\/\/archiwum.kortowiada.pl\/2022\/kaska-sochacka-wystapi-na-kortowiadzie\/\",\"url\":\"https:\/\/archiwum.kortowiada.pl\/2022\/kaska-sochacka-wystapi-na-kortowiadzie\/\",\"name\":\"Ka\u015bka Sochacka wyst\u0105pi na Kortowiadzie! - Kortowiada - najwi\u0119kszy festiwal studencki w Polsce\",\"isPartOf\":{\"@id\":\"https:\/\/archiwum.kortowiada.pl\/2022\/#website\"},\"datePublished\":\"2022-01-15T12:07:44+00:00\",\"dateModified\":\"2022-01-15T12:07:44+00:00\",\"breadcrumb\":{\"@id\":\"https:\/\/archiwum.kortowiada.pl\/2022\/kaska-sochacka-wystapi-na-kortowiadzie\/#breadcrumb\"},\"inLanguage\":\"pl-PL\",\"potentialAction\":[{\"@type\":\"ReadAction\",\"target\":[\"https:\/\/archiwum.kortowiada.pl\/2022\/kaska-sochacka-wystapi-na-kortowiadzie\/\"]}]},{\"@type\":\"BreadcrumbList\",\"@id\":\"https:\/\/archiwum.kortowiada.pl\/2022\/kaska-sochacka-wystapi-na-kortowiadzie\/#breadcrumb\",\"itemListElement\":[{\"@type\":\"ListItem\",\"position\":1,\"name\":\"Strona g\u0142\u00f3wna\",\"item\":\"https:\/\/archiwum.kortowiada.pl\/2022\/\"},{\"@type\":\"ListItem\",\"position\":2,\"name\":\"Ka\u015bka Sochacka wyst\u0105pi na Kortowiadzie!\"}]},{\"@type\":\"WebSite\",\"@id\":\"https:\/\/archiwum.kortowiada.pl\/2022\/#website\",\"url\":\"https:\/\/archiwum.kortowiada.pl\/2022\/\",\"name\":\"Kortowiada - najwi\u0119kszy festiwal studencki w Polsce\",\"description\":\"1-4 czerwca 2022, 61. edycja - juwenalia Olsztyn\",\"publisher\":{\"@id\":\"https:\/\/archiwum.kortowiada.pl\/2022\/#organization\"},\"potentialAction\":[{\"@type\":\"SearchAction\",\"target\":{\"@type\":\"EntryPoint\",\"urlTemplate\":\"https:\/\/archiwum.kortowiada.pl\/2022\/?s={search_term_string}\"},\"query-input\":\"required name=search_term_string\"}],\"inLanguage\":\"pl-PL\"},{\"@type\":\"Organization\",\"@id\":\"https:\/\/archiwum.kortowiada.pl\/2022\/#organization\",\"name\":\"Kortowiada\",\"url\":\"https:\/\/archiwum.kortowiada.pl\/2022\/\",\"sameAs\":[\"https:\/\/www.instagram.com\/kortowiada\/?hl=pl\",\"https:\/\/www.youtube.com\/channel\/UCZpuhjpJ2XlHxcbT4N2oyFQ\",\"https:\/\/www.facebook.com\/kortowiadafestiwal\"],\"logo\":{\"@type\":\"ImageObject\",\"inLanguage\":\"pl-PL\",\"@id\":\"https:\/\/archiwum.kortowiada.pl\/2022\/#\/schema\/logo\/image\/\",\"url\":\"https:\/\/kortowiada.pl\/wp-content\/uploads\/2021\/05\/favig.png\",\"contentUrl\":\"https:\/\/kortowiada.pl\/wp-content\/uploads\/2021\/05\/favig.png\",\"width\":1080,\"height\":1080,\"caption\":\"Kortowiada\"},\"image\":{\"@id\":\"https:\/\/archiwum.kortowiada.pl\/2022\/#\/schema\/logo\/image\/\"}},{\"@type\":\"Person\",\"@id\":\"https:\/\/archiwum.kortowiada.pl\/2022\/#\/schema\/person\/e671ad89eec9d32e140f48c43af320cd\",\"name\":\"Kortowiada\",\"image\":{\"@type\":\"ImageObject\",\"inLanguage\":\"pl-PL\",\"@id\":\"https:\/\/archiwum.kortowiada.pl\/2022\/#\/schema\/person\/image\/\",\"url\":\"https:\/\/secure.gravatar.com\/avatar\/c43c3883d14f3da53409235010639358?s=96&d=mm&r=g\",\"contentUrl\":\"https:\/\/secure.gravatar.com\/avatar\/c43c3883d14f3da53409235010639358?s=96&d=mm&r=g\",\"caption\":\"Kortowiada\"},\"url\":\"https:\/\/archiwum.kortowiada.pl\/2022\/author\/tymoteusz\/\"}]}<\/script>\n<!-- \/ Yoast SEO plugin. -->","yoast_head_json":{"title":"Ka\u015bka Sochacka wyst\u0105pi na Kortowiadzie! - Kortowiada - najwi\u0119kszy festiwal studencki w Polsce","robots":{"index":"index","follow":"follow","max-snippet":"max-snippet:-1","max-image-preview":"max-image-preview:large","max-video-preview":"max-video-preview:-1"},"canonical":"https:\/\/archiwum.kortowiada.pl\/2022\/kaska-sochacka-wystapi-na-kortowiadzie\/","og_locale":"pl_PL","og_type":"article","og_title":"Ka\u015bka Sochacka wyst\u0105pi na Kortowiadzie! - Kortowiada - najwi\u0119kszy festiwal studencki w Polsce","og_description":"Artystka, kt\u00f3r\u0105 fani doceniaj\u0105 nie tylko za g\u0142os, ale i za niebanalne utwory, zagra sw\u00f3j koncert na kortowskiej pla\u017cy 3 czerwca. Ka\u015bka Sochacka zosta\u0142a og\u0142oszona pierwsz\u0105 gwiazd\u0105 Kortowiady 2022. Ka\u015bka Sochacka da\u0142a si\u0119 pozna\u0107 jako artystka \u015bwiadoma i gotowa podejmowa\u0107 artystyczne wyzwania. Jej singiel \u201eWi\u015bnia&#8221; z debiutanckiej EP-ki o tym samym tytule, kt\u00f3ra ukaza\u0142a si\u0119&nbsp;Czytaj wi\u0119cej","og_url":"https:\/\/archiwum.kortowiada.pl\/2022\/kaska-sochacka-wystapi-na-kortowiadzie\/","og_site_name":"Kortowiada - najwi\u0119kszy festiwal studencki w Polsce","article_publisher":"https:\/\/www.facebook.com\/kortowiadafestiwal","article_published_time":"2022-01-15T12:07:44+00:00","og_image":[{"width":1920,"height":1080,"url":"https:\/\/archiwum.kortowiada.pl\/2022\/wp-content\/uploads\/2022\/01\/SOCHACKA-1920-x-1080.png","type":"image\/png"}],"author":"Kortowiada","twitter_card":"summary_large_image","twitter_misc":{"Napisane przez":"Kortowiada","Szacowany czas czytania":"2 minuty"},"schema":{"@context":"https:\/\/schema.org","@graph":[{"@type":"Article","@id":"https:\/\/archiwum.kortowiada.pl\/2022\/kaska-sochacka-wystapi-na-kortowiadzie\/#article","isPartOf":{"@id":"https:\/\/archiwum.kortowiada.pl\/2022\/kaska-sochacka-wystapi-na-kortowiadzie\/"},"author":{"name":"Kortowiada","@id":"https:\/\/archiwum.kortowiada.pl\/2022\/#\/schema\/person\/e671ad89eec9d32e140f48c43af320cd"},"headline":"Ka\u015bka Sochacka wyst\u0105pi na Kortowiadzie!","datePublished":"2022-01-15T12:07:44+00:00","dateModified":"2022-01-15T12:07:44+00:00","mainEntityOfPage":{"@id":"https:\/\/archiwum.kortowiada.pl\/2022\/kaska-sochacka-wystapi-na-kortowiadzie\/"},"wordCount":342,"commentCount":1,"publisher":{"@id":"https:\/\/archiwum.kortowiada.pl\/2022\/#organization"},"keywords":["festiwal","juwenalia","Ka\u015bka Sochacka","ka\u015bka sochacka bilety","ka\u015bka sochacka czerwiec olsztyn","ka\u015bka sochacka gwiazda kortowiada","ka\u015bka sochacka kortowiada","ka\u015bka sochacka olsztyn","Kortowiada","Olsztyn"],"articleSection":["Kortowiada 2022"],"inLanguage":"pl-PL","potentialAction":[{"@type":"CommentAction","name":"Comment","target":["https:\/\/archiwum.kortowiada.pl\/2022\/kaska-sochacka-wystapi-na-kortowiadzie\/#respond"]}]},{"@type":"WebPage","@id":"https:\/\/archiwum.kortowiada.pl\/2022\/kaska-sochacka-wystapi-na-kortowiadzie\/","url":"https:\/\/archiwum.kortowiada.pl\/2022\/kaska-sochacka-wystapi-na-kortowiadzie\/","name":"Ka\u015bka Sochacka wyst\u0105pi na Kortowiadzie! - Kortowiada - najwi\u0119kszy festiwal studencki w Polsce","isPartOf":{"@id":"https:\/\/archiwum.kortowiada.pl\/2022\/#website"},"datePublished":"2022-01-15T12:07:44+00:00","dateModified":"2022-01-15T12:07:44+00:00","breadcrumb":{"@id":"https:\/\/archiwum.kortowiada.pl\/2022\/kaska-sochacka-wystapi-na-kortowiadzie\/#breadcrumb"},"inLanguage":"pl-PL","potentialAction":[{"@type":"ReadAction","target":["https:\/\/archiwum.kortowiada.pl\/2022\/kaska-sochacka-wystapi-na-kortowiadzie\/"]}]},{"@type":"BreadcrumbList","@id":"https:\/\/archiwum.kortowiada.pl\/2022\/kaska-sochacka-wystapi-na-kortowiadzie\/#breadcrumb","itemListElement":[{"@type":"ListItem","position":1,"name":"Strona g\u0142\u00f3wna","item":"https:\/\/archiwum.kortowiada.pl\/2022\/"},{"@type":"ListItem","position":2,"name":"Ka\u015bka Sochacka wyst\u0105pi na Kortowiadzie!"}]},{"@type":"WebSite","@id":"https:\/\/archiwum.kortowiada.pl\/2022\/#website","url":"https:\/\/archiwum.kortowiada.pl\/2022\/","name":"Kortowiada - najwi\u0119kszy festiwal studencki w Polsce","description":"1-4 czerwca 2022, 61. edycja - juwenalia Olsztyn","publisher":{"@id":"https:\/\/archiwum.kortowiada.pl\/2022\/#organization"},"potentialAction":[{"@type":"SearchAction","target":{"@type":"EntryPoint","urlTemplate":"https:\/\/archiwum.kortowiada.pl\/2022\/?s={search_term_string}"},"query-input":"required name=search_term_string"}],"inLanguage":"pl-PL"},{"@type":"Organization","@id":"https:\/\/archiwum.kortowiada.pl\/2022\/#organization","name":"Kortowiada","url":"https:\/\/archiwum.kortowiada.pl\/2022\/","sameAs":["https:\/\/www.instagram.com\/kortowiada\/?hl=pl","https:\/\/www.youtube.com\/channel\/UCZpuhjpJ2XlHxcbT4N2oyFQ","https:\/\/www.facebook.com\/kortowiadafestiwal"],"logo":{"@type":"ImageObject","inLanguage":"pl-PL","@id":"https:\/\/archiwum.kortowiada.pl\/2022\/#\/schema\/logo\/image\/","url":"https:\/\/kortowiada.pl\/wp-content\/uploads\/2021\/05\/favig.png","contentUrl":"https:\/\/kortowiada.pl\/wp-content\/uploads\/2021\/05\/favig.png","width":1080,"height":1080,"caption":"Kortowiada"},"image":{"@id":"https:\/\/archiwum.kortowiada.pl\/2022\/#\/schema\/logo\/image\/"}},{"@type":"Person","@id":"https:\/\/archiwum.kortowiada.pl\/2022\/#\/schema\/person\/e671ad89eec9d32e140f48c43af320cd","name":"Kortowiada","image":{"@type":"ImageObject","inLanguage":"pl-PL","@id":"https:\/\/archiwum.kortowiada.pl\/2022\/#\/schema\/person\/image\/","url":"https:\/\/secure.gravatar.com\/avatar\/c43c3883d14f3da53409235010639358?s=96&d=mm&r=g","contentUrl":"https:\/\/secure.gravatar.com\/avatar\/c43c3883d14f3da53409235010639358?s=96&d=mm&r=g","caption":"Kortowiada"},"url":"https:\/\/archiwum.kortowiada.pl\/2022\/author\/tymoteusz\/"}]}},"_links":{"self":[{"href":"https:\/\/archiwum.kortowiada.pl\/2022\/wp-json\/wp\/v2\/posts\/2460"}],"collection":[{"href":"https:\/\/archiwum.kortowiada.pl\/2022\/wp-json\/wp\/v2\/posts"}],"about":[{"href":"https:\/\/archiwum.kortowiada.pl\/2022\/wp-json\/wp\/v2\/types\/post"}],"author":[{"embeddable":true,"href":"https:\/\/archiwum.kortowiada.pl\/2022\/wp-json\/wp\/v2\/users\/2"}],"replies":[{"embeddable":true,"href":"https:\/\/archiwum.kortowiada.pl\/2022\/wp-json\/wp\/v2\/comments?post=2460"}],"version-history":[{"count":1,"href":"https:\/\/archiwum.kortowiada.pl\/2022\/wp-json\/wp\/v2\/posts\/2460\/revisions"}],"predecessor-version":[{"id":2462,"href":"https:\/\/archiwum.kortowiada.pl\/2022\/wp-json\/wp\/v2\/posts\/2460\/revisions\/2462"}],"wp:featuredmedia":[{"embeddable":true,"href":"https:\/\/archiwum.kortowiada.pl\/2022\/wp-json\/wp\/v2\/media\/2461"}],"wp:attachment":[{"href":"https:\/\/archiwum.kortowiada.pl\/2022\/wp-json\/wp\/v2\/media?parent=2460"}],"wp:term":[{"taxonomy":"category","embeddable":true,"href":"https:\/\/archiwum.kortowiada.pl\/2022\/wp-json\/wp\/v2\/categories?post=2460"},{"taxonomy":"post_tag","embeddable":true,"href":"https:\/\/archiwum.kortowiada.pl\/2022\/wp-json\/wp\/v2\/tags?post=2460"}],"curies":[{"name":"wp","href":"https:\/\/api.w.org\/{rel}","templated":true}]}}