{"id":2485,"date":"2022-02-01T12:00:08","date_gmt":"2022-02-01T11:00:08","guid":{"rendered":"https:\/\/kortowiada.pl\/?p=2485"},"modified":"2022-02-01T12:00:08","modified_gmt":"2022-02-01T11:00:08","slug":"kortowiada-2022-z-vito-bambino-na-scenie","status":"publish","type":"post","link":"https:\/\/archiwum.kortowiada.pl\/2022\/kortowiada-2022-z-vito-bambino-na-scenie\/","title":{"rendered":"Kortowiada 2022 z Vito Bambino na scenie!"},"content":{"rendered":"<p style=\"text-align: justify;\"><strong>Ubywa znak\u00f3w zapytania dotycz\u0105cych tegorocznej Kortowiady. Organizatorzy ujawnili, \u017ce kolejn\u0105 gwiazd\u0105 studenckiego festiwalu zosta\u0142 Vito Bambino. Jego koncert odb\u0119dzie si\u0119 na pla\u017cy kortowskiej 4 czerwca.<\/strong><\/p>\n<p style=\"text-align: justify;\">W muzyce <strong>Vito Bambino<\/strong> odbicie znajduj\u0105 do\u015bwiadczenia artysty. <strong>Mateusz Dopieralski<\/strong> urodzi\u0142 si\u0119 w Katowicach, ale wychowywa\u0142 si\u0119 w Niemczech. I pewnie dlatego, jako posiadacz podw\u00f3jnego obywatelstwa, najcz\u0119\u015bciej m\u00f3wi o sobie, \u017ce jest Europejczykiem. Multikulturowo\u015b\u0107, w kt\u00f3rej dorasta\u0142, wydaje si\u0119 uzasadnia\u0107 i r\u00f3\u017cnorodno\u015b\u0107 stylistyczn\u0105 utwor\u00f3w, i gotowo\u015b\u0107 do ci\u0105g\u0142ych poszukiwa\u0144. Owocem tych poszukiwa\u0144 by\u0142y m.in. r\u00f3\u017cne wsp\u00f3\u0142prace muzyczne. Minionego lata Polska nuci\u0142a utw\u00f3r, kt\u00f3ry Vito Bambino nagra\u0142 z Dari\u0105 Zawia\u0142ow i Dawidem Podsiad\u0142o. Wcze\u015bniej przebojem okaza\u0142 si\u0119 jego duet z Sanah, a na swoim koncie muzyk ma tak\u017ce nagranie zrealizowanie wsp\u00f3lnie z inn\u0105 gwiazd\u0105 tegorocznej Kortowiady, czyli <strong>Ka\u015bk\u0105 Sochack\u0105<\/strong>.<\/p>\n<p style=\"text-align: justify;\">Podstawowym sk\u0142adem, z kt\u00f3rym zwi\u0105za\u0142 si\u0119 muzycznie Vito Bambino jest <strong>Bitamina<\/strong>, zesp\u00f3\u0142, z kt\u00f3rym nagra\u0142 dot\u0105d pi\u0119\u0107 album\u00f3w. Podczas koncertu w Kortowie artysta wyst\u0105pi jednak z solowym projektem. Jest on, jak m\u00f3wi\u0142 w jednym z wywiad\u00f3w sam muzyk, fili\u0105 artystyczn\u0105 Bitaminy.<\/p>\n<p style=\"text-align: justify;\">Album <strong>\u201ePoczekalnia\u201d<\/strong> ukaza\u0142 si\u0119 w 2020 r. Utwory, kt\u00f3re si\u0119 sk\u0142adaj\u0105 na t\u0119 p\u0142yt\u0119, s\u0105 osobistymi wycieczkami zar\u00f3wno do \u201ekiedy\u015b\u201d, jak i do \u201eteraz\u201d. To piosenki b\u0119d\u0105ce odbiciem czas\u00f3w, gdy powstawa\u0142 album \u201eKawalerka\u201d Bitaminy. Vito Bambino daje tym samym \u015bwiadectwo tego okresu swojego \u017cycia, w kt\u00f3rym m\u0142odo\u015b\u0107 i pragnienie wolno\u015bci jeszcze ostatecznie nie wywietrza\u0142y z g\u0142owy, ale trzeba ju\u017c si\u0119 zmierzy\u0107 z doros\u0142o\u015bci\u0105. Doros\u0142o\u015bci\u0105, kt\u00f3ra objawia si\u0119 nie tylko konieczno\u015bci\u0105 wizyt w urz\u0119dach, ale kt\u00f3rej towarzyszy te\u017c przekonanie, \u017ce przygody z dzieci\u0144stwa i lat m\u0142odo\u015bci staj\u0105 si\u0119 przyjemnymi wspomnieniami, a cz\u0119\u015b\u0107 przyjaci\u00f3\u0142 znika z bliskiego kr\u0119gu. \u201ePoczekalnia\u201d to przypomnienie, \u017ce nie trzeba rezygnowa\u0107 z marze\u0144.<\/p>\n<p style=\"text-align: justify;\">Vito Bambino jest czwart\u0105 z ujawnionych gwiazd <strong>61. edycji Kortowiady<\/strong>. Do\u0142\u0105czy\u0142 on tym samym do Ka\u015bki Sochackiej, Baranovskiego i Happysad. Olszty\u0144skie juwenalia rozpoczn\u0105 si\u0119 w tym roku 1 czerwca i potrwaj\u0105 cztery dni. Na scenie g\u0142\u00f3wniej zaprezentuje si\u0119 15 artyst\u00f3w.<\/p>\n<p style=\"text-align: justify;\">Przypominamy, \u017ce organizatorami Kortowiady s\u0105 <strong>Uniwersytet Warmi\u0144sko-Mazurski w Olsztynie<\/strong> (reprezentowany przez Rad\u0119 Uczelnian\u0105 Samorz\u0105du Student\u00f3w) oraz <strong>Fundacja Samorz\u0105du Student\u00f3w UWM<\/strong>. Sprzeda\u017c bilet\u00f3w na olszty\u0144ski festiwal studencki rozpocznie si\u0119 22 lutego. Karnety dla student\u00f3w UWM b\u0119d\u0105 dost\u0119pne w ni\u017cszych cenach.<\/p>\n<p style=\"text-align: right;\"><em>Biuro Prasowe Kortowiady<\/em><\/p>\n","protected":false},"excerpt":{"rendered":"<p>Ubywa znak\u00f3w zapytania dotycz\u0105cych tegorocznej Kortowiady. Organizatorzy ujawnili, \u017ce kolejn\u0105 gwiazd\u0105 studenckiego festiwalu zosta\u0142 Vito Bambino. Jego koncert odb\u0119dzie si\u0119 na pla\u017cy kortowskiej 4 czerwca. W muzyce Vito Bambino odbicie znajduj\u0105 do\u015bwiadczenia artysty. Mateusz Dopieralski urodzi\u0142 si\u0119 w Katowicach, ale wychowywa\u0142 si\u0119 w Niemczech. I pewnie dlatego, jako posiadacz podw\u00f3jnego obywatelstwa, najcz\u0119\u015bciej m\u00f3wi o sobie,&nbsp;<\/p>\n<p><a class=\"btn btn-style\" href=\"https:\/\/archiwum.kortowiada.pl\/2022\/kortowiada-2022-z-vito-bambino-na-scenie\/\">Czytaj wi\u0119cej<\/a><\/p>\n","protected":false},"author":9,"featured_media":2489,"comment_status":"open","ping_status":"open","sticky":false,"template":"","format":"standard","meta":[],"categories":[43],"tags":[93,90,55,92,46,72,91,89],"yoast_head":"<!-- This site is optimized with the Yoast SEO plugin v19.6.1 - https:\/\/yoast.com\/wordpress\/plugins\/seo\/ -->\n<title>Kortowiada 2022 z Vito Bambino na scenie! - Kortowiada - najwi\u0119kszy festiwal studencki w Polsce<\/title>\n<meta name=\"robots\" content=\"index, follow, max-snippet:-1, max-image-preview:large, max-video-preview:-1\" \/>\n<link rel=\"canonical\" href=\"https:\/\/archiwum.kortowiada.pl\/2022\/kortowiada-2022-z-vito-bambino-na-scenie\/\" \/>\n<meta property=\"og:locale\" content=\"pl_PL\" \/>\n<meta property=\"og:type\" content=\"article\" \/>\n<meta property=\"og:title\" content=\"Kortowiada 2022 z Vito Bambino na scenie! - Kortowiada - najwi\u0119kszy festiwal studencki w Polsce\" \/>\n<meta property=\"og:description\" content=\"Ubywa znak\u00f3w zapytania dotycz\u0105cych tegorocznej Kortowiady. Organizatorzy ujawnili, \u017ce kolejn\u0105 gwiazd\u0105 studenckiego festiwalu zosta\u0142 Vito Bambino. Jego koncert odb\u0119dzie si\u0119 na pla\u017cy kortowskiej 4 czerwca. W muzyce Vito Bambino odbicie znajduj\u0105 do\u015bwiadczenia artysty. Mateusz Dopieralski urodzi\u0142 si\u0119 w Katowicach, ale wychowywa\u0142 si\u0119 w Niemczech. I pewnie dlatego, jako posiadacz podw\u00f3jnego obywatelstwa, najcz\u0119\u015bciej m\u00f3wi o sobie,&nbsp;Czytaj wi\u0119cej\" \/>\n<meta property=\"og:url\" content=\"https:\/\/archiwum.kortowiada.pl\/2022\/kortowiada-2022-z-vito-bambino-na-scenie\/\" \/>\n<meta property=\"og:site_name\" content=\"Kortowiada - najwi\u0119kszy festiwal studencki w Polsce\" \/>\n<meta property=\"article:publisher\" content=\"https:\/\/www.facebook.com\/kortowiadafestiwal\" \/>\n<meta property=\"article:published_time\" content=\"2022-02-01T11:00:08+00:00\" \/>\n<meta property=\"og:image\" content=\"https:\/\/archiwum.kortowiada.pl\/2022\/wp-content\/uploads\/2022\/02\/VITO-BAMBINO-1920-x-1080.png\" \/>\n\t<meta property=\"og:image:width\" content=\"1920\" \/>\n\t<meta property=\"og:image:height\" content=\"1080\" \/>\n\t<meta property=\"og:image:type\" content=\"image\/png\" \/>\n<meta name=\"author\" content=\"Daria Bruszewska\" \/>\n<meta name=\"twitter:card\" content=\"summary_large_image\" \/>\n<meta name=\"twitter:label1\" content=\"Napisane przez\" \/>\n\t<meta name=\"twitter:data1\" content=\"Daria Bruszewska\" \/>\n\t<meta name=\"twitter:label2\" content=\"Szacowany czas czytania\" \/>\n\t<meta name=\"twitter:data2\" content=\"3 minuty\" \/>\n<script type=\"application\/ld+json\" class=\"yoast-schema-graph\">{\"@context\":\"https:\/\/schema.org\",\"@graph\":[{\"@type\":\"Article\",\"@id\":\"https:\/\/archiwum.kortowiada.pl\/2022\/kortowiada-2022-z-vito-bambino-na-scenie\/#article\",\"isPartOf\":{\"@id\":\"https:\/\/archiwum.kortowiada.pl\/2022\/kortowiada-2022-z-vito-bambino-na-scenie\/\"},\"author\":{\"name\":\"Daria Bruszewska\",\"@id\":\"https:\/\/archiwum.kortowiada.pl\/2022\/#\/schema\/person\/203bdca03dc88232ceae13557ea4cb25\"},\"headline\":\"Kortowiada 2022 z Vito Bambino na scenie!\",\"datePublished\":\"2022-02-01T11:00:08+00:00\",\"dateModified\":\"2022-02-01T11:00:08+00:00\",\"mainEntityOfPage\":{\"@id\":\"https:\/\/archiwum.kortowiada.pl\/2022\/kortowiada-2022-z-vito-bambino-na-scenie\/\"},\"wordCount\":426,\"commentCount\":0,\"publisher\":{\"@id\":\"https:\/\/archiwum.kortowiada.pl\/2022\/#organization\"},\"keywords\":[\"Bitamina\",\"festiwal studencki\",\"juwenalia\",\"koncert w Olsztynie\",\"Kortowiada\",\"Kortowiada 2022\",\"Olszty\u0144skie Juwenalia\",\"Vito Bambino\"],\"articleSection\":[\"Kortowiada 2022\"],\"inLanguage\":\"pl-PL\",\"potentialAction\":[{\"@type\":\"CommentAction\",\"name\":\"Comment\",\"target\":[\"https:\/\/archiwum.kortowiada.pl\/2022\/kortowiada-2022-z-vito-bambino-na-scenie\/#respond\"]}]},{\"@type\":\"WebPage\",\"@id\":\"https:\/\/archiwum.kortowiada.pl\/2022\/kortowiada-2022-z-vito-bambino-na-scenie\/\",\"url\":\"https:\/\/archiwum.kortowiada.pl\/2022\/kortowiada-2022-z-vito-bambino-na-scenie\/\",\"name\":\"Kortowiada 2022 z Vito Bambino na scenie! - Kortowiada - najwi\u0119kszy festiwal studencki w Polsce\",\"isPartOf\":{\"@id\":\"https:\/\/archiwum.kortowiada.pl\/2022\/#website\"},\"datePublished\":\"2022-02-01T11:00:08+00:00\",\"dateModified\":\"2022-02-01T11:00:08+00:00\",\"breadcrumb\":{\"@id\":\"https:\/\/archiwum.kortowiada.pl\/2022\/kortowiada-2022-z-vito-bambino-na-scenie\/#breadcrumb\"},\"inLanguage\":\"pl-PL\",\"potentialAction\":[{\"@type\":\"ReadAction\",\"target\":[\"https:\/\/archiwum.kortowiada.pl\/2022\/kortowiada-2022-z-vito-bambino-na-scenie\/\"]}]},{\"@type\":\"BreadcrumbList\",\"@id\":\"https:\/\/archiwum.kortowiada.pl\/2022\/kortowiada-2022-z-vito-bambino-na-scenie\/#breadcrumb\",\"itemListElement\":[{\"@type\":\"ListItem\",\"position\":1,\"name\":\"Strona g\u0142\u00f3wna\",\"item\":\"https:\/\/archiwum.kortowiada.pl\/2022\/\"},{\"@type\":\"ListItem\",\"position\":2,\"name\":\"Kortowiada 2022 z Vito Bambino na scenie!\"}]},{\"@type\":\"WebSite\",\"@id\":\"https:\/\/archiwum.kortowiada.pl\/2022\/#website\",\"url\":\"https:\/\/archiwum.kortowiada.pl\/2022\/\",\"name\":\"Kortowiada - najwi\u0119kszy festiwal studencki w Polsce\",\"description\":\"1-4 czerwca 2022, 61. edycja - juwenalia Olsztyn\",\"publisher\":{\"@id\":\"https:\/\/archiwum.kortowiada.pl\/2022\/#organization\"},\"potentialAction\":[{\"@type\":\"SearchAction\",\"target\":{\"@type\":\"EntryPoint\",\"urlTemplate\":\"https:\/\/archiwum.kortowiada.pl\/2022\/?s={search_term_string}\"},\"query-input\":\"required name=search_term_string\"}],\"inLanguage\":\"pl-PL\"},{\"@type\":\"Organization\",\"@id\":\"https:\/\/archiwum.kortowiada.pl\/2022\/#organization\",\"name\":\"Kortowiada\",\"url\":\"https:\/\/archiwum.kortowiada.pl\/2022\/\",\"sameAs\":[\"https:\/\/www.instagram.com\/kortowiada\/?hl=pl\",\"https:\/\/www.youtube.com\/channel\/UCZpuhjpJ2XlHxcbT4N2oyFQ\",\"https:\/\/www.facebook.com\/kortowiadafestiwal\"],\"logo\":{\"@type\":\"ImageObject\",\"inLanguage\":\"pl-PL\",\"@id\":\"https:\/\/archiwum.kortowiada.pl\/2022\/#\/schema\/logo\/image\/\",\"url\":\"https:\/\/kortowiada.pl\/wp-content\/uploads\/2021\/05\/favig.png\",\"contentUrl\":\"https:\/\/kortowiada.pl\/wp-content\/uploads\/2021\/05\/favig.png\",\"width\":1080,\"height\":1080,\"caption\":\"Kortowiada\"},\"image\":{\"@id\":\"https:\/\/archiwum.kortowiada.pl\/2022\/#\/schema\/logo\/image\/\"}},{\"@type\":\"Person\",\"@id\":\"https:\/\/archiwum.kortowiada.pl\/2022\/#\/schema\/person\/203bdca03dc88232ceae13557ea4cb25\",\"name\":\"Daria Bruszewska\",\"image\":{\"@type\":\"ImageObject\",\"inLanguage\":\"pl-PL\",\"@id\":\"https:\/\/archiwum.kortowiada.pl\/2022\/#\/schema\/person\/image\/\",\"url\":\"https:\/\/secure.gravatar.com\/avatar\/4071c0be1102ef11730c77465d7d8936?s=96&d=mm&r=g\",\"contentUrl\":\"https:\/\/secure.gravatar.com\/avatar\/4071c0be1102ef11730c77465d7d8936?s=96&d=mm&r=g\",\"caption\":\"Daria Bruszewska\"},\"url\":\"https:\/\/archiwum.kortowiada.pl\/2022\/author\/daria\/\"}]}<\/script>\n<!-- \/ Yoast SEO plugin. -->","yoast_head_json":{"title":"Kortowiada 2022 z Vito Bambino na scenie! - Kortowiada - najwi\u0119kszy festiwal studencki w Polsce","robots":{"index":"index","follow":"follow","max-snippet":"max-snippet:-1","max-image-preview":"max-image-preview:large","max-video-preview":"max-video-preview:-1"},"canonical":"https:\/\/archiwum.kortowiada.pl\/2022\/kortowiada-2022-z-vito-bambino-na-scenie\/","og_locale":"pl_PL","og_type":"article","og_title":"Kortowiada 2022 z Vito Bambino na scenie! - Kortowiada - najwi\u0119kszy festiwal studencki w Polsce","og_description":"Ubywa znak\u00f3w zapytania dotycz\u0105cych tegorocznej Kortowiady. Organizatorzy ujawnili, \u017ce kolejn\u0105 gwiazd\u0105 studenckiego festiwalu zosta\u0142 Vito Bambino. Jego koncert odb\u0119dzie si\u0119 na pla\u017cy kortowskiej 4 czerwca. W muzyce Vito Bambino odbicie znajduj\u0105 do\u015bwiadczenia artysty. Mateusz Dopieralski urodzi\u0142 si\u0119 w Katowicach, ale wychowywa\u0142 si\u0119 w Niemczech. I pewnie dlatego, jako posiadacz podw\u00f3jnego obywatelstwa, najcz\u0119\u015bciej m\u00f3wi o sobie,&nbsp;Czytaj wi\u0119cej","og_url":"https:\/\/archiwum.kortowiada.pl\/2022\/kortowiada-2022-z-vito-bambino-na-scenie\/","og_site_name":"Kortowiada - najwi\u0119kszy festiwal studencki w Polsce","article_publisher":"https:\/\/www.facebook.com\/kortowiadafestiwal","article_published_time":"2022-02-01T11:00:08+00:00","og_image":[{"width":1920,"height":1080,"url":"https:\/\/archiwum.kortowiada.pl\/2022\/wp-content\/uploads\/2022\/02\/VITO-BAMBINO-1920-x-1080.png","type":"image\/png"}],"author":"Daria Bruszewska","twitter_card":"summary_large_image","twitter_misc":{"Napisane przez":"Daria Bruszewska","Szacowany czas czytania":"3 minuty"},"schema":{"@context":"https:\/\/schema.org","@graph":[{"@type":"Article","@id":"https:\/\/archiwum.kortowiada.pl\/2022\/kortowiada-2022-z-vito-bambino-na-scenie\/#article","isPartOf":{"@id":"https:\/\/archiwum.kortowiada.pl\/2022\/kortowiada-2022-z-vito-bambino-na-scenie\/"},"author":{"name":"Daria Bruszewska","@id":"https:\/\/archiwum.kortowiada.pl\/2022\/#\/schema\/person\/203bdca03dc88232ceae13557ea4cb25"},"headline":"Kortowiada 2022 z Vito Bambino na scenie!","datePublished":"2022-02-01T11:00:08+00:00","dateModified":"2022-02-01T11:00:08+00:00","mainEntityOfPage":{"@id":"https:\/\/archiwum.kortowiada.pl\/2022\/kortowiada-2022-z-vito-bambino-na-scenie\/"},"wordCount":426,"commentCount":0,"publisher":{"@id":"https:\/\/archiwum.kortowiada.pl\/2022\/#organization"},"keywords":["Bitamina","festiwal studencki","juwenalia","koncert w Olsztynie","Kortowiada","Kortowiada 2022","Olszty\u0144skie Juwenalia","Vito Bambino"],"articleSection":["Kortowiada 2022"],"inLanguage":"pl-PL","potentialAction":[{"@type":"CommentAction","name":"Comment","target":["https:\/\/archiwum.kortowiada.pl\/2022\/kortowiada-2022-z-vito-bambino-na-scenie\/#respond"]}]},{"@type":"WebPage","@id":"https:\/\/archiwum.kortowiada.pl\/2022\/kortowiada-2022-z-vito-bambino-na-scenie\/","url":"https:\/\/archiwum.kortowiada.pl\/2022\/kortowiada-2022-z-vito-bambino-na-scenie\/","name":"Kortowiada 2022 z Vito Bambino na scenie! - Kortowiada - najwi\u0119kszy festiwal studencki w Polsce","isPartOf":{"@id":"https:\/\/archiwum.kortowiada.pl\/2022\/#website"},"datePublished":"2022-02-01T11:00:08+00:00","dateModified":"2022-02-01T11:00:08+00:00","breadcrumb":{"@id":"https:\/\/archiwum.kortowiada.pl\/2022\/kortowiada-2022-z-vito-bambino-na-scenie\/#breadcrumb"},"inLanguage":"pl-PL","potentialAction":[{"@type":"ReadAction","target":["https:\/\/archiwum.kortowiada.pl\/2022\/kortowiada-2022-z-vito-bambino-na-scenie\/"]}]},{"@type":"BreadcrumbList","@id":"https:\/\/archiwum.kortowiada.pl\/2022\/kortowiada-2022-z-vito-bambino-na-scenie\/#breadcrumb","itemListElement":[{"@type":"ListItem","position":1,"name":"Strona g\u0142\u00f3wna","item":"https:\/\/archiwum.kortowiada.pl\/2022\/"},{"@type":"ListItem","position":2,"name":"Kortowiada 2022 z Vito Bambino na scenie!"}]},{"@type":"WebSite","@id":"https:\/\/archiwum.kortowiada.pl\/2022\/#website","url":"https:\/\/archiwum.kortowiada.pl\/2022\/","name":"Kortowiada - najwi\u0119kszy festiwal studencki w Polsce","description":"1-4 czerwca 2022, 61. edycja - juwenalia Olsztyn","publisher":{"@id":"https:\/\/archiwum.kortowiada.pl\/2022\/#organization"},"potentialAction":[{"@type":"SearchAction","target":{"@type":"EntryPoint","urlTemplate":"https:\/\/archiwum.kortowiada.pl\/2022\/?s={search_term_string}"},"query-input":"required name=search_term_string"}],"inLanguage":"pl-PL"},{"@type":"Organization","@id":"https:\/\/archiwum.kortowiada.pl\/2022\/#organization","name":"Kortowiada","url":"https:\/\/archiwum.kortowiada.pl\/2022\/","sameAs":["https:\/\/www.instagram.com\/kortowiada\/?hl=pl","https:\/\/www.youtube.com\/channel\/UCZpuhjpJ2XlHxcbT4N2oyFQ","https:\/\/www.facebook.com\/kortowiadafestiwal"],"logo":{"@type":"ImageObject","inLanguage":"pl-PL","@id":"https:\/\/archiwum.kortowiada.pl\/2022\/#\/schema\/logo\/image\/","url":"https:\/\/kortowiada.pl\/wp-content\/uploads\/2021\/05\/favig.png","contentUrl":"https:\/\/kortowiada.pl\/wp-content\/uploads\/2021\/05\/favig.png","width":1080,"height":1080,"caption":"Kortowiada"},"image":{"@id":"https:\/\/archiwum.kortowiada.pl\/2022\/#\/schema\/logo\/image\/"}},{"@type":"Person","@id":"https:\/\/archiwum.kortowiada.pl\/2022\/#\/schema\/person\/203bdca03dc88232ceae13557ea4cb25","name":"Daria Bruszewska","image":{"@type":"ImageObject","inLanguage":"pl-PL","@id":"https:\/\/archiwum.kortowiada.pl\/2022\/#\/schema\/person\/image\/","url":"https:\/\/secure.gravatar.com\/avatar\/4071c0be1102ef11730c77465d7d8936?s=96&d=mm&r=g","contentUrl":"https:\/\/secure.gravatar.com\/avatar\/4071c0be1102ef11730c77465d7d8936?s=96&d=mm&r=g","caption":"Daria Bruszewska"},"url":"https:\/\/archiwum.kortowiada.pl\/2022\/author\/daria\/"}]}},"_links":{"self":[{"href":"https:\/\/archiwum.kortowiada.pl\/2022\/wp-json\/wp\/v2\/posts\/2485"}],"collection":[{"href":"https:\/\/archiwum.kortowiada.pl\/2022\/wp-json\/wp\/v2\/posts"}],"about":[{"href":"https:\/\/archiwum.kortowiada.pl\/2022\/wp-json\/wp\/v2\/types\/post"}],"author":[{"embeddable":true,"href":"https:\/\/archiwum.kortowiada.pl\/2022\/wp-json\/wp\/v2\/users\/9"}],"replies":[{"embeddable":true,"href":"https:\/\/archiwum.kortowiada.pl\/2022\/wp-json\/wp\/v2\/comments?post=2485"}],"version-history":[{"count":4,"href":"https:\/\/archiwum.kortowiada.pl\/2022\/wp-json\/wp\/v2\/posts\/2485\/revisions"}],"predecessor-version":[{"id":2494,"href":"https:\/\/archiwum.kortowiada.pl\/2022\/wp-json\/wp\/v2\/posts\/2485\/revisions\/2494"}],"wp:featuredmedia":[{"embeddable":true,"href":"https:\/\/archiwum.kortowiada.pl\/2022\/wp-json\/wp\/v2\/media\/2489"}],"wp:attachment":[{"href":"https:\/\/archiwum.kortowiada.pl\/2022\/wp-json\/wp\/v2\/media?parent=2485"}],"wp:term":[{"taxonomy":"category","embeddable":true,"href":"https:\/\/archiwum.kortowiada.pl\/2022\/wp-json\/wp\/v2\/categories?post=2485"},{"taxonomy":"post_tag","embeddable":true,"href":"https:\/\/archiwum.kortowiada.pl\/2022\/wp-json\/wp\/v2\/tags?post=2485"}],"curies":[{"name":"wp","href":"https:\/\/api.w.org\/{rel}","templated":true}]}}