{"id":2507,"date":"2022-02-08T12:00:05","date_gmt":"2022-02-08T11:00:05","guid":{"rendered":"https:\/\/kortowiada.pl\/?p=2507"},"modified":"2022-02-08T12:00:26","modified_gmt":"2022-02-08T11:00:26","slug":"kwiat-jabloni-kolejna-z-gwiazd-kortowiady-2022","status":"publish","type":"post","link":"https:\/\/archiwum.kortowiada.pl\/2022\/kwiat-jabloni-kolejna-z-gwiazd-kortowiady-2022\/","title":{"rendered":"Kwiat Jab\u0142oni kolejn\u0105 z gwiazd Kortowiady 2022"},"content":{"rendered":"<p><strong>Kwiat Jab\u0142oni<\/strong>, jeden z najpopularniejszych zespo\u0142\u00f3w m\u0142odego pokolenia, wyst\u0105pi 2 czerwca na pla\u017cy kortowskiej.<\/p>\n<p><strong>Kasia i Jacek Sienkiewiczowie<\/strong>, duet tworz\u0105cy Kwiat Jab\u0142oni, maj\u0105 na koncie dwa \u015bwietnie przyj\u0119te albumy. <strong>\u201eNiemo\u017cliwe\u201d<\/strong> z 2019 roku szybko osi\u0105gn\u0119\u0142o status podw\u00f3jnej platyny, natomiast <strong>\u201eMog\u0142o by\u0107 nic\u201d<\/strong> zadebiutowa\u0142o na pierwszym miejscu oficjalnej listy sprzeda\u017cy. Cztery miesi\u0105ce p\u00f3\u017aniej r\u00f3wnie\u017c pokry\u0142o si\u0119 platyn\u0105.<\/p>\n<p>Rozpoznawalno\u015b\u0107 zespo\u0142owi przyni\u00f3s\u0142 mi\u0119dzy innymi singiel <strong>\u201eDzi\u015b p\u00f3\u017ano p\u00f3jd\u0119 spa\u0107\u201d<\/strong>. Do tej pory mia\u0142 on serwisie YouTube ponad 30 milion\u00f3w wy\u015bwietle\u0144. R\u00f3wnie dobrze publiczno\u015b\u0107 przyjmowa\u0142a inne piosenki skomponowane przez rodze\u0144stwo Sienkiewicz\u00f3w. \u201eNiemo\u017cliwe\u201d, \u201eWodymidaj\u201d, \u201eWzi\u0119li zamkn\u0119li mi klub\u201d, \u201eMog\u0142o by\u0107 nic\u201d czy \u201eBuka\u201d nale\u017c\u0105 do najpopularniejszych utwor\u00f3w Kwiatu Jab\u0142oni.<\/p>\n<p>Muzyka m\u0142odego zespo\u0142u wymyka si\u0119 sztampowym etykietkom. Arty\u015bci eksperymentuj\u0105, czerpi\u0105c inspiracje zar\u00f3wno z \u017cywio\u0142u muzyki folkowej, jak i rockowej czy elektronicznej.<\/p>\n<p>Za sukcesem zespo\u0142u stoi nie tylko oryginalne brzmienie, ale i doskona\u0142e obycie sceniczne m\u0142odych artyst\u00f3w. Wielokrotnie udowodnili, \u017ce potrafi\u0105 oczarowa\u0107 odbiorc\u00f3w nie tylko podczas kameralnego wyst\u0119pu, ale i na plenerowych koncertach. Jako debiutanci zdo\u0142ali zgromadzi\u0107 pod ma\u0142\u0105 scen\u0105 Pol\u2019and\u2019Rock Festivalu tysi\u0105ce os\u00f3b. Ich koncert spodoba\u0142 si\u0119 tak bardzo, \u017ce Kwiat Jab\u0142oni odebra\u0142 rok p\u00f3\u017aniej Z\u0142otego B\u0105czka \u2013 nagrod\u0119 publiczno\u015bci dla najlepszego zespo\u0142u 25. edycji Pol\u2019and\u2019Rock Festival.<\/p>\n<p>Przypomnijmy, \u017ce tegoroczna Kortowiada odb\u0119dzie si\u0119 w dniach 1-4 czerwca. Koncerty na g\u0142\u00f3wnej scenie zagra 15 artyst\u00f3w. W\u015br\u00f3d og\u0142oszonych dot\u0105d gwiazd s\u0105: <strong>Ka\u015bka Sochacka, Baranovski, Happysad i Vito Bambino<\/strong>.<\/p>\n<p>Sprzeda\u017c bilet\u00f3w na 61. edycj\u0119 Kortowiady rozpocznie si\u0119 22 lutego. Karnety dla student\u00f3w i pracownik\u00f3w UWM b\u0119d\u0105 dost\u0119pne w ni\u017cszych cenach.<\/p>\n<p style=\"text-align: right;\"><em>Biuro Prasowe Kortowiady<\/em><\/p>\n","protected":false},"excerpt":{"rendered":"<p>Kwiat Jab\u0142oni, jeden z najpopularniejszych zespo\u0142\u00f3w m\u0142odego pokolenia, wyst\u0105pi 2 czerwca na pla\u017cy kortowskiej. Kasia i Jacek Sienkiewiczowie, duet tworz\u0105cy Kwiat Jab\u0142oni, maj\u0105 na koncie dwa \u015bwietnie przyj\u0119te albumy. \u201eNiemo\u017cliwe\u201d z 2019 roku szybko osi\u0105gn\u0119\u0142o status podw\u00f3jnej platyny, natomiast \u201eMog\u0142o by\u0107 nic\u201d zadebiutowa\u0142o na pierwszym miejscu oficjalnej listy sprzeda\u017cy. Cztery miesi\u0105ce p\u00f3\u017aniej r\u00f3wnie\u017c pokry\u0142o si\u0119&nbsp;<\/p>\n<p><a class=\"btn btn-style\" href=\"https:\/\/archiwum.kortowiada.pl\/2022\/kwiat-jabloni-kolejna-z-gwiazd-kortowiady-2022\/\">Czytaj wi\u0119cej<\/a><\/p>\n","protected":false},"author":9,"featured_media":2510,"comment_status":"open","ping_status":"open","sticky":false,"template":"","format":"standard","meta":[],"categories":[43],"tags":[90,55,46,72,94,91],"yoast_head":"<!-- This site is optimized with the Yoast SEO plugin v19.6.1 - https:\/\/yoast.com\/wordpress\/plugins\/seo\/ -->\n<title>Kwiat Jab\u0142oni kolejn\u0105 z gwiazd Kortowiady 2022 - Kortowiada - najwi\u0119kszy festiwal studencki w Polsce<\/title>\n<meta name=\"robots\" content=\"index, follow, max-snippet:-1, max-image-preview:large, max-video-preview:-1\" \/>\n<link rel=\"canonical\" href=\"https:\/\/archiwum.kortowiada.pl\/2022\/kwiat-jabloni-kolejna-z-gwiazd-kortowiady-2022\/\" \/>\n<meta property=\"og:locale\" content=\"pl_PL\" \/>\n<meta property=\"og:type\" content=\"article\" \/>\n<meta property=\"og:title\" content=\"Kwiat Jab\u0142oni kolejn\u0105 z gwiazd Kortowiady 2022 - Kortowiada - najwi\u0119kszy festiwal studencki w Polsce\" \/>\n<meta property=\"og:description\" content=\"Kwiat Jab\u0142oni, jeden z najpopularniejszych zespo\u0142\u00f3w m\u0142odego pokolenia, wyst\u0105pi 2 czerwca na pla\u017cy kortowskiej. Kasia i Jacek Sienkiewiczowie, duet tworz\u0105cy Kwiat Jab\u0142oni, maj\u0105 na koncie dwa \u015bwietnie przyj\u0119te albumy. \u201eNiemo\u017cliwe\u201d z 2019 roku szybko osi\u0105gn\u0119\u0142o status podw\u00f3jnej platyny, natomiast \u201eMog\u0142o by\u0107 nic\u201d zadebiutowa\u0142o na pierwszym miejscu oficjalnej listy sprzeda\u017cy. Cztery miesi\u0105ce p\u00f3\u017aniej r\u00f3wnie\u017c pokry\u0142o si\u0119&nbsp;Czytaj wi\u0119cej\" \/>\n<meta property=\"og:url\" content=\"https:\/\/archiwum.kortowiada.pl\/2022\/kwiat-jabloni-kolejna-z-gwiazd-kortowiady-2022\/\" \/>\n<meta property=\"og:site_name\" content=\"Kortowiada - najwi\u0119kszy festiwal studencki w Polsce\" \/>\n<meta property=\"article:publisher\" content=\"https:\/\/www.facebook.com\/kortowiadafestiwal\" \/>\n<meta property=\"article:published_time\" content=\"2022-02-08T11:00:05+00:00\" \/>\n<meta property=\"article:modified_time\" content=\"2022-02-08T11:00:26+00:00\" \/>\n<meta property=\"og:image\" content=\"https:\/\/archiwum.kortowiada.pl\/2022\/wp-content\/uploads\/2022\/02\/KWIAT-JABLONI-1920-x-1080-4-1.png\" \/>\n\t<meta property=\"og:image:width\" content=\"1920\" \/>\n\t<meta property=\"og:image:height\" content=\"1080\" \/>\n\t<meta property=\"og:image:type\" content=\"image\/png\" \/>\n<meta name=\"author\" content=\"Daria Bruszewska\" \/>\n<meta name=\"twitter:card\" content=\"summary_large_image\" \/>\n<meta name=\"twitter:label1\" content=\"Napisane przez\" \/>\n\t<meta name=\"twitter:data1\" content=\"Daria Bruszewska\" \/>\n\t<meta name=\"twitter:label2\" content=\"Szacowany czas czytania\" \/>\n\t<meta name=\"twitter:data2\" content=\"2 minuty\" \/>\n<script type=\"application\/ld+json\" class=\"yoast-schema-graph\">{\"@context\":\"https:\/\/schema.org\",\"@graph\":[{\"@type\":\"Article\",\"@id\":\"https:\/\/archiwum.kortowiada.pl\/2022\/kwiat-jabloni-kolejna-z-gwiazd-kortowiady-2022\/#article\",\"isPartOf\":{\"@id\":\"https:\/\/archiwum.kortowiada.pl\/2022\/kwiat-jabloni-kolejna-z-gwiazd-kortowiady-2022\/\"},\"author\":{\"name\":\"Daria Bruszewska\",\"@id\":\"https:\/\/archiwum.kortowiada.pl\/2022\/#\/schema\/person\/203bdca03dc88232ceae13557ea4cb25\"},\"headline\":\"Kwiat Jab\u0142oni kolejn\u0105 z gwiazd Kortowiady 2022\",\"datePublished\":\"2022-02-08T11:00:05+00:00\",\"dateModified\":\"2022-02-08T11:00:26+00:00\",\"mainEntityOfPage\":{\"@id\":\"https:\/\/archiwum.kortowiada.pl\/2022\/kwiat-jabloni-kolejna-z-gwiazd-kortowiady-2022\/\"},\"wordCount\":318,\"commentCount\":0,\"publisher\":{\"@id\":\"https:\/\/archiwum.kortowiada.pl\/2022\/#organization\"},\"keywords\":[\"festiwal studencki\",\"juwenalia\",\"Kortowiada\",\"Kortowiada 2022\",\"Kwiat Jab\u0142oni\",\"Olszty\u0144skie Juwenalia\"],\"articleSection\":[\"Kortowiada 2022\"],\"inLanguage\":\"pl-PL\",\"potentialAction\":[{\"@type\":\"CommentAction\",\"name\":\"Comment\",\"target\":[\"https:\/\/archiwum.kortowiada.pl\/2022\/kwiat-jabloni-kolejna-z-gwiazd-kortowiady-2022\/#respond\"]}]},{\"@type\":\"WebPage\",\"@id\":\"https:\/\/archiwum.kortowiada.pl\/2022\/kwiat-jabloni-kolejna-z-gwiazd-kortowiady-2022\/\",\"url\":\"https:\/\/archiwum.kortowiada.pl\/2022\/kwiat-jabloni-kolejna-z-gwiazd-kortowiady-2022\/\",\"name\":\"Kwiat Jab\u0142oni kolejn\u0105 z gwiazd Kortowiady 2022 - Kortowiada - najwi\u0119kszy festiwal studencki w Polsce\",\"isPartOf\":{\"@id\":\"https:\/\/archiwum.kortowiada.pl\/2022\/#website\"},\"datePublished\":\"2022-02-08T11:00:05+00:00\",\"dateModified\":\"2022-02-08T11:00:26+00:00\",\"breadcrumb\":{\"@id\":\"https:\/\/archiwum.kortowiada.pl\/2022\/kwiat-jabloni-kolejna-z-gwiazd-kortowiady-2022\/#breadcrumb\"},\"inLanguage\":\"pl-PL\",\"potentialAction\":[{\"@type\":\"ReadAction\",\"target\":[\"https:\/\/archiwum.kortowiada.pl\/2022\/kwiat-jabloni-kolejna-z-gwiazd-kortowiady-2022\/\"]}]},{\"@type\":\"BreadcrumbList\",\"@id\":\"https:\/\/archiwum.kortowiada.pl\/2022\/kwiat-jabloni-kolejna-z-gwiazd-kortowiady-2022\/#breadcrumb\",\"itemListElement\":[{\"@type\":\"ListItem\",\"position\":1,\"name\":\"Strona g\u0142\u00f3wna\",\"item\":\"https:\/\/archiwum.kortowiada.pl\/2022\/\"},{\"@type\":\"ListItem\",\"position\":2,\"name\":\"Kwiat Jab\u0142oni kolejn\u0105 z gwiazd Kortowiady 2022\"}]},{\"@type\":\"WebSite\",\"@id\":\"https:\/\/archiwum.kortowiada.pl\/2022\/#website\",\"url\":\"https:\/\/archiwum.kortowiada.pl\/2022\/\",\"name\":\"Kortowiada - najwi\u0119kszy festiwal studencki w Polsce\",\"description\":\"1-4 czerwca 2022, 61. edycja - juwenalia Olsztyn\",\"publisher\":{\"@id\":\"https:\/\/archiwum.kortowiada.pl\/2022\/#organization\"},\"potentialAction\":[{\"@type\":\"SearchAction\",\"target\":{\"@type\":\"EntryPoint\",\"urlTemplate\":\"https:\/\/archiwum.kortowiada.pl\/2022\/?s={search_term_string}\"},\"query-input\":\"required name=search_term_string\"}],\"inLanguage\":\"pl-PL\"},{\"@type\":\"Organization\",\"@id\":\"https:\/\/archiwum.kortowiada.pl\/2022\/#organization\",\"name\":\"Kortowiada\",\"url\":\"https:\/\/archiwum.kortowiada.pl\/2022\/\",\"sameAs\":[\"https:\/\/www.instagram.com\/kortowiada\/?hl=pl\",\"https:\/\/www.youtube.com\/channel\/UCZpuhjpJ2XlHxcbT4N2oyFQ\",\"https:\/\/www.facebook.com\/kortowiadafestiwal\"],\"logo\":{\"@type\":\"ImageObject\",\"inLanguage\":\"pl-PL\",\"@id\":\"https:\/\/archiwum.kortowiada.pl\/2022\/#\/schema\/logo\/image\/\",\"url\":\"https:\/\/kortowiada.pl\/wp-content\/uploads\/2021\/05\/favig.png\",\"contentUrl\":\"https:\/\/kortowiada.pl\/wp-content\/uploads\/2021\/05\/favig.png\",\"width\":1080,\"height\":1080,\"caption\":\"Kortowiada\"},\"image\":{\"@id\":\"https:\/\/archiwum.kortowiada.pl\/2022\/#\/schema\/logo\/image\/\"}},{\"@type\":\"Person\",\"@id\":\"https:\/\/archiwum.kortowiada.pl\/2022\/#\/schema\/person\/203bdca03dc88232ceae13557ea4cb25\",\"name\":\"Daria Bruszewska\",\"image\":{\"@type\":\"ImageObject\",\"inLanguage\":\"pl-PL\",\"@id\":\"https:\/\/archiwum.kortowiada.pl\/2022\/#\/schema\/person\/image\/\",\"url\":\"https:\/\/secure.gravatar.com\/avatar\/4071c0be1102ef11730c77465d7d8936?s=96&d=mm&r=g\",\"contentUrl\":\"https:\/\/secure.gravatar.com\/avatar\/4071c0be1102ef11730c77465d7d8936?s=96&d=mm&r=g\",\"caption\":\"Daria Bruszewska\"},\"url\":\"https:\/\/archiwum.kortowiada.pl\/2022\/author\/daria\/\"}]}<\/script>\n<!-- \/ Yoast SEO plugin. -->","yoast_head_json":{"title":"Kwiat Jab\u0142oni kolejn\u0105 z gwiazd Kortowiady 2022 - Kortowiada - najwi\u0119kszy festiwal studencki w Polsce","robots":{"index":"index","follow":"follow","max-snippet":"max-snippet:-1","max-image-preview":"max-image-preview:large","max-video-preview":"max-video-preview:-1"},"canonical":"https:\/\/archiwum.kortowiada.pl\/2022\/kwiat-jabloni-kolejna-z-gwiazd-kortowiady-2022\/","og_locale":"pl_PL","og_type":"article","og_title":"Kwiat Jab\u0142oni kolejn\u0105 z gwiazd Kortowiady 2022 - Kortowiada - najwi\u0119kszy festiwal studencki w Polsce","og_description":"Kwiat Jab\u0142oni, jeden z najpopularniejszych zespo\u0142\u00f3w m\u0142odego pokolenia, wyst\u0105pi 2 czerwca na pla\u017cy kortowskiej. Kasia i Jacek Sienkiewiczowie, duet tworz\u0105cy Kwiat Jab\u0142oni, maj\u0105 na koncie dwa \u015bwietnie przyj\u0119te albumy. \u201eNiemo\u017cliwe\u201d z 2019 roku szybko osi\u0105gn\u0119\u0142o status podw\u00f3jnej platyny, natomiast \u201eMog\u0142o by\u0107 nic\u201d zadebiutowa\u0142o na pierwszym miejscu oficjalnej listy sprzeda\u017cy. Cztery miesi\u0105ce p\u00f3\u017aniej r\u00f3wnie\u017c pokry\u0142o si\u0119&nbsp;Czytaj wi\u0119cej","og_url":"https:\/\/archiwum.kortowiada.pl\/2022\/kwiat-jabloni-kolejna-z-gwiazd-kortowiady-2022\/","og_site_name":"Kortowiada - najwi\u0119kszy festiwal studencki w Polsce","article_publisher":"https:\/\/www.facebook.com\/kortowiadafestiwal","article_published_time":"2022-02-08T11:00:05+00:00","article_modified_time":"2022-02-08T11:00:26+00:00","og_image":[{"width":1920,"height":1080,"url":"https:\/\/archiwum.kortowiada.pl\/2022\/wp-content\/uploads\/2022\/02\/KWIAT-JABLONI-1920-x-1080-4-1.png","type":"image\/png"}],"author":"Daria Bruszewska","twitter_card":"summary_large_image","twitter_misc":{"Napisane przez":"Daria Bruszewska","Szacowany czas czytania":"2 minuty"},"schema":{"@context":"https:\/\/schema.org","@graph":[{"@type":"Article","@id":"https:\/\/archiwum.kortowiada.pl\/2022\/kwiat-jabloni-kolejna-z-gwiazd-kortowiady-2022\/#article","isPartOf":{"@id":"https:\/\/archiwum.kortowiada.pl\/2022\/kwiat-jabloni-kolejna-z-gwiazd-kortowiady-2022\/"},"author":{"name":"Daria Bruszewska","@id":"https:\/\/archiwum.kortowiada.pl\/2022\/#\/schema\/person\/203bdca03dc88232ceae13557ea4cb25"},"headline":"Kwiat Jab\u0142oni kolejn\u0105 z gwiazd Kortowiady 2022","datePublished":"2022-02-08T11:00:05+00:00","dateModified":"2022-02-08T11:00:26+00:00","mainEntityOfPage":{"@id":"https:\/\/archiwum.kortowiada.pl\/2022\/kwiat-jabloni-kolejna-z-gwiazd-kortowiady-2022\/"},"wordCount":318,"commentCount":0,"publisher":{"@id":"https:\/\/archiwum.kortowiada.pl\/2022\/#organization"},"keywords":["festiwal studencki","juwenalia","Kortowiada","Kortowiada 2022","Kwiat Jab\u0142oni","Olszty\u0144skie Juwenalia"],"articleSection":["Kortowiada 2022"],"inLanguage":"pl-PL","potentialAction":[{"@type":"CommentAction","name":"Comment","target":["https:\/\/archiwum.kortowiada.pl\/2022\/kwiat-jabloni-kolejna-z-gwiazd-kortowiady-2022\/#respond"]}]},{"@type":"WebPage","@id":"https:\/\/archiwum.kortowiada.pl\/2022\/kwiat-jabloni-kolejna-z-gwiazd-kortowiady-2022\/","url":"https:\/\/archiwum.kortowiada.pl\/2022\/kwiat-jabloni-kolejna-z-gwiazd-kortowiady-2022\/","name":"Kwiat Jab\u0142oni kolejn\u0105 z gwiazd Kortowiady 2022 - Kortowiada - najwi\u0119kszy festiwal studencki w Polsce","isPartOf":{"@id":"https:\/\/archiwum.kortowiada.pl\/2022\/#website"},"datePublished":"2022-02-08T11:00:05+00:00","dateModified":"2022-02-08T11:00:26+00:00","breadcrumb":{"@id":"https:\/\/archiwum.kortowiada.pl\/2022\/kwiat-jabloni-kolejna-z-gwiazd-kortowiady-2022\/#breadcrumb"},"inLanguage":"pl-PL","potentialAction":[{"@type":"ReadAction","target":["https:\/\/archiwum.kortowiada.pl\/2022\/kwiat-jabloni-kolejna-z-gwiazd-kortowiady-2022\/"]}]},{"@type":"BreadcrumbList","@id":"https:\/\/archiwum.kortowiada.pl\/2022\/kwiat-jabloni-kolejna-z-gwiazd-kortowiady-2022\/#breadcrumb","itemListElement":[{"@type":"ListItem","position":1,"name":"Strona g\u0142\u00f3wna","item":"https:\/\/archiwum.kortowiada.pl\/2022\/"},{"@type":"ListItem","position":2,"name":"Kwiat Jab\u0142oni kolejn\u0105 z gwiazd Kortowiady 2022"}]},{"@type":"WebSite","@id":"https:\/\/archiwum.kortowiada.pl\/2022\/#website","url":"https:\/\/archiwum.kortowiada.pl\/2022\/","name":"Kortowiada - najwi\u0119kszy festiwal studencki w Polsce","description":"1-4 czerwca 2022, 61. edycja - juwenalia Olsztyn","publisher":{"@id":"https:\/\/archiwum.kortowiada.pl\/2022\/#organization"},"potentialAction":[{"@type":"SearchAction","target":{"@type":"EntryPoint","urlTemplate":"https:\/\/archiwum.kortowiada.pl\/2022\/?s={search_term_string}"},"query-input":"required name=search_term_string"}],"inLanguage":"pl-PL"},{"@type":"Organization","@id":"https:\/\/archiwum.kortowiada.pl\/2022\/#organization","name":"Kortowiada","url":"https:\/\/archiwum.kortowiada.pl\/2022\/","sameAs":["https:\/\/www.instagram.com\/kortowiada\/?hl=pl","https:\/\/www.youtube.com\/channel\/UCZpuhjpJ2XlHxcbT4N2oyFQ","https:\/\/www.facebook.com\/kortowiadafestiwal"],"logo":{"@type":"ImageObject","inLanguage":"pl-PL","@id":"https:\/\/archiwum.kortowiada.pl\/2022\/#\/schema\/logo\/image\/","url":"https:\/\/kortowiada.pl\/wp-content\/uploads\/2021\/05\/favig.png","contentUrl":"https:\/\/kortowiada.pl\/wp-content\/uploads\/2021\/05\/favig.png","width":1080,"height":1080,"caption":"Kortowiada"},"image":{"@id":"https:\/\/archiwum.kortowiada.pl\/2022\/#\/schema\/logo\/image\/"}},{"@type":"Person","@id":"https:\/\/archiwum.kortowiada.pl\/2022\/#\/schema\/person\/203bdca03dc88232ceae13557ea4cb25","name":"Daria Bruszewska","image":{"@type":"ImageObject","inLanguage":"pl-PL","@id":"https:\/\/archiwum.kortowiada.pl\/2022\/#\/schema\/person\/image\/","url":"https:\/\/secure.gravatar.com\/avatar\/4071c0be1102ef11730c77465d7d8936?s=96&d=mm&r=g","contentUrl":"https:\/\/secure.gravatar.com\/avatar\/4071c0be1102ef11730c77465d7d8936?s=96&d=mm&r=g","caption":"Daria Bruszewska"},"url":"https:\/\/archiwum.kortowiada.pl\/2022\/author\/daria\/"}]}},"_links":{"self":[{"href":"https:\/\/archiwum.kortowiada.pl\/2022\/wp-json\/wp\/v2\/posts\/2507"}],"collection":[{"href":"https:\/\/archiwum.kortowiada.pl\/2022\/wp-json\/wp\/v2\/posts"}],"about":[{"href":"https:\/\/archiwum.kortowiada.pl\/2022\/wp-json\/wp\/v2\/types\/post"}],"author":[{"embeddable":true,"href":"https:\/\/archiwum.kortowiada.pl\/2022\/wp-json\/wp\/v2\/users\/9"}],"replies":[{"embeddable":true,"href":"https:\/\/archiwum.kortowiada.pl\/2022\/wp-json\/wp\/v2\/comments?post=2507"}],"version-history":[{"count":3,"href":"https:\/\/archiwum.kortowiada.pl\/2022\/wp-json\/wp\/v2\/posts\/2507\/revisions"}],"predecessor-version":[{"id":2511,"href":"https:\/\/archiwum.kortowiada.pl\/2022\/wp-json\/wp\/v2\/posts\/2507\/revisions\/2511"}],"wp:featuredmedia":[{"embeddable":true,"href":"https:\/\/archiwum.kortowiada.pl\/2022\/wp-json\/wp\/v2\/media\/2510"}],"wp:attachment":[{"href":"https:\/\/archiwum.kortowiada.pl\/2022\/wp-json\/wp\/v2\/media?parent=2507"}],"wp:term":[{"taxonomy":"category","embeddable":true,"href":"https:\/\/archiwum.kortowiada.pl\/2022\/wp-json\/wp\/v2\/categories?post=2507"},{"taxonomy":"post_tag","embeddable":true,"href":"https:\/\/archiwum.kortowiada.pl\/2022\/wp-json\/wp\/v2\/tags?post=2507"}],"curies":[{"name":"wp","href":"https:\/\/api.w.org\/{rel}","templated":true}]}}