{"id":2682,"date":"2022-02-27T19:31:48","date_gmt":"2022-02-27T18:31:48","guid":{"rendered":"https:\/\/kortowiada.pl\/?p=2682"},"modified":"2022-03-09T19:50:42","modified_gmt":"2022-03-09T18:50:42","slug":"uwm-solidarny-z-ukraina-czekamy-z-ogloszeniem-kolejnej-gwiazdy-kortowiady","status":"publish","type":"post","link":"https:\/\/archiwum.kortowiada.pl\/2022\/uwm-solidarny-z-ukraina-czekamy-z-ogloszeniem-kolejnej-gwiazdy-kortowiady\/","title":{"rendered":"UWM solidarny z Ukrain\u0105. Czekamy z og\u0142oszeniem kolejnej gwiazdy Kortowiady"},"content":{"rendered":"<p style=\"text-align: justify;\"><em>Szanowni Pa\u0144stwo! Kole\u017canki i Koledzy!<\/em><\/p>\n<p style=\"text-align: justify;\"><em>Odliczaj\u0105c dni do <strong>Kortowiady 2022<\/strong>, w ka\u017cdy wtorek przekazujemy informacj\u0119 o arty\u015bcie, kt\u00f3ry zagra na naszych juwenaliach w tym roku. Niestety, tym razem zawieszamy nasz\u0105 tradycj\u0119. W tej chwili skupiamy si\u0119 na czym\u015b zupe\u0142nie innym. Sw\u00f3j czas i dobr\u0105 energi\u0119 przeznaczamy na pomoc naszym ukrai\u0144skim Przyjacio\u0142om i ich Bliskim. Cisza, kt\u00f3rej do\u015bwiadczacie na profilach Kortowiady w mediach spo\u0142eczno\u015bciowych, to symbol naszej <strong>solidarno\u015bci z Ukrain\u0105<\/strong>.<\/em><\/p>\n<p style=\"text-align: justify;\"><em>Cisza nie oznacza jednak braku dzia\u0142ania. Z my\u015bl\u0105 o zaatakowanej Ukrainie samorz\u0105d studencki UWM rozpocz\u0105\u0142 zbi\u00f3rk\u0119 funduszy i artyku\u0142\u00f3w pierwszej potrzeby. Jeste\u015bmy niezwykle dumni z tego, z jak wielk\u0105 otwarto\u015bci\u0105 serc spo\u0142eczno\u015b\u0107 akademicka w\u0142\u0105czy\u0142a si\u0119 w pomoc.<\/em><\/p>\n<p style=\"text-align: justify;\"><em>Od poniedzia\u0142ku (28 lutego) na wszystkich wydzia\u0142ach oraz w bibliotece Uniwersytetu Warmi\u0144sko-Mazurskiego w Olsztynie mo\u017cna zostawia\u0107 produkty z listy, kt\u00f3r\u0105 znajdziecie na <a href=\"https:\/\/russ.uwm.edu.pl\/pomagam\/\">stronie internetowej <strong>Rady Uczelnianej Samorz\u0105du Student\u00f3w UWM w Olsztynie<\/strong><\/a>. Ca\u0142\u0105 dob\u0119 produkty mo\u017cna dostarcza\u0107 z kolei do akademik\u00f3w w Kortowie. Zach\u0119camy tak\u017ce do <a href=\"https:\/\/zrzutka.pl\/cr2h3a\/wplac\">do\u0142\u0105czenia do zbi\u00f3rki finansowej<\/a>. Bardzo zale\u017cy nam na tym, \u017ceby do Narodu Ukrai\u0144skiego dotar\u0142o odpowiednie wsparcie. Jest ono potrzebne, by nasi S\u0105siedzi mogli si\u0119 skutecznie broni\u0107 przed brutalnym atakiem.<\/em><\/p>\n<p style=\"text-align: justify;\"><em>Wierzymy, \u017ce kiedy w czerwcu rozpoczniemy najpi\u0119kniejsze juwenalia w Polsce, na ca\u0142ym \u015bwiecie b\u0119dzie panowa\u0142 pok\u00f3j.<\/em><\/p>\n<p style=\"text-align: right;\"><em>Organizatorzy Kortowiady 2022<\/em><\/p>\n","protected":false},"excerpt":{"rendered":"<p>Szanowni Pa\u0144stwo! Kole\u017canki i Koledzy! Odliczaj\u0105c dni do Kortowiady 2022, w ka\u017cdy wtorek przekazujemy informacj\u0119 o arty\u015bcie, kt\u00f3ry zagra na naszych juwenaliach w tym roku. Niestety, tym razem zawieszamy nasz\u0105 tradycj\u0119. W tej chwili skupiamy si\u0119 na czym\u015b zupe\u0142nie innym. Sw\u00f3j czas i dobr\u0105 energi\u0119 przeznaczamy na pomoc naszym ukrai\u0144skim Przyjacio\u0142om i ich Bliskim. Cisza,&nbsp;<\/p>\n<p><a class=\"btn btn-style\" href=\"https:\/\/archiwum.kortowiada.pl\/2022\/uwm-solidarny-z-ukraina-czekamy-z-ogloszeniem-kolejnej-gwiazdy-kortowiady\/\">Czytaj wi\u0119cej<\/a><\/p>\n","protected":false},"author":9,"featured_media":2685,"comment_status":"closed","ping_status":"closed","sticky":false,"template":"","format":"standard","meta":[],"categories":[111],"tags":[55,46,72,107,91,106],"yoast_head":"<!-- This site is optimized with the Yoast SEO plugin v19.6.1 - https:\/\/yoast.com\/wordpress\/plugins\/seo\/ -->\n<title>UWM solidarny z Ukrain\u0105. Czekamy z og\u0142oszeniem kolejnej gwiazdy Kortowiady - Kortowiada - najwi\u0119kszy festiwal studencki w Polsce<\/title>\n<meta name=\"robots\" content=\"index, follow, max-snippet:-1, max-image-preview:large, max-video-preview:-1\" \/>\n<link rel=\"canonical\" href=\"https:\/\/archiwum.kortowiada.pl\/2022\/uwm-solidarny-z-ukraina-czekamy-z-ogloszeniem-kolejnej-gwiazdy-kortowiady\/\" \/>\n<meta property=\"og:locale\" content=\"pl_PL\" \/>\n<meta property=\"og:type\" content=\"article\" \/>\n<meta property=\"og:title\" content=\"UWM solidarny z Ukrain\u0105. Czekamy z og\u0142oszeniem kolejnej gwiazdy Kortowiady - Kortowiada - najwi\u0119kszy festiwal studencki w Polsce\" \/>\n<meta property=\"og:description\" content=\"Szanowni Pa\u0144stwo! Kole\u017canki i Koledzy! Odliczaj\u0105c dni do Kortowiady 2022, w ka\u017cdy wtorek przekazujemy informacj\u0119 o arty\u015bcie, kt\u00f3ry zagra na naszych juwenaliach w tym roku. Niestety, tym razem zawieszamy nasz\u0105 tradycj\u0119. W tej chwili skupiamy si\u0119 na czym\u015b zupe\u0142nie innym. Sw\u00f3j czas i dobr\u0105 energi\u0119 przeznaczamy na pomoc naszym ukrai\u0144skim Przyjacio\u0142om i ich Bliskim. Cisza,&nbsp;Czytaj wi\u0119cej\" \/>\n<meta property=\"og:url\" content=\"https:\/\/archiwum.kortowiada.pl\/2022\/uwm-solidarny-z-ukraina-czekamy-z-ogloszeniem-kolejnej-gwiazdy-kortowiady\/\" \/>\n<meta property=\"og:site_name\" content=\"Kortowiada - najwi\u0119kszy festiwal studencki w Polsce\" \/>\n<meta property=\"article:publisher\" content=\"https:\/\/www.facebook.com\/kortowiadafestiwal\" \/>\n<meta property=\"article:published_time\" content=\"2022-02-27T18:31:48+00:00\" \/>\n<meta property=\"article:modified_time\" content=\"2022-03-09T18:50:42+00:00\" \/>\n<meta property=\"og:image\" content=\"https:\/\/archiwum.kortowiada.pl\/2022\/wp-content\/uploads\/2022\/02\/solidarni_wydarzenie_FB_1920x1080-1024x576.png\" \/>\n\t<meta property=\"og:image:width\" content=\"1024\" \/>\n\t<meta property=\"og:image:height\" content=\"576\" \/>\n\t<meta property=\"og:image:type\" content=\"image\/png\" \/>\n<meta name=\"author\" content=\"Daria Bruszewska\" \/>\n<meta name=\"twitter:card\" content=\"summary_large_image\" \/>\n<meta name=\"twitter:label1\" content=\"Napisane przez\" \/>\n\t<meta name=\"twitter:data1\" content=\"Daria Bruszewska\" \/>\n\t<meta name=\"twitter:label2\" content=\"Szacowany czas czytania\" \/>\n\t<meta name=\"twitter:data2\" content=\"2 minuty\" \/>\n<script type=\"application\/ld+json\" class=\"yoast-schema-graph\">{\"@context\":\"https:\/\/schema.org\",\"@graph\":[{\"@type\":\"Article\",\"@id\":\"https:\/\/archiwum.kortowiada.pl\/2022\/uwm-solidarny-z-ukraina-czekamy-z-ogloszeniem-kolejnej-gwiazdy-kortowiady\/#article\",\"isPartOf\":{\"@id\":\"https:\/\/archiwum.kortowiada.pl\/2022\/uwm-solidarny-z-ukraina-czekamy-z-ogloszeniem-kolejnej-gwiazdy-kortowiady\/\"},\"author\":{\"name\":\"Daria Bruszewska\",\"@id\":\"https:\/\/archiwum.kortowiada.pl\/2022\/#\/schema\/person\/203bdca03dc88232ceae13557ea4cb25\"},\"headline\":\"UWM solidarny z Ukrain\u0105. Czekamy z og\u0142oszeniem kolejnej gwiazdy Kortowiady\",\"datePublished\":\"2022-02-27T18:31:48+00:00\",\"dateModified\":\"2022-03-09T18:50:42+00:00\",\"mainEntityOfPage\":{\"@id\":\"https:\/\/archiwum.kortowiada.pl\/2022\/uwm-solidarny-z-ukraina-czekamy-z-ogloszeniem-kolejnej-gwiazdy-kortowiady\/\"},\"wordCount\":253,\"publisher\":{\"@id\":\"https:\/\/archiwum.kortowiada.pl\/2022\/#organization\"},\"keywords\":[\"juwenalia\",\"Kortowiada\",\"Kortowiada 2022\",\"og\u0142oszenie artysty\",\"Olszty\u0144skie Juwenalia\",\"Ukraina\"],\"articleSection\":[\"Inne\"],\"inLanguage\":\"pl-PL\"},{\"@type\":\"WebPage\",\"@id\":\"https:\/\/archiwum.kortowiada.pl\/2022\/uwm-solidarny-z-ukraina-czekamy-z-ogloszeniem-kolejnej-gwiazdy-kortowiady\/\",\"url\":\"https:\/\/archiwum.kortowiada.pl\/2022\/uwm-solidarny-z-ukraina-czekamy-z-ogloszeniem-kolejnej-gwiazdy-kortowiady\/\",\"name\":\"UWM solidarny z Ukrain\u0105. Czekamy z og\u0142oszeniem kolejnej gwiazdy Kortowiady - Kortowiada - najwi\u0119kszy festiwal studencki w Polsce\",\"isPartOf\":{\"@id\":\"https:\/\/archiwum.kortowiada.pl\/2022\/#website\"},\"datePublished\":\"2022-02-27T18:31:48+00:00\",\"dateModified\":\"2022-03-09T18:50:42+00:00\",\"breadcrumb\":{\"@id\":\"https:\/\/archiwum.kortowiada.pl\/2022\/uwm-solidarny-z-ukraina-czekamy-z-ogloszeniem-kolejnej-gwiazdy-kortowiady\/#breadcrumb\"},\"inLanguage\":\"pl-PL\",\"potentialAction\":[{\"@type\":\"ReadAction\",\"target\":[\"https:\/\/archiwum.kortowiada.pl\/2022\/uwm-solidarny-z-ukraina-czekamy-z-ogloszeniem-kolejnej-gwiazdy-kortowiady\/\"]}]},{\"@type\":\"BreadcrumbList\",\"@id\":\"https:\/\/archiwum.kortowiada.pl\/2022\/uwm-solidarny-z-ukraina-czekamy-z-ogloszeniem-kolejnej-gwiazdy-kortowiady\/#breadcrumb\",\"itemListElement\":[{\"@type\":\"ListItem\",\"position\":1,\"name\":\"Strona g\u0142\u00f3wna\",\"item\":\"https:\/\/archiwum.kortowiada.pl\/2022\/\"},{\"@type\":\"ListItem\",\"position\":2,\"name\":\"UWM solidarny z Ukrain\u0105. Czekamy z og\u0142oszeniem kolejnej gwiazdy Kortowiady\"}]},{\"@type\":\"WebSite\",\"@id\":\"https:\/\/archiwum.kortowiada.pl\/2022\/#website\",\"url\":\"https:\/\/archiwum.kortowiada.pl\/2022\/\",\"name\":\"Kortowiada - najwi\u0119kszy festiwal studencki w Polsce\",\"description\":\"1-4 czerwca 2022, 61. edycja - juwenalia Olsztyn\",\"publisher\":{\"@id\":\"https:\/\/archiwum.kortowiada.pl\/2022\/#organization\"},\"potentialAction\":[{\"@type\":\"SearchAction\",\"target\":{\"@type\":\"EntryPoint\",\"urlTemplate\":\"https:\/\/archiwum.kortowiada.pl\/2022\/?s={search_term_string}\"},\"query-input\":\"required name=search_term_string\"}],\"inLanguage\":\"pl-PL\"},{\"@type\":\"Organization\",\"@id\":\"https:\/\/archiwum.kortowiada.pl\/2022\/#organization\",\"name\":\"Kortowiada\",\"url\":\"https:\/\/archiwum.kortowiada.pl\/2022\/\",\"sameAs\":[\"https:\/\/www.instagram.com\/kortowiada\/?hl=pl\",\"https:\/\/www.youtube.com\/channel\/UCZpuhjpJ2XlHxcbT4N2oyFQ\",\"https:\/\/www.facebook.com\/kortowiadafestiwal\"],\"logo\":{\"@type\":\"ImageObject\",\"inLanguage\":\"pl-PL\",\"@id\":\"https:\/\/archiwum.kortowiada.pl\/2022\/#\/schema\/logo\/image\/\",\"url\":\"https:\/\/kortowiada.pl\/wp-content\/uploads\/2021\/05\/favig.png\",\"contentUrl\":\"https:\/\/kortowiada.pl\/wp-content\/uploads\/2021\/05\/favig.png\",\"width\":1080,\"height\":1080,\"caption\":\"Kortowiada\"},\"image\":{\"@id\":\"https:\/\/archiwum.kortowiada.pl\/2022\/#\/schema\/logo\/image\/\"}},{\"@type\":\"Person\",\"@id\":\"https:\/\/archiwum.kortowiada.pl\/2022\/#\/schema\/person\/203bdca03dc88232ceae13557ea4cb25\",\"name\":\"Daria Bruszewska\",\"image\":{\"@type\":\"ImageObject\",\"inLanguage\":\"pl-PL\",\"@id\":\"https:\/\/archiwum.kortowiada.pl\/2022\/#\/schema\/person\/image\/\",\"url\":\"https:\/\/secure.gravatar.com\/avatar\/4071c0be1102ef11730c77465d7d8936?s=96&d=mm&r=g\",\"contentUrl\":\"https:\/\/secure.gravatar.com\/avatar\/4071c0be1102ef11730c77465d7d8936?s=96&d=mm&r=g\",\"caption\":\"Daria Bruszewska\"},\"url\":\"https:\/\/archiwum.kortowiada.pl\/2022\/author\/daria\/\"}]}<\/script>\n<!-- \/ Yoast SEO plugin. -->","yoast_head_json":{"title":"UWM solidarny z Ukrain\u0105. Czekamy z og\u0142oszeniem kolejnej gwiazdy Kortowiady - Kortowiada - najwi\u0119kszy festiwal studencki w Polsce","robots":{"index":"index","follow":"follow","max-snippet":"max-snippet:-1","max-image-preview":"max-image-preview:large","max-video-preview":"max-video-preview:-1"},"canonical":"https:\/\/archiwum.kortowiada.pl\/2022\/uwm-solidarny-z-ukraina-czekamy-z-ogloszeniem-kolejnej-gwiazdy-kortowiady\/","og_locale":"pl_PL","og_type":"article","og_title":"UWM solidarny z Ukrain\u0105. Czekamy z og\u0142oszeniem kolejnej gwiazdy Kortowiady - Kortowiada - najwi\u0119kszy festiwal studencki w Polsce","og_description":"Szanowni Pa\u0144stwo! Kole\u017canki i Koledzy! Odliczaj\u0105c dni do Kortowiady 2022, w ka\u017cdy wtorek przekazujemy informacj\u0119 o arty\u015bcie, kt\u00f3ry zagra na naszych juwenaliach w tym roku. Niestety, tym razem zawieszamy nasz\u0105 tradycj\u0119. W tej chwili skupiamy si\u0119 na czym\u015b zupe\u0142nie innym. Sw\u00f3j czas i dobr\u0105 energi\u0119 przeznaczamy na pomoc naszym ukrai\u0144skim Przyjacio\u0142om i ich Bliskim. Cisza,&nbsp;Czytaj wi\u0119cej","og_url":"https:\/\/archiwum.kortowiada.pl\/2022\/uwm-solidarny-z-ukraina-czekamy-z-ogloszeniem-kolejnej-gwiazdy-kortowiady\/","og_site_name":"Kortowiada - najwi\u0119kszy festiwal studencki w Polsce","article_publisher":"https:\/\/www.facebook.com\/kortowiadafestiwal","article_published_time":"2022-02-27T18:31:48+00:00","article_modified_time":"2022-03-09T18:50:42+00:00","og_image":[{"width":1024,"height":576,"url":"https:\/\/archiwum.kortowiada.pl\/2022\/wp-content\/uploads\/2022\/02\/solidarni_wydarzenie_FB_1920x1080-1024x576.png","type":"image\/png"}],"author":"Daria Bruszewska","twitter_card":"summary_large_image","twitter_misc":{"Napisane przez":"Daria Bruszewska","Szacowany czas czytania":"2 minuty"},"schema":{"@context":"https:\/\/schema.org","@graph":[{"@type":"Article","@id":"https:\/\/archiwum.kortowiada.pl\/2022\/uwm-solidarny-z-ukraina-czekamy-z-ogloszeniem-kolejnej-gwiazdy-kortowiady\/#article","isPartOf":{"@id":"https:\/\/archiwum.kortowiada.pl\/2022\/uwm-solidarny-z-ukraina-czekamy-z-ogloszeniem-kolejnej-gwiazdy-kortowiady\/"},"author":{"name":"Daria Bruszewska","@id":"https:\/\/archiwum.kortowiada.pl\/2022\/#\/schema\/person\/203bdca03dc88232ceae13557ea4cb25"},"headline":"UWM solidarny z Ukrain\u0105. Czekamy z og\u0142oszeniem kolejnej gwiazdy Kortowiady","datePublished":"2022-02-27T18:31:48+00:00","dateModified":"2022-03-09T18:50:42+00:00","mainEntityOfPage":{"@id":"https:\/\/archiwum.kortowiada.pl\/2022\/uwm-solidarny-z-ukraina-czekamy-z-ogloszeniem-kolejnej-gwiazdy-kortowiady\/"},"wordCount":253,"publisher":{"@id":"https:\/\/archiwum.kortowiada.pl\/2022\/#organization"},"keywords":["juwenalia","Kortowiada","Kortowiada 2022","og\u0142oszenie artysty","Olszty\u0144skie Juwenalia","Ukraina"],"articleSection":["Inne"],"inLanguage":"pl-PL"},{"@type":"WebPage","@id":"https:\/\/archiwum.kortowiada.pl\/2022\/uwm-solidarny-z-ukraina-czekamy-z-ogloszeniem-kolejnej-gwiazdy-kortowiady\/","url":"https:\/\/archiwum.kortowiada.pl\/2022\/uwm-solidarny-z-ukraina-czekamy-z-ogloszeniem-kolejnej-gwiazdy-kortowiady\/","name":"UWM solidarny z Ukrain\u0105. Czekamy z og\u0142oszeniem kolejnej gwiazdy Kortowiady - Kortowiada - najwi\u0119kszy festiwal studencki w Polsce","isPartOf":{"@id":"https:\/\/archiwum.kortowiada.pl\/2022\/#website"},"datePublished":"2022-02-27T18:31:48+00:00","dateModified":"2022-03-09T18:50:42+00:00","breadcrumb":{"@id":"https:\/\/archiwum.kortowiada.pl\/2022\/uwm-solidarny-z-ukraina-czekamy-z-ogloszeniem-kolejnej-gwiazdy-kortowiady\/#breadcrumb"},"inLanguage":"pl-PL","potentialAction":[{"@type":"ReadAction","target":["https:\/\/archiwum.kortowiada.pl\/2022\/uwm-solidarny-z-ukraina-czekamy-z-ogloszeniem-kolejnej-gwiazdy-kortowiady\/"]}]},{"@type":"BreadcrumbList","@id":"https:\/\/archiwum.kortowiada.pl\/2022\/uwm-solidarny-z-ukraina-czekamy-z-ogloszeniem-kolejnej-gwiazdy-kortowiady\/#breadcrumb","itemListElement":[{"@type":"ListItem","position":1,"name":"Strona g\u0142\u00f3wna","item":"https:\/\/archiwum.kortowiada.pl\/2022\/"},{"@type":"ListItem","position":2,"name":"UWM solidarny z Ukrain\u0105. Czekamy z og\u0142oszeniem kolejnej gwiazdy Kortowiady"}]},{"@type":"WebSite","@id":"https:\/\/archiwum.kortowiada.pl\/2022\/#website","url":"https:\/\/archiwum.kortowiada.pl\/2022\/","name":"Kortowiada - najwi\u0119kszy festiwal studencki w Polsce","description":"1-4 czerwca 2022, 61. edycja - juwenalia Olsztyn","publisher":{"@id":"https:\/\/archiwum.kortowiada.pl\/2022\/#organization"},"potentialAction":[{"@type":"SearchAction","target":{"@type":"EntryPoint","urlTemplate":"https:\/\/archiwum.kortowiada.pl\/2022\/?s={search_term_string}"},"query-input":"required name=search_term_string"}],"inLanguage":"pl-PL"},{"@type":"Organization","@id":"https:\/\/archiwum.kortowiada.pl\/2022\/#organization","name":"Kortowiada","url":"https:\/\/archiwum.kortowiada.pl\/2022\/","sameAs":["https:\/\/www.instagram.com\/kortowiada\/?hl=pl","https:\/\/www.youtube.com\/channel\/UCZpuhjpJ2XlHxcbT4N2oyFQ","https:\/\/www.facebook.com\/kortowiadafestiwal"],"logo":{"@type":"ImageObject","inLanguage":"pl-PL","@id":"https:\/\/archiwum.kortowiada.pl\/2022\/#\/schema\/logo\/image\/","url":"https:\/\/kortowiada.pl\/wp-content\/uploads\/2021\/05\/favig.png","contentUrl":"https:\/\/kortowiada.pl\/wp-content\/uploads\/2021\/05\/favig.png","width":1080,"height":1080,"caption":"Kortowiada"},"image":{"@id":"https:\/\/archiwum.kortowiada.pl\/2022\/#\/schema\/logo\/image\/"}},{"@type":"Person","@id":"https:\/\/archiwum.kortowiada.pl\/2022\/#\/schema\/person\/203bdca03dc88232ceae13557ea4cb25","name":"Daria Bruszewska","image":{"@type":"ImageObject","inLanguage":"pl-PL","@id":"https:\/\/archiwum.kortowiada.pl\/2022\/#\/schema\/person\/image\/","url":"https:\/\/secure.gravatar.com\/avatar\/4071c0be1102ef11730c77465d7d8936?s=96&d=mm&r=g","contentUrl":"https:\/\/secure.gravatar.com\/avatar\/4071c0be1102ef11730c77465d7d8936?s=96&d=mm&r=g","caption":"Daria Bruszewska"},"url":"https:\/\/archiwum.kortowiada.pl\/2022\/author\/daria\/"}]}},"_links":{"self":[{"href":"https:\/\/archiwum.kortowiada.pl\/2022\/wp-json\/wp\/v2\/posts\/2682"}],"collection":[{"href":"https:\/\/archiwum.kortowiada.pl\/2022\/wp-json\/wp\/v2\/posts"}],"about":[{"href":"https:\/\/archiwum.kortowiada.pl\/2022\/wp-json\/wp\/v2\/types\/post"}],"author":[{"embeddable":true,"href":"https:\/\/archiwum.kortowiada.pl\/2022\/wp-json\/wp\/v2\/users\/9"}],"replies":[{"embeddable":true,"href":"https:\/\/archiwum.kortowiada.pl\/2022\/wp-json\/wp\/v2\/comments?post=2682"}],"version-history":[{"count":1,"href":"https:\/\/archiwum.kortowiada.pl\/2022\/wp-json\/wp\/v2\/posts\/2682\/revisions"}],"predecessor-version":[{"id":2684,"href":"https:\/\/archiwum.kortowiada.pl\/2022\/wp-json\/wp\/v2\/posts\/2682\/revisions\/2684"}],"wp:featuredmedia":[{"embeddable":true,"href":"https:\/\/archiwum.kortowiada.pl\/2022\/wp-json\/wp\/v2\/media\/2685"}],"wp:attachment":[{"href":"https:\/\/archiwum.kortowiada.pl\/2022\/wp-json\/wp\/v2\/media?parent=2682"}],"wp:term":[{"taxonomy":"category","embeddable":true,"href":"https:\/\/archiwum.kortowiada.pl\/2022\/wp-json\/wp\/v2\/categories?post=2682"},{"taxonomy":"post_tag","embeddable":true,"href":"https:\/\/archiwum.kortowiada.pl\/2022\/wp-json\/wp\/v2\/tags?post=2682"}],"curies":[{"name":"wp","href":"https:\/\/api.w.org\/{rel}","templated":true}]}}