{"id":2698,"date":"2022-03-08T11:59:37","date_gmt":"2022-03-08T10:59:37","guid":{"rendered":"https:\/\/kortowiada.pl\/?p=2698"},"modified":"2022-03-08T11:59:37","modified_gmt":"2022-03-08T10:59:37","slug":"pro8l3m-zagra-podczas-kortowiady-2022","status":"publish","type":"post","link":"https:\/\/archiwum.kortowiada.pl\/2022\/pro8l3m-zagra-podczas-kortowiady-2022\/","title":{"rendered":"PRO8L3M zagra podczas Kortowiady 2022"},"content":{"rendered":"<p style=\"text-align: justify;\"><strong>Jeden z najbardziej bezkompromisowych duet\u00f3w polskiej sceny muzycznej wyst\u0105pi podczas 61. edycji Kortowiady. Do sk\u0142adu olszty\u0144skich juwenali\u00f3w, kt\u00f3re odb\u0119d\u0105 si\u0119 od 1 do 4 czerwca, do\u0142\u0105cza PRO8L3M.<\/strong><\/p>\n<p style=\"text-align: justify;\"><strong>\u00a0<\/strong><\/p>\n<p style=\"text-align: justify;\"><strong>Oskar i Steez<\/strong>, dzia\u0142aj\u0105cy w duecie jako <strong>PRO8L3M<\/strong>, uchodz\u0105 za jeden z fenomen\u00f3w polskiej sceny muzycznej ostatnich lat. Uwag\u0119 krytyk\u00f3w i odbiorc\u00f3w zwr\u00f3cili ju\u017c w 2013 roku swoj\u0105 debiutanck\u0105 EP-k\u0105 <strong>\u201eC30C39\u201d<\/strong>. Od tego czasu nie zwalniaj\u0105 tempa, wp\u0142ywaj\u0105c na wizerunek \u015brodowiska hip-hopowego w Polsce.<\/p>\n<p style=\"text-align: justify;\">Za sukcesem zespo\u0142u stoj\u0105 poruszaj\u0105ce wa\u017cne tematy teksty Oskara i nowoczesne, dopracowane bity Steeza. Duet prowokuje i zmusza do namys\u0142u nad rzeczywisto\u015bci\u0105, kt\u00f3ra nas otacza. W utworach jest wi\u0119c mowa np. o degradacji \u015brodowiska czy upadku warto\u015bci.<\/p>\n<p style=\"text-align: justify;\">Rok temu PRO8L3M wyda\u0142 sw\u00f3j najnowszy album <strong>\u201eFight Club\u201d<\/strong>. W nagraniach udzia\u0142 wzi\u0119li tak\u017ce go\u015bcie, czyli m.in. Monika Brodka, Pezet i Sok\u00f3\u0142.<\/p>\n<p style=\"text-align: justify;\">Kortowiadowa publiczno\u015b\u0107 spotka si\u0119 z warszawskim duetem 4 czerwca. Koncert PRO8L3M-u b\u0119dzie jednym z pi\u0119tnastu, kt\u00f3re odb\u0119d\u0105 si\u0119 na scenie g\u0142\u00f3wnej na pla\u017cy kortowskiej. Do tej pory ujawniono, \u017ce podczas 61. edycji olszty\u0144skich juwenali\u00f3w zagraj\u0105: Ka\u015bka Sochacka, Baranovski, Happysad, Vito Bambino, Kwiat Jab\u0142oni, Enej i\u00a0Tymek.<\/p>\n<p style=\"text-align: justify;\"><a href=\"https:\/\/www.ebilet.pl\/muzyka\/festiwale\/kortowiada\/\">Karnety na Kortowiad\u0119 2022 mo\u017cna kupowa\u0107 za po\u015brednictwem serwisu \u201eE-bilet\u201d<\/a>. Ulgowe bilety przeznaczone s\u0105 dla student\u00f3w i pracownik\u00f3w Uniwersytetu Warmi\u0144sko-Mazurskiego w Olsztynie. W zwi\u0105zku ze zmian\u0105 przepis\u00f3w, organizatorzy mogli zrezygnowa\u0107 z wymogu przedstawiania przez uczestnik\u00f3w Kortowiady tzw. certyfikat\u00f3w covidowych.<\/p>\n<p style=\"text-align: justify;\">Poza koncertami na scenie g\u0142\u00f3wnej festiwalowi studenckiemu w Olsztynie towarzyszy\u0107 b\u0119dzie szereg wydarze\u0144. Przyk\u0142adem mog\u0105 by\u0107 tzw. ciche imprezy. Namiot Silent Party b\u0119dzie dzia\u0142a\u0142 na terenie kampusu od 1 do 4 czerwca.<\/p>\n<p style=\"text-align: justify;\">Organizatorami olszty\u0144skich juwenali\u00f3w s\u0105 <strong>Uniwersytet Warmi\u0144sko-Mazurski w\u00a0Olsztynie<\/strong> (reprezentowany przez Rad\u0119 Uczelnian\u0105 Samorz\u0105du Student\u00f3w) oraz Fundacja Samorz\u0105du Student\u00f3w UWM.<\/p>\n<p style=\"text-align: right;\"><em>Biuro Prasowe Kortowiady<\/em><\/p>\n","protected":false},"excerpt":{"rendered":"<p>Jeden z najbardziej bezkompromisowych duet\u00f3w polskiej sceny muzycznej wyst\u0105pi podczas 61. edycji Kortowiady. Do sk\u0142adu olszty\u0144skich juwenali\u00f3w, kt\u00f3re odb\u0119d\u0105 si\u0119 od 1 do 4 czerwca, do\u0142\u0105cza PRO8L3M. \u00a0 Oskar i Steez, dzia\u0142aj\u0105cy w duecie jako PRO8L3M, uchodz\u0105 za jeden z fenomen\u00f3w polskiej sceny muzycznej ostatnich lat. Uwag\u0119 krytyk\u00f3w i odbiorc\u00f3w zwr\u00f3cili ju\u017c w 2013 roku&nbsp;<\/p>\n<p><a class=\"btn btn-style\" href=\"https:\/\/archiwum.kortowiada.pl\/2022\/pro8l3m-zagra-podczas-kortowiady-2022\/\">Czytaj wi\u0119cej<\/a><\/p>\n","protected":false},"author":9,"featured_media":2699,"comment_status":"closed","ping_status":"closed","sticky":false,"template":"","format":"standard","meta":[],"categories":[43],"tags":[71,90,110,67,46,72,47,91,108,109],"yoast_head":"<!-- This site is optimized with the Yoast SEO plugin v19.6.1 - https:\/\/yoast.com\/wordpress\/plugins\/seo\/ -->\n<title>PRO8L3M zagra podczas Kortowiady 2022 - Kortowiada - najwi\u0119kszy festiwal studencki w Polsce<\/title>\n<meta name=\"robots\" content=\"index, follow, max-snippet:-1, max-image-preview:large, max-video-preview:-1\" \/>\n<link rel=\"canonical\" href=\"https:\/\/archiwum.kortowiada.pl\/2022\/pro8l3m-zagra-podczas-kortowiady-2022\/\" \/>\n<meta property=\"og:locale\" content=\"pl_PL\" \/>\n<meta property=\"og:type\" content=\"article\" \/>\n<meta property=\"og:title\" content=\"PRO8L3M zagra podczas Kortowiady 2022 - Kortowiada - najwi\u0119kszy festiwal studencki w Polsce\" \/>\n<meta property=\"og:description\" content=\"Jeden z najbardziej bezkompromisowych duet\u00f3w polskiej sceny muzycznej wyst\u0105pi podczas 61. edycji Kortowiady. Do sk\u0142adu olszty\u0144skich juwenali\u00f3w, kt\u00f3re odb\u0119d\u0105 si\u0119 od 1 do 4 czerwca, do\u0142\u0105cza PRO8L3M. \u00a0 Oskar i Steez, dzia\u0142aj\u0105cy w duecie jako PRO8L3M, uchodz\u0105 za jeden z fenomen\u00f3w polskiej sceny muzycznej ostatnich lat. Uwag\u0119 krytyk\u00f3w i odbiorc\u00f3w zwr\u00f3cili ju\u017c w 2013 roku&nbsp;Czytaj wi\u0119cej\" \/>\n<meta property=\"og:url\" content=\"https:\/\/archiwum.kortowiada.pl\/2022\/pro8l3m-zagra-podczas-kortowiady-2022\/\" \/>\n<meta property=\"og:site_name\" content=\"Kortowiada - najwi\u0119kszy festiwal studencki w Polsce\" \/>\n<meta property=\"article:publisher\" content=\"https:\/\/www.facebook.com\/kortowiadafestiwal\" \/>\n<meta property=\"article:published_time\" content=\"2022-03-08T10:59:37+00:00\" \/>\n<meta property=\"og:image\" content=\"https:\/\/archiwum.kortowiada.pl\/2022\/wp-content\/uploads\/2022\/03\/PRO8L3M-1920-x-1080.png\" \/>\n\t<meta property=\"og:image:width\" content=\"1920\" \/>\n\t<meta property=\"og:image:height\" content=\"1080\" \/>\n\t<meta property=\"og:image:type\" content=\"image\/png\" \/>\n<meta name=\"author\" content=\"Daria Bruszewska\" \/>\n<meta name=\"twitter:card\" content=\"summary_large_image\" \/>\n<meta name=\"twitter:label1\" content=\"Napisane przez\" \/>\n\t<meta name=\"twitter:data1\" content=\"Daria Bruszewska\" \/>\n\t<meta name=\"twitter:label2\" content=\"Szacowany czas czytania\" \/>\n\t<meta name=\"twitter:data2\" content=\"2 minuty\" \/>\n<script type=\"application\/ld+json\" class=\"yoast-schema-graph\">{\"@context\":\"https:\/\/schema.org\",\"@graph\":[{\"@type\":\"Article\",\"@id\":\"https:\/\/archiwum.kortowiada.pl\/2022\/pro8l3m-zagra-podczas-kortowiady-2022\/#article\",\"isPartOf\":{\"@id\":\"https:\/\/archiwum.kortowiada.pl\/2022\/pro8l3m-zagra-podczas-kortowiady-2022\/\"},\"author\":{\"name\":\"Daria Bruszewska\",\"@id\":\"https:\/\/archiwum.kortowiada.pl\/2022\/#\/schema\/person\/203bdca03dc88232ceae13557ea4cb25\"},\"headline\":\"PRO8L3M zagra podczas Kortowiady 2022\",\"datePublished\":\"2022-03-08T10:59:37+00:00\",\"dateModified\":\"2022-03-08T10:59:37+00:00\",\"mainEntityOfPage\":{\"@id\":\"https:\/\/archiwum.kortowiada.pl\/2022\/pro8l3m-zagra-podczas-kortowiady-2022\/\"},\"wordCount\":335,\"publisher\":{\"@id\":\"https:\/\/archiwum.kortowiada.pl\/2022\/#organization\"},\"keywords\":[\"festiwal olsztyn\",\"festiwal studencki\",\"gwiazda Kortowiada\",\"koncert\",\"Kortowiada\",\"Kortowiada 2022\",\"Olsztyn\",\"Olszty\u0144skie Juwenalia\",\"PRO8L3M\",\"Problem\"],\"articleSection\":[\"Kortowiada 2022\"],\"inLanguage\":\"pl-PL\"},{\"@type\":\"WebPage\",\"@id\":\"https:\/\/archiwum.kortowiada.pl\/2022\/pro8l3m-zagra-podczas-kortowiady-2022\/\",\"url\":\"https:\/\/archiwum.kortowiada.pl\/2022\/pro8l3m-zagra-podczas-kortowiady-2022\/\",\"name\":\"PRO8L3M zagra podczas Kortowiady 2022 - Kortowiada - najwi\u0119kszy festiwal studencki w Polsce\",\"isPartOf\":{\"@id\":\"https:\/\/archiwum.kortowiada.pl\/2022\/#website\"},\"datePublished\":\"2022-03-08T10:59:37+00:00\",\"dateModified\":\"2022-03-08T10:59:37+00:00\",\"breadcrumb\":{\"@id\":\"https:\/\/archiwum.kortowiada.pl\/2022\/pro8l3m-zagra-podczas-kortowiady-2022\/#breadcrumb\"},\"inLanguage\":\"pl-PL\",\"potentialAction\":[{\"@type\":\"ReadAction\",\"target\":[\"https:\/\/archiwum.kortowiada.pl\/2022\/pro8l3m-zagra-podczas-kortowiady-2022\/\"]}]},{\"@type\":\"BreadcrumbList\",\"@id\":\"https:\/\/archiwum.kortowiada.pl\/2022\/pro8l3m-zagra-podczas-kortowiady-2022\/#breadcrumb\",\"itemListElement\":[{\"@type\":\"ListItem\",\"position\":1,\"name\":\"Strona g\u0142\u00f3wna\",\"item\":\"https:\/\/archiwum.kortowiada.pl\/2022\/\"},{\"@type\":\"ListItem\",\"position\":2,\"name\":\"PRO8L3M zagra podczas Kortowiady 2022\"}]},{\"@type\":\"WebSite\",\"@id\":\"https:\/\/archiwum.kortowiada.pl\/2022\/#website\",\"url\":\"https:\/\/archiwum.kortowiada.pl\/2022\/\",\"name\":\"Kortowiada - najwi\u0119kszy festiwal studencki w Polsce\",\"description\":\"1-4 czerwca 2022, 61. edycja - juwenalia Olsztyn\",\"publisher\":{\"@id\":\"https:\/\/archiwum.kortowiada.pl\/2022\/#organization\"},\"potentialAction\":[{\"@type\":\"SearchAction\",\"target\":{\"@type\":\"EntryPoint\",\"urlTemplate\":\"https:\/\/archiwum.kortowiada.pl\/2022\/?s={search_term_string}\"},\"query-input\":\"required name=search_term_string\"}],\"inLanguage\":\"pl-PL\"},{\"@type\":\"Organization\",\"@id\":\"https:\/\/archiwum.kortowiada.pl\/2022\/#organization\",\"name\":\"Kortowiada\",\"url\":\"https:\/\/archiwum.kortowiada.pl\/2022\/\",\"sameAs\":[\"https:\/\/www.instagram.com\/kortowiada\/?hl=pl\",\"https:\/\/www.youtube.com\/channel\/UCZpuhjpJ2XlHxcbT4N2oyFQ\",\"https:\/\/www.facebook.com\/kortowiadafestiwal\"],\"logo\":{\"@type\":\"ImageObject\",\"inLanguage\":\"pl-PL\",\"@id\":\"https:\/\/archiwum.kortowiada.pl\/2022\/#\/schema\/logo\/image\/\",\"url\":\"https:\/\/kortowiada.pl\/wp-content\/uploads\/2021\/05\/favig.png\",\"contentUrl\":\"https:\/\/kortowiada.pl\/wp-content\/uploads\/2021\/05\/favig.png\",\"width\":1080,\"height\":1080,\"caption\":\"Kortowiada\"},\"image\":{\"@id\":\"https:\/\/archiwum.kortowiada.pl\/2022\/#\/schema\/logo\/image\/\"}},{\"@type\":\"Person\",\"@id\":\"https:\/\/archiwum.kortowiada.pl\/2022\/#\/schema\/person\/203bdca03dc88232ceae13557ea4cb25\",\"name\":\"Daria Bruszewska\",\"image\":{\"@type\":\"ImageObject\",\"inLanguage\":\"pl-PL\",\"@id\":\"https:\/\/archiwum.kortowiada.pl\/2022\/#\/schema\/person\/image\/\",\"url\":\"https:\/\/secure.gravatar.com\/avatar\/4071c0be1102ef11730c77465d7d8936?s=96&d=mm&r=g\",\"contentUrl\":\"https:\/\/secure.gravatar.com\/avatar\/4071c0be1102ef11730c77465d7d8936?s=96&d=mm&r=g\",\"caption\":\"Daria Bruszewska\"},\"url\":\"https:\/\/archiwum.kortowiada.pl\/2022\/author\/daria\/\"}]}<\/script>\n<!-- \/ Yoast SEO plugin. -->","yoast_head_json":{"title":"PRO8L3M zagra podczas Kortowiady 2022 - Kortowiada - najwi\u0119kszy festiwal studencki w Polsce","robots":{"index":"index","follow":"follow","max-snippet":"max-snippet:-1","max-image-preview":"max-image-preview:large","max-video-preview":"max-video-preview:-1"},"canonical":"https:\/\/archiwum.kortowiada.pl\/2022\/pro8l3m-zagra-podczas-kortowiady-2022\/","og_locale":"pl_PL","og_type":"article","og_title":"PRO8L3M zagra podczas Kortowiady 2022 - Kortowiada - najwi\u0119kszy festiwal studencki w Polsce","og_description":"Jeden z najbardziej bezkompromisowych duet\u00f3w polskiej sceny muzycznej wyst\u0105pi podczas 61. edycji Kortowiady. Do sk\u0142adu olszty\u0144skich juwenali\u00f3w, kt\u00f3re odb\u0119d\u0105 si\u0119 od 1 do 4 czerwca, do\u0142\u0105cza PRO8L3M. \u00a0 Oskar i Steez, dzia\u0142aj\u0105cy w duecie jako PRO8L3M, uchodz\u0105 za jeden z fenomen\u00f3w polskiej sceny muzycznej ostatnich lat. Uwag\u0119 krytyk\u00f3w i odbiorc\u00f3w zwr\u00f3cili ju\u017c w 2013 roku&nbsp;Czytaj wi\u0119cej","og_url":"https:\/\/archiwum.kortowiada.pl\/2022\/pro8l3m-zagra-podczas-kortowiady-2022\/","og_site_name":"Kortowiada - najwi\u0119kszy festiwal studencki w Polsce","article_publisher":"https:\/\/www.facebook.com\/kortowiadafestiwal","article_published_time":"2022-03-08T10:59:37+00:00","og_image":[{"width":1920,"height":1080,"url":"https:\/\/archiwum.kortowiada.pl\/2022\/wp-content\/uploads\/2022\/03\/PRO8L3M-1920-x-1080.png","type":"image\/png"}],"author":"Daria Bruszewska","twitter_card":"summary_large_image","twitter_misc":{"Napisane przez":"Daria Bruszewska","Szacowany czas czytania":"2 minuty"},"schema":{"@context":"https:\/\/schema.org","@graph":[{"@type":"Article","@id":"https:\/\/archiwum.kortowiada.pl\/2022\/pro8l3m-zagra-podczas-kortowiady-2022\/#article","isPartOf":{"@id":"https:\/\/archiwum.kortowiada.pl\/2022\/pro8l3m-zagra-podczas-kortowiady-2022\/"},"author":{"name":"Daria Bruszewska","@id":"https:\/\/archiwum.kortowiada.pl\/2022\/#\/schema\/person\/203bdca03dc88232ceae13557ea4cb25"},"headline":"PRO8L3M zagra podczas Kortowiady 2022","datePublished":"2022-03-08T10:59:37+00:00","dateModified":"2022-03-08T10:59:37+00:00","mainEntityOfPage":{"@id":"https:\/\/archiwum.kortowiada.pl\/2022\/pro8l3m-zagra-podczas-kortowiady-2022\/"},"wordCount":335,"publisher":{"@id":"https:\/\/archiwum.kortowiada.pl\/2022\/#organization"},"keywords":["festiwal olsztyn","festiwal studencki","gwiazda Kortowiada","koncert","Kortowiada","Kortowiada 2022","Olsztyn","Olszty\u0144skie Juwenalia","PRO8L3M","Problem"],"articleSection":["Kortowiada 2022"],"inLanguage":"pl-PL"},{"@type":"WebPage","@id":"https:\/\/archiwum.kortowiada.pl\/2022\/pro8l3m-zagra-podczas-kortowiady-2022\/","url":"https:\/\/archiwum.kortowiada.pl\/2022\/pro8l3m-zagra-podczas-kortowiady-2022\/","name":"PRO8L3M zagra podczas Kortowiady 2022 - Kortowiada - najwi\u0119kszy festiwal studencki w Polsce","isPartOf":{"@id":"https:\/\/archiwum.kortowiada.pl\/2022\/#website"},"datePublished":"2022-03-08T10:59:37+00:00","dateModified":"2022-03-08T10:59:37+00:00","breadcrumb":{"@id":"https:\/\/archiwum.kortowiada.pl\/2022\/pro8l3m-zagra-podczas-kortowiady-2022\/#breadcrumb"},"inLanguage":"pl-PL","potentialAction":[{"@type":"ReadAction","target":["https:\/\/archiwum.kortowiada.pl\/2022\/pro8l3m-zagra-podczas-kortowiady-2022\/"]}]},{"@type":"BreadcrumbList","@id":"https:\/\/archiwum.kortowiada.pl\/2022\/pro8l3m-zagra-podczas-kortowiady-2022\/#breadcrumb","itemListElement":[{"@type":"ListItem","position":1,"name":"Strona g\u0142\u00f3wna","item":"https:\/\/archiwum.kortowiada.pl\/2022\/"},{"@type":"ListItem","position":2,"name":"PRO8L3M zagra podczas Kortowiady 2022"}]},{"@type":"WebSite","@id":"https:\/\/archiwum.kortowiada.pl\/2022\/#website","url":"https:\/\/archiwum.kortowiada.pl\/2022\/","name":"Kortowiada - najwi\u0119kszy festiwal studencki w Polsce","description":"1-4 czerwca 2022, 61. edycja - juwenalia Olsztyn","publisher":{"@id":"https:\/\/archiwum.kortowiada.pl\/2022\/#organization"},"potentialAction":[{"@type":"SearchAction","target":{"@type":"EntryPoint","urlTemplate":"https:\/\/archiwum.kortowiada.pl\/2022\/?s={search_term_string}"},"query-input":"required name=search_term_string"}],"inLanguage":"pl-PL"},{"@type":"Organization","@id":"https:\/\/archiwum.kortowiada.pl\/2022\/#organization","name":"Kortowiada","url":"https:\/\/archiwum.kortowiada.pl\/2022\/","sameAs":["https:\/\/www.instagram.com\/kortowiada\/?hl=pl","https:\/\/www.youtube.com\/channel\/UCZpuhjpJ2XlHxcbT4N2oyFQ","https:\/\/www.facebook.com\/kortowiadafestiwal"],"logo":{"@type":"ImageObject","inLanguage":"pl-PL","@id":"https:\/\/archiwum.kortowiada.pl\/2022\/#\/schema\/logo\/image\/","url":"https:\/\/kortowiada.pl\/wp-content\/uploads\/2021\/05\/favig.png","contentUrl":"https:\/\/kortowiada.pl\/wp-content\/uploads\/2021\/05\/favig.png","width":1080,"height":1080,"caption":"Kortowiada"},"image":{"@id":"https:\/\/archiwum.kortowiada.pl\/2022\/#\/schema\/logo\/image\/"}},{"@type":"Person","@id":"https:\/\/archiwum.kortowiada.pl\/2022\/#\/schema\/person\/203bdca03dc88232ceae13557ea4cb25","name":"Daria Bruszewska","image":{"@type":"ImageObject","inLanguage":"pl-PL","@id":"https:\/\/archiwum.kortowiada.pl\/2022\/#\/schema\/person\/image\/","url":"https:\/\/secure.gravatar.com\/avatar\/4071c0be1102ef11730c77465d7d8936?s=96&d=mm&r=g","contentUrl":"https:\/\/secure.gravatar.com\/avatar\/4071c0be1102ef11730c77465d7d8936?s=96&d=mm&r=g","caption":"Daria Bruszewska"},"url":"https:\/\/archiwum.kortowiada.pl\/2022\/author\/daria\/"}]}},"_links":{"self":[{"href":"https:\/\/archiwum.kortowiada.pl\/2022\/wp-json\/wp\/v2\/posts\/2698"}],"collection":[{"href":"https:\/\/archiwum.kortowiada.pl\/2022\/wp-json\/wp\/v2\/posts"}],"about":[{"href":"https:\/\/archiwum.kortowiada.pl\/2022\/wp-json\/wp\/v2\/types\/post"}],"author":[{"embeddable":true,"href":"https:\/\/archiwum.kortowiada.pl\/2022\/wp-json\/wp\/v2\/users\/9"}],"replies":[{"embeddable":true,"href":"https:\/\/archiwum.kortowiada.pl\/2022\/wp-json\/wp\/v2\/comments?post=2698"}],"version-history":[{"count":1,"href":"https:\/\/archiwum.kortowiada.pl\/2022\/wp-json\/wp\/v2\/posts\/2698\/revisions"}],"predecessor-version":[{"id":2700,"href":"https:\/\/archiwum.kortowiada.pl\/2022\/wp-json\/wp\/v2\/posts\/2698\/revisions\/2700"}],"wp:featuredmedia":[{"embeddable":true,"href":"https:\/\/archiwum.kortowiada.pl\/2022\/wp-json\/wp\/v2\/media\/2699"}],"wp:attachment":[{"href":"https:\/\/archiwum.kortowiada.pl\/2022\/wp-json\/wp\/v2\/media?parent=2698"}],"wp:term":[{"taxonomy":"category","embeddable":true,"href":"https:\/\/archiwum.kortowiada.pl\/2022\/wp-json\/wp\/v2\/categories?post=2698"},{"taxonomy":"post_tag","embeddable":true,"href":"https:\/\/archiwum.kortowiada.pl\/2022\/wp-json\/wp\/v2\/tags?post=2698"}],"curies":[{"name":"wp","href":"https:\/\/api.w.org\/{rel}","templated":true}]}}