{"id":2794,"date":"2022-03-19T16:56:01","date_gmt":"2022-03-19T15:56:01","guid":{"rendered":"https:\/\/kortowiada.pl\/?p=2794"},"modified":"2022-03-22T13:33:22","modified_gmt":"2022-03-22T12:33:22","slug":"powitaj-wiosne-z-kortowiada","status":"publish","type":"post","link":"https:\/\/archiwum.kortowiada.pl\/2022\/powitaj-wiosne-z-kortowiada\/","title":{"rendered":"Powitaj wiosn\u0119 z Kortowiad\u0105!"},"content":{"rendered":"<p>&nbsp;<\/p>\n<p style=\"text-align: justify;\">Uroczy\u015bcie przysi\u0119gamy, \u017ce knujemy co\u015b&#8230; dobrego!<\/p>\n<p style=\"text-align: justify;\">Nie zdradzimy nic wi\u0119cej poza tym, \u017ce czekamy na Was <strong>21 marca od godz. 10 w Bibliotece Uniwersyteckiej<\/strong> UWM w Olsztynie!<\/p>\n<p style=\"text-align: justify;\">Pozostajemy w kontakcie!<\/p>\n<p style=\"text-align: right;\"><em>Organizatorzy Kortowiady 2022<\/em><\/p>\n<p>&nbsp;<\/p>\n<p><img loading=\"lazy\" class=\"alignnone size-large wp-image-2804\" src=\"https:\/\/kortowiada.pl\/wp-content\/uploads\/2022\/03\/IMG_7128-1-1024x683.jpg\" alt=\"\" width=\"1024\" height=\"683\" srcset=\"https:\/\/archiwum.kortowiada.pl\/2022\/wp-content\/uploads\/2022\/03\/IMG_7128-1-1024x683.jpg 1024w, https:\/\/archiwum.kortowiada.pl\/2022\/wp-content\/uploads\/2022\/03\/IMG_7128-1-300x200.jpg 300w, https:\/\/archiwum.kortowiada.pl\/2022\/wp-content\/uploads\/2022\/03\/IMG_7128-1-768x512.jpg 768w, https:\/\/archiwum.kortowiada.pl\/2022\/wp-content\/uploads\/2022\/03\/IMG_7128-1-1536x1024.jpg 1536w, https:\/\/archiwum.kortowiada.pl\/2022\/wp-content\/uploads\/2022\/03\/IMG_7128-1-570x380.jpg 570w, https:\/\/archiwum.kortowiada.pl\/2022\/wp-content\/uploads\/2022\/03\/IMG_7128-1.jpg 2048w\" sizes=\"(max-width: 1024px) 100vw, 1024px\" \/><\/p>\n<p>Edit:<\/p>\n<p>Czas na troch\u0119 informacji na temat niespodzianek czekaj\u0105cych w bibliotece. Po pierwsze i najwa\u017cniejsze, z okazji pierwszego dnia wiosny wprowadzono kilka wa\u017cnych zmian<strong> <a href=\"http:\/\/www.bilety.kortowiada.pl\">do cennika bilet\u00f3w<\/a>:<\/strong><\/p>\n<ol>\n<li dir=\"auto\">karnety ulgowe i normalne mo\u017cna <strong>dzi\u015b<\/strong> (21 marca) kupi\u0107 <strong>w promocyjnej cenie<\/strong>;<\/li>\n<li dir=\"auto\">wprowadzone do sprzeda\u017cy zosta\u0142y <strong>karnety dla student\u00f3w innych uczelni<\/strong> &#8211; s\u0105 one dost\u0119pne w ni\u017cszej cenie ni\u017c normalne;<\/li>\n<li dir=\"auto\">\u00a0zgodnie z licznymi pro\u015bbami os\u00f3b zainteresowanych udzia\u0142em w tegorocznej Kortowiadzie, uruchomiona zosta\u0142a tak\u017ce sprzeda\u017c <strong>bilet\u00f3w jednodniowych<\/strong>.<\/li>\n<\/ol>\n<p>&nbsp;<\/p>\n<p>Dla os\u00f3b, kt\u00f3re odwiedzi\u0142y kortowiadowe stoisko w bibliotece uniwersyteckiej, samorz\u0105d studencki przygotowa\u0142 stref\u0119 relaksu. Na odwiedzaj\u0105cych czeka\u0142y plansz\u00f3wki i specjalna, ogromna edycja gry Monopoly UWM.<\/p>\n<p>W holu umieszczono tak\u017ce plakaty promuj\u0105ce wcze\u015bniejsze edycje olszty\u0144skich juwenali\u00f3w.<\/p>\n<p>&nbsp;<\/p>\n","protected":false},"excerpt":{"rendered":"<p>&nbsp; Uroczy\u015bcie przysi\u0119gamy, \u017ce knujemy co\u015b&#8230; dobrego! Nie zdradzimy nic wi\u0119cej poza tym, \u017ce czekamy na Was 21 marca od godz. 10 w Bibliotece Uniwersyteckiej UWM w Olsztynie! Pozostajemy w kontakcie! Organizatorzy Kortowiady 2022 &nbsp; Edit: Czas na troch\u0119 informacji na temat niespodzianek czekaj\u0105cych w bibliotece. Po pierwsze i najwa\u017cniejsze, z okazji pierwszego dnia wiosny&nbsp;<\/p>\n<p><a class=\"btn btn-style\" href=\"https:\/\/archiwum.kortowiada.pl\/2022\/powitaj-wiosne-z-kortowiada\/\">Czytaj wi\u0119cej<\/a><\/p>\n","protected":false},"author":9,"featured_media":2800,"comment_status":"closed","ping_status":"closed","sticky":false,"template":"","format":"standard","meta":[],"categories":[43],"tags":[119,72,70],"yoast_head":"<!-- This site is optimized with the Yoast SEO plugin v19.6.1 - https:\/\/yoast.com\/wordpress\/plugins\/seo\/ -->\n<title>Powitaj wiosn\u0119 z Kortowiad\u0105! - Kortowiada - najwi\u0119kszy festiwal studencki w Polsce<\/title>\n<meta name=\"robots\" content=\"index, follow, max-snippet:-1, max-image-preview:large, max-video-preview:-1\" \/>\n<link rel=\"canonical\" href=\"https:\/\/archiwum.kortowiada.pl\/2022\/powitaj-wiosne-z-kortowiada\/\" \/>\n<meta property=\"og:locale\" content=\"pl_PL\" \/>\n<meta property=\"og:type\" content=\"article\" \/>\n<meta property=\"og:title\" content=\"Powitaj wiosn\u0119 z Kortowiad\u0105! - Kortowiada - najwi\u0119kszy festiwal studencki w Polsce\" \/>\n<meta property=\"og:description\" content=\"&nbsp; Uroczy\u015bcie przysi\u0119gamy, \u017ce knujemy co\u015b&#8230; dobrego! Nie zdradzimy nic wi\u0119cej poza tym, \u017ce czekamy na Was 21 marca od godz. 10 w Bibliotece Uniwersyteckiej UWM w Olsztynie! Pozostajemy w kontakcie! Organizatorzy Kortowiady 2022 &nbsp; Edit: Czas na troch\u0119 informacji na temat niespodzianek czekaj\u0105cych w bibliotece. Po pierwsze i najwa\u017cniejsze, z okazji pierwszego dnia wiosny&nbsp;Czytaj wi\u0119cej\" \/>\n<meta property=\"og:url\" content=\"https:\/\/archiwum.kortowiada.pl\/2022\/powitaj-wiosne-z-kortowiada\/\" \/>\n<meta property=\"og:site_name\" content=\"Kortowiada - najwi\u0119kszy festiwal studencki w Polsce\" \/>\n<meta property=\"article:publisher\" content=\"https:\/\/www.facebook.com\/kortowiadafestiwal\" \/>\n<meta property=\"article:published_time\" content=\"2022-03-19T15:56:01+00:00\" \/>\n<meta property=\"article:modified_time\" content=\"2022-03-22T12:33:22+00:00\" \/>\n<meta property=\"og:image\" content=\"https:\/\/archiwum.kortowiada.pl\/2022\/wp-content\/uploads\/2022\/03\/1920x1080-1.png\" \/>\n\t<meta property=\"og:image:width\" content=\"1920\" \/>\n\t<meta property=\"og:image:height\" content=\"1080\" \/>\n\t<meta property=\"og:image:type\" content=\"image\/png\" \/>\n<meta name=\"author\" content=\"Daria Bruszewska\" \/>\n<meta name=\"twitter:card\" content=\"summary_large_image\" \/>\n<meta name=\"twitter:label1\" content=\"Napisane przez\" \/>\n\t<meta name=\"twitter:data1\" content=\"Daria Bruszewska\" \/>\n\t<meta name=\"twitter:label2\" content=\"Szacowany czas czytania\" \/>\n\t<meta name=\"twitter:data2\" content=\"2 minuty\" \/>\n<script type=\"application\/ld+json\" class=\"yoast-schema-graph\">{\"@context\":\"https:\/\/schema.org\",\"@graph\":[{\"@type\":\"Article\",\"@id\":\"https:\/\/archiwum.kortowiada.pl\/2022\/powitaj-wiosne-z-kortowiada\/#article\",\"isPartOf\":{\"@id\":\"https:\/\/archiwum.kortowiada.pl\/2022\/powitaj-wiosne-z-kortowiada\/\"},\"author\":{\"name\":\"Daria Bruszewska\",\"@id\":\"https:\/\/archiwum.kortowiada.pl\/2022\/#\/schema\/person\/203bdca03dc88232ceae13557ea4cb25\"},\"headline\":\"Powitaj wiosn\u0119 z Kortowiad\u0105!\",\"datePublished\":\"2022-03-19T15:56:01+00:00\",\"dateModified\":\"2022-03-22T12:33:22+00:00\",\"mainEntityOfPage\":{\"@id\":\"https:\/\/archiwum.kortowiada.pl\/2022\/powitaj-wiosne-z-kortowiada\/\"},\"wordCount\":176,\"publisher\":{\"@id\":\"https:\/\/archiwum.kortowiada.pl\/2022\/#organization\"},\"keywords\":[\"biblioteka uniwersytecka\",\"Kortowiada 2022\",\"uwm\"],\"articleSection\":[\"Kortowiada 2022\"],\"inLanguage\":\"pl-PL\"},{\"@type\":\"WebPage\",\"@id\":\"https:\/\/archiwum.kortowiada.pl\/2022\/powitaj-wiosne-z-kortowiada\/\",\"url\":\"https:\/\/archiwum.kortowiada.pl\/2022\/powitaj-wiosne-z-kortowiada\/\",\"name\":\"Powitaj wiosn\u0119 z Kortowiad\u0105! - Kortowiada - najwi\u0119kszy festiwal studencki w Polsce\",\"isPartOf\":{\"@id\":\"https:\/\/archiwum.kortowiada.pl\/2022\/#website\"},\"datePublished\":\"2022-03-19T15:56:01+00:00\",\"dateModified\":\"2022-03-22T12:33:22+00:00\",\"breadcrumb\":{\"@id\":\"https:\/\/archiwum.kortowiada.pl\/2022\/powitaj-wiosne-z-kortowiada\/#breadcrumb\"},\"inLanguage\":\"pl-PL\",\"potentialAction\":[{\"@type\":\"ReadAction\",\"target\":[\"https:\/\/archiwum.kortowiada.pl\/2022\/powitaj-wiosne-z-kortowiada\/\"]}]},{\"@type\":\"BreadcrumbList\",\"@id\":\"https:\/\/archiwum.kortowiada.pl\/2022\/powitaj-wiosne-z-kortowiada\/#breadcrumb\",\"itemListElement\":[{\"@type\":\"ListItem\",\"position\":1,\"name\":\"Strona g\u0142\u00f3wna\",\"item\":\"https:\/\/archiwum.kortowiada.pl\/2022\/\"},{\"@type\":\"ListItem\",\"position\":2,\"name\":\"Powitaj wiosn\u0119 z Kortowiad\u0105!\"}]},{\"@type\":\"WebSite\",\"@id\":\"https:\/\/archiwum.kortowiada.pl\/2022\/#website\",\"url\":\"https:\/\/archiwum.kortowiada.pl\/2022\/\",\"name\":\"Kortowiada - najwi\u0119kszy festiwal studencki w Polsce\",\"description\":\"1-4 czerwca 2022, 61. edycja - juwenalia Olsztyn\",\"publisher\":{\"@id\":\"https:\/\/archiwum.kortowiada.pl\/2022\/#organization\"},\"potentialAction\":[{\"@type\":\"SearchAction\",\"target\":{\"@type\":\"EntryPoint\",\"urlTemplate\":\"https:\/\/archiwum.kortowiada.pl\/2022\/?s={search_term_string}\"},\"query-input\":\"required name=search_term_string\"}],\"inLanguage\":\"pl-PL\"},{\"@type\":\"Organization\",\"@id\":\"https:\/\/archiwum.kortowiada.pl\/2022\/#organization\",\"name\":\"Kortowiada\",\"url\":\"https:\/\/archiwum.kortowiada.pl\/2022\/\",\"sameAs\":[\"https:\/\/www.instagram.com\/kortowiada\/?hl=pl\",\"https:\/\/www.youtube.com\/channel\/UCZpuhjpJ2XlHxcbT4N2oyFQ\",\"https:\/\/www.facebook.com\/kortowiadafestiwal\"],\"logo\":{\"@type\":\"ImageObject\",\"inLanguage\":\"pl-PL\",\"@id\":\"https:\/\/archiwum.kortowiada.pl\/2022\/#\/schema\/logo\/image\/\",\"url\":\"https:\/\/kortowiada.pl\/wp-content\/uploads\/2021\/05\/favig.png\",\"contentUrl\":\"https:\/\/kortowiada.pl\/wp-content\/uploads\/2021\/05\/favig.png\",\"width\":1080,\"height\":1080,\"caption\":\"Kortowiada\"},\"image\":{\"@id\":\"https:\/\/archiwum.kortowiada.pl\/2022\/#\/schema\/logo\/image\/\"}},{\"@type\":\"Person\",\"@id\":\"https:\/\/archiwum.kortowiada.pl\/2022\/#\/schema\/person\/203bdca03dc88232ceae13557ea4cb25\",\"name\":\"Daria Bruszewska\",\"image\":{\"@type\":\"ImageObject\",\"inLanguage\":\"pl-PL\",\"@id\":\"https:\/\/archiwum.kortowiada.pl\/2022\/#\/schema\/person\/image\/\",\"url\":\"https:\/\/secure.gravatar.com\/avatar\/4071c0be1102ef11730c77465d7d8936?s=96&d=mm&r=g\",\"contentUrl\":\"https:\/\/secure.gravatar.com\/avatar\/4071c0be1102ef11730c77465d7d8936?s=96&d=mm&r=g\",\"caption\":\"Daria Bruszewska\"},\"url\":\"https:\/\/archiwum.kortowiada.pl\/2022\/author\/daria\/\"}]}<\/script>\n<!-- \/ Yoast SEO plugin. -->","yoast_head_json":{"title":"Powitaj wiosn\u0119 z Kortowiad\u0105! - Kortowiada - najwi\u0119kszy festiwal studencki w Polsce","robots":{"index":"index","follow":"follow","max-snippet":"max-snippet:-1","max-image-preview":"max-image-preview:large","max-video-preview":"max-video-preview:-1"},"canonical":"https:\/\/archiwum.kortowiada.pl\/2022\/powitaj-wiosne-z-kortowiada\/","og_locale":"pl_PL","og_type":"article","og_title":"Powitaj wiosn\u0119 z Kortowiad\u0105! - Kortowiada - najwi\u0119kszy festiwal studencki w Polsce","og_description":"&nbsp; Uroczy\u015bcie przysi\u0119gamy, \u017ce knujemy co\u015b&#8230; dobrego! Nie zdradzimy nic wi\u0119cej poza tym, \u017ce czekamy na Was 21 marca od godz. 10 w Bibliotece Uniwersyteckiej UWM w Olsztynie! Pozostajemy w kontakcie! Organizatorzy Kortowiady 2022 &nbsp; Edit: Czas na troch\u0119 informacji na temat niespodzianek czekaj\u0105cych w bibliotece. Po pierwsze i najwa\u017cniejsze, z okazji pierwszego dnia wiosny&nbsp;Czytaj wi\u0119cej","og_url":"https:\/\/archiwum.kortowiada.pl\/2022\/powitaj-wiosne-z-kortowiada\/","og_site_name":"Kortowiada - najwi\u0119kszy festiwal studencki w Polsce","article_publisher":"https:\/\/www.facebook.com\/kortowiadafestiwal","article_published_time":"2022-03-19T15:56:01+00:00","article_modified_time":"2022-03-22T12:33:22+00:00","og_image":[{"width":1920,"height":1080,"url":"https:\/\/archiwum.kortowiada.pl\/2022\/wp-content\/uploads\/2022\/03\/1920x1080-1.png","type":"image\/png"}],"author":"Daria Bruszewska","twitter_card":"summary_large_image","twitter_misc":{"Napisane przez":"Daria Bruszewska","Szacowany czas czytania":"2 minuty"},"schema":{"@context":"https:\/\/schema.org","@graph":[{"@type":"Article","@id":"https:\/\/archiwum.kortowiada.pl\/2022\/powitaj-wiosne-z-kortowiada\/#article","isPartOf":{"@id":"https:\/\/archiwum.kortowiada.pl\/2022\/powitaj-wiosne-z-kortowiada\/"},"author":{"name":"Daria Bruszewska","@id":"https:\/\/archiwum.kortowiada.pl\/2022\/#\/schema\/person\/203bdca03dc88232ceae13557ea4cb25"},"headline":"Powitaj wiosn\u0119 z Kortowiad\u0105!","datePublished":"2022-03-19T15:56:01+00:00","dateModified":"2022-03-22T12:33:22+00:00","mainEntityOfPage":{"@id":"https:\/\/archiwum.kortowiada.pl\/2022\/powitaj-wiosne-z-kortowiada\/"},"wordCount":176,"publisher":{"@id":"https:\/\/archiwum.kortowiada.pl\/2022\/#organization"},"keywords":["biblioteka uniwersytecka","Kortowiada 2022","uwm"],"articleSection":["Kortowiada 2022"],"inLanguage":"pl-PL"},{"@type":"WebPage","@id":"https:\/\/archiwum.kortowiada.pl\/2022\/powitaj-wiosne-z-kortowiada\/","url":"https:\/\/archiwum.kortowiada.pl\/2022\/powitaj-wiosne-z-kortowiada\/","name":"Powitaj wiosn\u0119 z Kortowiad\u0105! - Kortowiada - najwi\u0119kszy festiwal studencki w Polsce","isPartOf":{"@id":"https:\/\/archiwum.kortowiada.pl\/2022\/#website"},"datePublished":"2022-03-19T15:56:01+00:00","dateModified":"2022-03-22T12:33:22+00:00","breadcrumb":{"@id":"https:\/\/archiwum.kortowiada.pl\/2022\/powitaj-wiosne-z-kortowiada\/#breadcrumb"},"inLanguage":"pl-PL","potentialAction":[{"@type":"ReadAction","target":["https:\/\/archiwum.kortowiada.pl\/2022\/powitaj-wiosne-z-kortowiada\/"]}]},{"@type":"BreadcrumbList","@id":"https:\/\/archiwum.kortowiada.pl\/2022\/powitaj-wiosne-z-kortowiada\/#breadcrumb","itemListElement":[{"@type":"ListItem","position":1,"name":"Strona g\u0142\u00f3wna","item":"https:\/\/archiwum.kortowiada.pl\/2022\/"},{"@type":"ListItem","position":2,"name":"Powitaj wiosn\u0119 z Kortowiad\u0105!"}]},{"@type":"WebSite","@id":"https:\/\/archiwum.kortowiada.pl\/2022\/#website","url":"https:\/\/archiwum.kortowiada.pl\/2022\/","name":"Kortowiada - najwi\u0119kszy festiwal studencki w Polsce","description":"1-4 czerwca 2022, 61. edycja - juwenalia Olsztyn","publisher":{"@id":"https:\/\/archiwum.kortowiada.pl\/2022\/#organization"},"potentialAction":[{"@type":"SearchAction","target":{"@type":"EntryPoint","urlTemplate":"https:\/\/archiwum.kortowiada.pl\/2022\/?s={search_term_string}"},"query-input":"required name=search_term_string"}],"inLanguage":"pl-PL"},{"@type":"Organization","@id":"https:\/\/archiwum.kortowiada.pl\/2022\/#organization","name":"Kortowiada","url":"https:\/\/archiwum.kortowiada.pl\/2022\/","sameAs":["https:\/\/www.instagram.com\/kortowiada\/?hl=pl","https:\/\/www.youtube.com\/channel\/UCZpuhjpJ2XlHxcbT4N2oyFQ","https:\/\/www.facebook.com\/kortowiadafestiwal"],"logo":{"@type":"ImageObject","inLanguage":"pl-PL","@id":"https:\/\/archiwum.kortowiada.pl\/2022\/#\/schema\/logo\/image\/","url":"https:\/\/kortowiada.pl\/wp-content\/uploads\/2021\/05\/favig.png","contentUrl":"https:\/\/kortowiada.pl\/wp-content\/uploads\/2021\/05\/favig.png","width":1080,"height":1080,"caption":"Kortowiada"},"image":{"@id":"https:\/\/archiwum.kortowiada.pl\/2022\/#\/schema\/logo\/image\/"}},{"@type":"Person","@id":"https:\/\/archiwum.kortowiada.pl\/2022\/#\/schema\/person\/203bdca03dc88232ceae13557ea4cb25","name":"Daria Bruszewska","image":{"@type":"ImageObject","inLanguage":"pl-PL","@id":"https:\/\/archiwum.kortowiada.pl\/2022\/#\/schema\/person\/image\/","url":"https:\/\/secure.gravatar.com\/avatar\/4071c0be1102ef11730c77465d7d8936?s=96&d=mm&r=g","contentUrl":"https:\/\/secure.gravatar.com\/avatar\/4071c0be1102ef11730c77465d7d8936?s=96&d=mm&r=g","caption":"Daria Bruszewska"},"url":"https:\/\/archiwum.kortowiada.pl\/2022\/author\/daria\/"}]}},"_links":{"self":[{"href":"https:\/\/archiwum.kortowiada.pl\/2022\/wp-json\/wp\/v2\/posts\/2794"}],"collection":[{"href":"https:\/\/archiwum.kortowiada.pl\/2022\/wp-json\/wp\/v2\/posts"}],"about":[{"href":"https:\/\/archiwum.kortowiada.pl\/2022\/wp-json\/wp\/v2\/types\/post"}],"author":[{"embeddable":true,"href":"https:\/\/archiwum.kortowiada.pl\/2022\/wp-json\/wp\/v2\/users\/9"}],"replies":[{"embeddable":true,"href":"https:\/\/archiwum.kortowiada.pl\/2022\/wp-json\/wp\/v2\/comments?post=2794"}],"version-history":[{"count":6,"href":"https:\/\/archiwum.kortowiada.pl\/2022\/wp-json\/wp\/v2\/posts\/2794\/revisions"}],"predecessor-version":[{"id":2815,"href":"https:\/\/archiwum.kortowiada.pl\/2022\/wp-json\/wp\/v2\/posts\/2794\/revisions\/2815"}],"wp:featuredmedia":[{"embeddable":true,"href":"https:\/\/archiwum.kortowiada.pl\/2022\/wp-json\/wp\/v2\/media\/2800"}],"wp:attachment":[{"href":"https:\/\/archiwum.kortowiada.pl\/2022\/wp-json\/wp\/v2\/media?parent=2794"}],"wp:term":[{"taxonomy":"category","embeddable":true,"href":"https:\/\/archiwum.kortowiada.pl\/2022\/wp-json\/wp\/v2\/categories?post=2794"},{"taxonomy":"post_tag","embeddable":true,"href":"https:\/\/archiwum.kortowiada.pl\/2022\/wp-json\/wp\/v2\/tags?post=2794"}],"curies":[{"name":"wp","href":"https:\/\/api.w.org\/{rel}","templated":true}]}}