{"id":3171,"date":"2022-05-15T19:22:12","date_gmt":"2022-05-15T17:22:12","guid":{"rendered":"https:\/\/kortowiada.pl\/?p=3171"},"modified":"2022-05-24T14:25:42","modified_gmt":"2022-05-24T12:25:42","slug":"kortowiadowe-kino","status":"publish","type":"post","link":"https:\/\/archiwum.kortowiada.pl\/2022\/kortowiadowe-kino\/","title":{"rendered":"Kino plenerowe Kortowiady: wybierz film!"},"content":{"rendered":"<p style=\"text-align: justify;\"><strong>Kino plenerowe pojawi si\u0119 podczas Kortowiady 2022 dzi\u0119ki projektowi &#8220;Kortowo. Europa. My.&#8221;.\u00a0 Powsta\u0142 on przy wsp\u00f3\u0142pracy z <a href=\"https:\/\/poland.representation.ec.europa.eu\/\">Przedstawicielstwem Komisji Europejskiej w Polsce<\/a>\u00a0w ramach\u00a0<a href=\"https:\/\/europa.eu\/youth\/year-of-youth_pl\">Europejskiego Roku M\u0142odzie\u017cy.<\/a><\/strong><\/p>\n<p style=\"text-align: justify;\">To, czy kino plenerowe pasuje do olszty\u0144skich juwenali\u00f3w, sprawdzili\u015bmy podczas Kortowiady 2019. W\u0142a\u015bnie wtedy, w \u015bwietnej atmosferze, obejrzeli\u015bmy razem klasyk\u0119 polskiej komedii. Liczymy na r\u00f3wnie udan\u0105 powt\u00f3rk\u0119 podczas tegorocznych juwenali\u00f3w w Olsztynie. Pozostaje tylko jedno pytanie: co obejrzymy? Zdecydujmy o tym razem!<\/p>\n<p style=\"text-align: justify;\">Utworzyli\u015bmy <a href=\"https:\/\/kortowiada.pl\/kino-plenerowe\/\"><strong>specjaln\u0105 ankiet\u0119, dzi\u0119ki kt\u00f3rej wybierzemy repertuar<\/strong><\/a>. W tym roku obejrzymy a\u017c trzy filmy \u2013 po jednym ka\u017cdego wieczoru!<\/p>\n<p style=\"text-align: justify;\">Do wyboru s\u0105:<\/p>\n<div class=\"office-form-question-choice\" style=\"text-align: justify;\">\n<ul>\n<li class=\"checkbox\"><label class=\"office-form-question-choice-row office-form-question-choice-text-row \"><span id=\"QuestionChoiceOption1\" class=\"office-form-question-choice-text-span\"><span class=\"text-format-content\">Dzie\u0144 \u015awira (2002)<\/span><\/span><\/label><\/li>\n<li class=\"checkbox\">Baby Driver (2017)<\/li>\n<li class=\"checkbox\">Mi\u015b (1981)<\/li>\n<li class=\"checkbox\">Mamma Mia (2008)<\/li>\n<li class=\"checkbox\">Poranek Kojota (2001)<\/li>\n<li class=\"checkbox\">Whiplash (2014)<\/li>\n<li class=\"checkbox\">Forrest Gump (1994)<\/li>\n<li class=\"checkbox\">Kod da Vinci (2006)<\/li>\n<li class=\"checkbox\">Tw\u00f3j Vincent (2017)<\/li>\n<li class=\"checkbox\">Ch\u0142opaki nie p\u0142acz\u0105 (2000)<\/li>\n<li class=\"checkbox\">Wielki Gatsby (2013)<\/li>\n<li class=\"checkbox\">Dirty Dancing (1987)<\/li>\n<li class=\"checkbox\">Parasite (2019)<\/li>\n<li class=\"checkbox\">Vinci (2004)<\/li>\n<li class=\"checkbox\">Joker (2019)<\/li>\n<li class=\"checkbox\">Seksmisja (1984)<\/li>\n<li class=\"checkbox\">50 Pierwszych Randek (2004)<\/li>\n<\/ul>\n<\/div>\n<p style=\"text-align: justify;\">Przypominamy, \u017ce g\u0142osujemy <a href=\"https:\/\/kortowiada.pl\/kino-plenerowe\/\"><strong>&gt;&gt;&gt; tutaj!<\/strong><\/a><\/p>\n<p style=\"text-align: justify;\">Poza kinem plenerowym w ramach projektu <strong><em>Kortowo. Europa. My.<\/em><\/strong> jeszcze w maju b\u0119d\u0105 czeka\u0107 na Was ciekawe konkursy, webinaria i tre\u015bci dotycz\u0105ce programu Erasmus+ oraz mo\u017cliwo\u015bci odbywania praktyk, sta\u017cy lub zatrudnienia w strukturach Unii Europejskiej. Obserwujcie profile Kortowiady, Rady Uczelnianej Samorz\u0105du Studenckiego UWM w Olsztynie oraz <a href=\"https:\/\/www.facebook.com\/komisjaeuropejska\">Przedstawicielstwa Komisji Europejskiej w Polsce<\/a> w mediach spo\u0142eczno\u015bciowych i czekajcie na wi\u0119cej informacji!<\/p>\n<p style=\"text-align: justify;\">\n","protected":false},"excerpt":{"rendered":"<p>Kino plenerowe pojawi si\u0119 podczas Kortowiady 2022 dzi\u0119ki projektowi &#8220;Kortowo. Europa. My.&#8221;.\u00a0 Powsta\u0142 on przy wsp\u00f3\u0142pracy z Przedstawicielstwem Komisji Europejskiej w Polsce\u00a0w ramach\u00a0Europejskiego Roku M\u0142odzie\u017cy. To, czy kino plenerowe pasuje do olszty\u0144skich juwenali\u00f3w, sprawdzili\u015bmy podczas Kortowiady 2019. W\u0142a\u015bnie wtedy, w \u015bwietnej atmosferze, obejrzeli\u015bmy razem klasyk\u0119 polskiej komedii. Liczymy na r\u00f3wnie udan\u0105 powt\u00f3rk\u0119 podczas tegorocznych juwenali\u00f3w&nbsp;<\/p>\n<p><a class=\"btn btn-style\" href=\"https:\/\/archiwum.kortowiada.pl\/2022\/kortowiadowe-kino\/\">Czytaj wi\u0119cej<\/a><\/p>\n","protected":false},"author":9,"featured_media":3172,"comment_status":"closed","ping_status":"closed","sticky":false,"template":"","format":"standard","meta":[],"categories":[43],"tags":[157,129,160,156,161,158,72,47,159],"yoast_head":"<!-- This site is optimized with the Yoast SEO plugin v19.6.1 - https:\/\/yoast.com\/wordpress\/plugins\/seo\/ -->\n<title>Kino plenerowe Kortowiady: wybierz film! - Kortowiada - najwi\u0119kszy festiwal studencki w Polsce<\/title>\n<meta name=\"description\" content=\"Dzi\u0119ki wsp\u00f3\u0142pracy z\u00a0Przedstawicielstwem Komisji Europejskiej w Polsce\u00a0podczas Kortowiady ob\u0119dzie si\u0119 kino plenerowe.\" \/>\n<meta name=\"robots\" content=\"index, follow, max-snippet:-1, max-image-preview:large, max-video-preview:-1\" \/>\n<link rel=\"canonical\" href=\"https:\/\/archiwum.kortowiada.pl\/2022\/kortowiadowe-kino\/\" \/>\n<meta property=\"og:locale\" content=\"pl_PL\" \/>\n<meta property=\"og:type\" content=\"article\" \/>\n<meta property=\"og:title\" content=\"Kino plenerowe Kortowiady: wybierz film! - Kortowiada - najwi\u0119kszy festiwal studencki w Polsce\" \/>\n<meta property=\"og:description\" content=\"Dzi\u0119ki wsp\u00f3\u0142pracy z\u00a0Przedstawicielstwem Komisji Europejskiej w Polsce\u00a0podczas Kortowiady ob\u0119dzie si\u0119 kino plenerowe.\" \/>\n<meta property=\"og:url\" content=\"https:\/\/archiwum.kortowiada.pl\/2022\/kortowiadowe-kino\/\" \/>\n<meta property=\"og:site_name\" content=\"Kortowiada - najwi\u0119kszy festiwal studencki w Polsce\" \/>\n<meta property=\"article:publisher\" content=\"https:\/\/www.facebook.com\/kortowiadafestiwal\" \/>\n<meta property=\"article:published_time\" content=\"2022-05-15T17:22:12+00:00\" \/>\n<meta property=\"article:modified_time\" content=\"2022-05-24T12:25:42+00:00\" \/>\n<meta property=\"og:image\" content=\"https:\/\/archiwum.kortowiada.pl\/2022\/wp-content\/uploads\/2022\/05\/kino-plenerowe-1920x1080-2.png\" \/>\n\t<meta property=\"og:image:width\" content=\"1920\" \/>\n\t<meta property=\"og:image:height\" content=\"1080\" \/>\n\t<meta property=\"og:image:type\" content=\"image\/png\" \/>\n<meta name=\"author\" content=\"Daria Bruszewska\" \/>\n<meta name=\"twitter:card\" content=\"summary_large_image\" \/>\n<meta name=\"twitter:label1\" content=\"Napisane przez\" \/>\n\t<meta name=\"twitter:data1\" content=\"Daria Bruszewska\" \/>\n\t<meta name=\"twitter:label2\" content=\"Szacowany czas czytania\" \/>\n\t<meta name=\"twitter:data2\" content=\"2 minuty\" \/>\n<script type=\"application\/ld+json\" class=\"yoast-schema-graph\">{\"@context\":\"https:\/\/schema.org\",\"@graph\":[{\"@type\":\"Article\",\"@id\":\"https:\/\/archiwum.kortowiada.pl\/2022\/kortowiadowe-kino\/#article\",\"isPartOf\":{\"@id\":\"https:\/\/archiwum.kortowiada.pl\/2022\/kortowiadowe-kino\/\"},\"author\":{\"name\":\"Daria Bruszewska\",\"@id\":\"https:\/\/archiwum.kortowiada.pl\/2022\/#\/schema\/person\/203bdca03dc88232ceae13557ea4cb25\"},\"headline\":\"Kino plenerowe Kortowiady: wybierz film!\",\"datePublished\":\"2022-05-15T17:22:12+00:00\",\"dateModified\":\"2022-05-24T12:25:42+00:00\",\"mainEntityOfPage\":{\"@id\":\"https:\/\/archiwum.kortowiada.pl\/2022\/kortowiadowe-kino\/\"},\"wordCount\":220,\"publisher\":{\"@id\":\"https:\/\/archiwum.kortowiada.pl\/2022\/#organization\"},\"keywords\":[\"filmy\",\"juwenalia 2022\",\"kino Olsztyn\",\"kino plenerowe\",\"kino pod chmurk\u0105\",\"Komisja Europejska\",\"Kortowiada 2022\",\"Olsztyn\",\"Przedstawicielstwo Komisji Europejskiej w Polsce\"],\"articleSection\":[\"Kortowiada 2022\"],\"inLanguage\":\"pl-PL\"},{\"@type\":\"WebPage\",\"@id\":\"https:\/\/archiwum.kortowiada.pl\/2022\/kortowiadowe-kino\/\",\"url\":\"https:\/\/archiwum.kortowiada.pl\/2022\/kortowiadowe-kino\/\",\"name\":\"Kino plenerowe Kortowiady: wybierz film! - Kortowiada - najwi\u0119kszy festiwal studencki w Polsce\",\"isPartOf\":{\"@id\":\"https:\/\/archiwum.kortowiada.pl\/2022\/#website\"},\"datePublished\":\"2022-05-15T17:22:12+00:00\",\"dateModified\":\"2022-05-24T12:25:42+00:00\",\"description\":\"Dzi\u0119ki wsp\u00f3\u0142pracy z\u00a0Przedstawicielstwem Komisji Europejskiej w Polsce\u00a0podczas Kortowiady ob\u0119dzie si\u0119 kino plenerowe.\",\"breadcrumb\":{\"@id\":\"https:\/\/archiwum.kortowiada.pl\/2022\/kortowiadowe-kino\/#breadcrumb\"},\"inLanguage\":\"pl-PL\",\"potentialAction\":[{\"@type\":\"ReadAction\",\"target\":[\"https:\/\/archiwum.kortowiada.pl\/2022\/kortowiadowe-kino\/\"]}]},{\"@type\":\"BreadcrumbList\",\"@id\":\"https:\/\/archiwum.kortowiada.pl\/2022\/kortowiadowe-kino\/#breadcrumb\",\"itemListElement\":[{\"@type\":\"ListItem\",\"position\":1,\"name\":\"Strona g\u0142\u00f3wna\",\"item\":\"https:\/\/archiwum.kortowiada.pl\/2022\/\"},{\"@type\":\"ListItem\",\"position\":2,\"name\":\"Kino plenerowe Kortowiady: wybierz film!\"}]},{\"@type\":\"WebSite\",\"@id\":\"https:\/\/archiwum.kortowiada.pl\/2022\/#website\",\"url\":\"https:\/\/archiwum.kortowiada.pl\/2022\/\",\"name\":\"Kortowiada - najwi\u0119kszy festiwal studencki w Polsce\",\"description\":\"1-4 czerwca 2022, 61. edycja - juwenalia Olsztyn\",\"publisher\":{\"@id\":\"https:\/\/archiwum.kortowiada.pl\/2022\/#organization\"},\"potentialAction\":[{\"@type\":\"SearchAction\",\"target\":{\"@type\":\"EntryPoint\",\"urlTemplate\":\"https:\/\/archiwum.kortowiada.pl\/2022\/?s={search_term_string}\"},\"query-input\":\"required name=search_term_string\"}],\"inLanguage\":\"pl-PL\"},{\"@type\":\"Organization\",\"@id\":\"https:\/\/archiwum.kortowiada.pl\/2022\/#organization\",\"name\":\"Kortowiada\",\"url\":\"https:\/\/archiwum.kortowiada.pl\/2022\/\",\"sameAs\":[\"https:\/\/www.instagram.com\/kortowiada\/?hl=pl\",\"https:\/\/www.youtube.com\/channel\/UCZpuhjpJ2XlHxcbT4N2oyFQ\",\"https:\/\/www.facebook.com\/kortowiadafestiwal\"],\"logo\":{\"@type\":\"ImageObject\",\"inLanguage\":\"pl-PL\",\"@id\":\"https:\/\/archiwum.kortowiada.pl\/2022\/#\/schema\/logo\/image\/\",\"url\":\"https:\/\/kortowiada.pl\/wp-content\/uploads\/2021\/05\/favig.png\",\"contentUrl\":\"https:\/\/kortowiada.pl\/wp-content\/uploads\/2021\/05\/favig.png\",\"width\":1080,\"height\":1080,\"caption\":\"Kortowiada\"},\"image\":{\"@id\":\"https:\/\/archiwum.kortowiada.pl\/2022\/#\/schema\/logo\/image\/\"}},{\"@type\":\"Person\",\"@id\":\"https:\/\/archiwum.kortowiada.pl\/2022\/#\/schema\/person\/203bdca03dc88232ceae13557ea4cb25\",\"name\":\"Daria Bruszewska\",\"image\":{\"@type\":\"ImageObject\",\"inLanguage\":\"pl-PL\",\"@id\":\"https:\/\/archiwum.kortowiada.pl\/2022\/#\/schema\/person\/image\/\",\"url\":\"https:\/\/secure.gravatar.com\/avatar\/4071c0be1102ef11730c77465d7d8936?s=96&d=mm&r=g\",\"contentUrl\":\"https:\/\/secure.gravatar.com\/avatar\/4071c0be1102ef11730c77465d7d8936?s=96&d=mm&r=g\",\"caption\":\"Daria Bruszewska\"},\"url\":\"https:\/\/archiwum.kortowiada.pl\/2022\/author\/daria\/\"}]}<\/script>\n<!-- \/ Yoast SEO plugin. -->","yoast_head_json":{"title":"Kino plenerowe Kortowiady: wybierz film! - Kortowiada - najwi\u0119kszy festiwal studencki w Polsce","description":"Dzi\u0119ki wsp\u00f3\u0142pracy z\u00a0Przedstawicielstwem Komisji Europejskiej w Polsce\u00a0podczas Kortowiady ob\u0119dzie si\u0119 kino plenerowe.","robots":{"index":"index","follow":"follow","max-snippet":"max-snippet:-1","max-image-preview":"max-image-preview:large","max-video-preview":"max-video-preview:-1"},"canonical":"https:\/\/archiwum.kortowiada.pl\/2022\/kortowiadowe-kino\/","og_locale":"pl_PL","og_type":"article","og_title":"Kino plenerowe Kortowiady: wybierz film! - Kortowiada - najwi\u0119kszy festiwal studencki w Polsce","og_description":"Dzi\u0119ki wsp\u00f3\u0142pracy z\u00a0Przedstawicielstwem Komisji Europejskiej w Polsce\u00a0podczas Kortowiady ob\u0119dzie si\u0119 kino plenerowe.","og_url":"https:\/\/archiwum.kortowiada.pl\/2022\/kortowiadowe-kino\/","og_site_name":"Kortowiada - najwi\u0119kszy festiwal studencki w Polsce","article_publisher":"https:\/\/www.facebook.com\/kortowiadafestiwal","article_published_time":"2022-05-15T17:22:12+00:00","article_modified_time":"2022-05-24T12:25:42+00:00","og_image":[{"width":1920,"height":1080,"url":"https:\/\/archiwum.kortowiada.pl\/2022\/wp-content\/uploads\/2022\/05\/kino-plenerowe-1920x1080-2.png","type":"image\/png"}],"author":"Daria Bruszewska","twitter_card":"summary_large_image","twitter_misc":{"Napisane przez":"Daria Bruszewska","Szacowany czas czytania":"2 minuty"},"schema":{"@context":"https:\/\/schema.org","@graph":[{"@type":"Article","@id":"https:\/\/archiwum.kortowiada.pl\/2022\/kortowiadowe-kino\/#article","isPartOf":{"@id":"https:\/\/archiwum.kortowiada.pl\/2022\/kortowiadowe-kino\/"},"author":{"name":"Daria Bruszewska","@id":"https:\/\/archiwum.kortowiada.pl\/2022\/#\/schema\/person\/203bdca03dc88232ceae13557ea4cb25"},"headline":"Kino plenerowe Kortowiady: wybierz film!","datePublished":"2022-05-15T17:22:12+00:00","dateModified":"2022-05-24T12:25:42+00:00","mainEntityOfPage":{"@id":"https:\/\/archiwum.kortowiada.pl\/2022\/kortowiadowe-kino\/"},"wordCount":220,"publisher":{"@id":"https:\/\/archiwum.kortowiada.pl\/2022\/#organization"},"keywords":["filmy","juwenalia 2022","kino Olsztyn","kino plenerowe","kino pod chmurk\u0105","Komisja Europejska","Kortowiada 2022","Olsztyn","Przedstawicielstwo Komisji Europejskiej w Polsce"],"articleSection":["Kortowiada 2022"],"inLanguage":"pl-PL"},{"@type":"WebPage","@id":"https:\/\/archiwum.kortowiada.pl\/2022\/kortowiadowe-kino\/","url":"https:\/\/archiwum.kortowiada.pl\/2022\/kortowiadowe-kino\/","name":"Kino plenerowe Kortowiady: wybierz film! - Kortowiada - najwi\u0119kszy festiwal studencki w Polsce","isPartOf":{"@id":"https:\/\/archiwum.kortowiada.pl\/2022\/#website"},"datePublished":"2022-05-15T17:22:12+00:00","dateModified":"2022-05-24T12:25:42+00:00","description":"Dzi\u0119ki wsp\u00f3\u0142pracy z\u00a0Przedstawicielstwem Komisji Europejskiej w Polsce\u00a0podczas Kortowiady ob\u0119dzie si\u0119 kino plenerowe.","breadcrumb":{"@id":"https:\/\/archiwum.kortowiada.pl\/2022\/kortowiadowe-kino\/#breadcrumb"},"inLanguage":"pl-PL","potentialAction":[{"@type":"ReadAction","target":["https:\/\/archiwum.kortowiada.pl\/2022\/kortowiadowe-kino\/"]}]},{"@type":"BreadcrumbList","@id":"https:\/\/archiwum.kortowiada.pl\/2022\/kortowiadowe-kino\/#breadcrumb","itemListElement":[{"@type":"ListItem","position":1,"name":"Strona g\u0142\u00f3wna","item":"https:\/\/archiwum.kortowiada.pl\/2022\/"},{"@type":"ListItem","position":2,"name":"Kino plenerowe Kortowiady: wybierz film!"}]},{"@type":"WebSite","@id":"https:\/\/archiwum.kortowiada.pl\/2022\/#website","url":"https:\/\/archiwum.kortowiada.pl\/2022\/","name":"Kortowiada - najwi\u0119kszy festiwal studencki w Polsce","description":"1-4 czerwca 2022, 61. edycja - juwenalia Olsztyn","publisher":{"@id":"https:\/\/archiwum.kortowiada.pl\/2022\/#organization"},"potentialAction":[{"@type":"SearchAction","target":{"@type":"EntryPoint","urlTemplate":"https:\/\/archiwum.kortowiada.pl\/2022\/?s={search_term_string}"},"query-input":"required name=search_term_string"}],"inLanguage":"pl-PL"},{"@type":"Organization","@id":"https:\/\/archiwum.kortowiada.pl\/2022\/#organization","name":"Kortowiada","url":"https:\/\/archiwum.kortowiada.pl\/2022\/","sameAs":["https:\/\/www.instagram.com\/kortowiada\/?hl=pl","https:\/\/www.youtube.com\/channel\/UCZpuhjpJ2XlHxcbT4N2oyFQ","https:\/\/www.facebook.com\/kortowiadafestiwal"],"logo":{"@type":"ImageObject","inLanguage":"pl-PL","@id":"https:\/\/archiwum.kortowiada.pl\/2022\/#\/schema\/logo\/image\/","url":"https:\/\/kortowiada.pl\/wp-content\/uploads\/2021\/05\/favig.png","contentUrl":"https:\/\/kortowiada.pl\/wp-content\/uploads\/2021\/05\/favig.png","width":1080,"height":1080,"caption":"Kortowiada"},"image":{"@id":"https:\/\/archiwum.kortowiada.pl\/2022\/#\/schema\/logo\/image\/"}},{"@type":"Person","@id":"https:\/\/archiwum.kortowiada.pl\/2022\/#\/schema\/person\/203bdca03dc88232ceae13557ea4cb25","name":"Daria Bruszewska","image":{"@type":"ImageObject","inLanguage":"pl-PL","@id":"https:\/\/archiwum.kortowiada.pl\/2022\/#\/schema\/person\/image\/","url":"https:\/\/secure.gravatar.com\/avatar\/4071c0be1102ef11730c77465d7d8936?s=96&d=mm&r=g","contentUrl":"https:\/\/secure.gravatar.com\/avatar\/4071c0be1102ef11730c77465d7d8936?s=96&d=mm&r=g","caption":"Daria Bruszewska"},"url":"https:\/\/archiwum.kortowiada.pl\/2022\/author\/daria\/"}]}},"_links":{"self":[{"href":"https:\/\/archiwum.kortowiada.pl\/2022\/wp-json\/wp\/v2\/posts\/3171"}],"collection":[{"href":"https:\/\/archiwum.kortowiada.pl\/2022\/wp-json\/wp\/v2\/posts"}],"about":[{"href":"https:\/\/archiwum.kortowiada.pl\/2022\/wp-json\/wp\/v2\/types\/post"}],"author":[{"embeddable":true,"href":"https:\/\/archiwum.kortowiada.pl\/2022\/wp-json\/wp\/v2\/users\/9"}],"replies":[{"embeddable":true,"href":"https:\/\/archiwum.kortowiada.pl\/2022\/wp-json\/wp\/v2\/comments?post=3171"}],"version-history":[{"count":6,"href":"https:\/\/archiwum.kortowiada.pl\/2022\/wp-json\/wp\/v2\/posts\/3171\/revisions"}],"predecessor-version":[{"id":3326,"href":"https:\/\/archiwum.kortowiada.pl\/2022\/wp-json\/wp\/v2\/posts\/3171\/revisions\/3326"}],"wp:featuredmedia":[{"embeddable":true,"href":"https:\/\/archiwum.kortowiada.pl\/2022\/wp-json\/wp\/v2\/media\/3172"}],"wp:attachment":[{"href":"https:\/\/archiwum.kortowiada.pl\/2022\/wp-json\/wp\/v2\/media?parent=3171"}],"wp:term":[{"taxonomy":"category","embeddable":true,"href":"https:\/\/archiwum.kortowiada.pl\/2022\/wp-json\/wp\/v2\/categories?post=3171"},{"taxonomy":"post_tag","embeddable":true,"href":"https:\/\/archiwum.kortowiada.pl\/2022\/wp-json\/wp\/v2\/tags?post=3171"}],"curies":[{"name":"wp","href":"https:\/\/api.w.org\/{rel}","templated":true}]}}