{"id":3389,"date":"2022-05-24T14:27:39","date_gmt":"2022-05-24T12:27:39","guid":{"rendered":"https:\/\/kortowiada.pl\/?p=3389"},"modified":"2022-05-28T16:54:37","modified_gmt":"2022-05-28T14:54:37","slug":"zmiany-w-organizacji-ruchu-drogowego-na-terenie-kortowa","status":"publish","type":"post","link":"https:\/\/archiwum.kortowiada.pl\/2022\/zmiany-w-organizacji-ruchu-drogowego-na-terenie-kortowa\/","title":{"rendered":"Zmiany w organizacji ruchu drogowego na terenie Kortowa"},"content":{"rendered":"<div class=\"field field-name-field-article-lead field-type-text-long field-label-hidden\" data-uw-styling-context=\"true\">\n<div class=\"field-items\" data-uw-styling-context=\"true\">\n<div class=\"field-item even\" data-uw-styling-context=\"true\"><strong>Podczas Kortowiady 2022 (i w czasie przygotowa\u0144 do niej) b\u0119d\u0105 obowi\u0105zywa\u0107 ograniczenia w ruchu drogowym na terenie kampusu uniwersyteckiego.<\/strong><\/div>\n<\/div>\n<div data-uw-styling-context=\"true\"><\/div>\n<\/div>\n<div class=\"field field-name-field-article-body field-type-text-long field-label-hidden\" data-uw-styling-context=\"true\">\n<div class=\"field-items\" data-uw-styling-context=\"true\">\n<div class=\"field-item even\" data-uw-styling-context=\"true\">\n<p data-uw-styling-context=\"true\">ZMIANY W RUCHU DROGOWYM NA TERENIE KORTOWA:<\/p>\n<ol data-uw-styling-context=\"true\">\n<li data-uw-styling-context=\"true\"><strong data-uw-styling-context=\"true\">Od 30 maja (godz. 15:00) do 5 czerwca 2022 r. (godz. 8:00)<\/strong>\u00a0ca\u0142odobowo\u00a0<strong data-uw-styling-context=\"true\">zostanie wy\u0142\u0105czona z ruchu drogowego ulica Kanafojskiego<\/strong>. Posterunek sta\u0142y zostanie zlokalizowany na wysoko\u015bci Domu Studenta numer 4. W zwi\u0105zku z zamkni\u0119ciem ulic dojazdowych do ul. Kanafojskiego w dniach 2-4 czerwca 2022 r. w godzinach 16:00 &#8211; 3:00 posterunek nie b\u0119dzie obs\u0142ugiwany.<\/li>\n<li data-uw-styling-context=\"true\">Od 1 do 5 czerwca 2022 r. ca\u0142odobowo zostanie\u00a0<strong data-uw-styling-context=\"true\">wy\u0142\u0105czony z ruchu przejazd pomi\u0119dzy budynkami przy ul. Oczapowskiego 5 i ul. Oczapowskiego 7<\/strong>\u00a0(dojazd do parkingu) &#8211; blokada sta\u0142a.<\/li>\n<li data-uw-styling-context=\"true\">Od 2 do 4 czerwca\u00a0<strong data-uw-styling-context=\"true\">z ruchu drogowego zostaj\u0105 wy\u0142\u0105czone ulice: Prawoche\u0144skiego\u00a0<\/strong>(wjazd od skrzy\u017cowania al. Warszawskiej z ul. Tuwima)<strong data-uw-styling-context=\"true\">\u00a0oraz Oczapowskiego<\/strong>.<\/li>\n<\/ol>\n<p data-uw-styling-context=\"true\">Posterunki sta\u0142e zostan\u0105 zlokalizowane:<\/p>\n<p data-uw-styling-context=\"true\">&#8211; przy wje\u017adzie do Uniwersytetu, ul. Prawoche\u0144skiego (za skrzy\u017cowaniem ul.\u00a0Warszawskiej z ul. Tuwima)<\/p>\n<p data-uw-styling-context=\"true\">&#8211; przy auli im. Prof. M. Gotowca, ul. Oczapowskiego 5<\/p>\n<p data-uw-styling-context=\"true\">&#8211; przy Wydziale Nauk Technicznych, ul. Oczapowskiego 11<\/p>\n<p data-uw-styling-context=\"true\">&#8211; przy Bibliotece Uniwersyteckiej, ul. Oczapowskiego 12B (za wjazdem na parking szutrowy)<\/p>\n<ol data-uw-styling-context=\"true\">\n<li value=\"4\" data-uw-styling-context=\"true\">W dniach 2 czerwca (po przej\u015bciu parady) do 5 czerwca 2022 r. ca\u0142odobowo zostanie\u00a0<strong data-uw-styling-context=\"true\">wy\u0142\u0105czony z ruchu przejazd przy Rektoracie\u00a0<\/strong>(ul.\u00a0Oczapowskiego\u00a02)<strong data-uw-styling-context=\"true\">\u00a0i Wydziale Rolnictwa i Le\u015bnictwa<\/strong>\u00a0(ul.\u00a0Oczapowskiego 8) &#8211; blokada sta\u0142a.<\/li>\n<li value=\"5\" data-uw-styling-context=\"true\">W dniu 2 czerwca 2022 r. w godzinach 12:00 &#8211; 13:00 mo\u017cna b\u0119dzie napotka\u0107 na\u00a0<strong data-uw-styling-context=\"true\">utrudnienia podczas wjazdu i wyjazdu z terenu Uniwersytetu<\/strong>. Zwi\u0105zane to b\u0119dzie z przej\u015bciem ulicami: Heweliusza, Oczapowskiego, Dybowskiego (pod parking przy Centrum Konferencyjnym) Parady Wydzia\u0142\u00f3w.<\/li>\n<\/ol>\n<p data-uw-styling-context=\"true\">Uprzejmie prosimy, \u017ceby ju\u017c dzie\u0144 wcze\u015bniej (1 czerwca) nie parkowa\u0107 na trasie przej\u015bcia Parady.<\/p>\n<ol data-uw-styling-context=\"true\">\n<li value=\"6\" data-uw-styling-context=\"true\">Na terenie Kortowa<strong data-uw-styling-context=\"true\">\u00a0wy\u0142\u0105czone z u\u017cytkowania b\u0119d\u0105 tak\u017ce parkingi<\/strong>:<\/li>\n<\/ol>\n<p data-uw-styling-context=\"true\">&#8211; za Bibliotek\u0105 Uniwersyteck\u0105 (od 25 maja 2022 r.)<\/p>\n<p data-uw-styling-context=\"true\">&#8211; przy Centrum Konferencyjnym (od 31 maja 2022 r.)<\/p>\n<p data-uw-styling-context=\"true\">Przypominamy tak\u017ce, \u017ce od \u015brody 1 czerwca (godz. 16:00) do niedzieli 5 czerwca (do momentu rozpocz\u0119cia porannych, niedzielnych kurs\u00f3w)\u00a0<strong data-uw-styling-context=\"true\">zawieszone zostanie funkcjonowanie przystanku \u201eUniwersytet-Stadion\u201d<\/strong>\u00a0w kierunku centrum miasta.<\/p>\n<\/div>\n<p data-uw-styling-context=\"true\"><img loading=\"lazy\" class=\"alignnone size-large wp-image-3391\" src=\"https:\/\/kortowiada.pl\/wp-content\/uploads\/2022\/05\/Zamkniecia_ulic-724x1024.png\" alt=\"\" width=\"724\" height=\"1024\" srcset=\"https:\/\/archiwum.kortowiada.pl\/2022\/wp-content\/uploads\/2022\/05\/Zamkniecia_ulic-724x1024.png 724w, https:\/\/archiwum.kortowiada.pl\/2022\/wp-content\/uploads\/2022\/05\/Zamkniecia_ulic-212x300.png 212w, https:\/\/archiwum.kortowiada.pl\/2022\/wp-content\/uploads\/2022\/05\/Zamkniecia_ulic-768x1086.png 768w, https:\/\/archiwum.kortowiada.pl\/2022\/wp-content\/uploads\/2022\/05\/Zamkniecia_ulic.png 945w\" sizes=\"(max-width: 724px) 100vw, 724px\" \/><\/p>\n<\/div>\n<p data-uw-styling-context=\"true\">MAP\u0118 MO\u017bNA TAK\u017bE POBRA\u0106 W FORMACIE PDF <a href=\"https:\/\/kortowiada.pl\/wp-content\/uploads\/2022\/05\/mapapdf.pdf\"><strong>&gt;&gt;&gt; TUTAJ<\/strong><\/a><\/p>\n<div class=\"field-items\" data-uw-styling-context=\"true\">\n<p data-uw-styling-context=\"true\">\n<\/div>\n<\/div>\n","protected":false},"excerpt":{"rendered":"<p>Podczas Kortowiady 2022 (i w czasie przygotowa\u0144 do niej) b\u0119d\u0105 obowi\u0105zywa\u0107 ograniczenia w ruchu drogowym na terenie kampusu uniwersyteckiego. ZMIANY W RUCHU DROGOWYM NA TERENIE KORTOWA: Od 30 maja (godz. 15:00) do 5 czerwca 2022 r. (godz. 8:00)\u00a0ca\u0142odobowo\u00a0zostanie wy\u0142\u0105czona z ruchu drogowego ulica Kanafojskiego. Posterunek sta\u0142y zostanie zlokalizowany na wysoko\u015bci Domu Studenta numer 4. W&nbsp;<\/p>\n<p><a class=\"btn btn-style\" href=\"https:\/\/archiwum.kortowiada.pl\/2022\/zmiany-w-organizacji-ruchu-drogowego-na-terenie-kortowa\/\">Czytaj wi\u0119cej<\/a><\/p>\n","protected":false},"author":9,"featured_media":3394,"comment_status":"closed","ping_status":"closed","sticky":false,"template":"","format":"standard","meta":[],"categories":[43],"tags":[73,163,47,164,165,162],"yoast_head":"<!-- This site is optimized with the Yoast SEO plugin v19.6.1 - https:\/\/yoast.com\/wordpress\/plugins\/seo\/ -->\n<title>Zmiany w organizacji ruchu drogowego na terenie Kortowa - Kortowiada - najwi\u0119kszy festiwal studencki w Polsce<\/title>\n<meta name=\"robots\" content=\"index, follow, max-snippet:-1, max-image-preview:large, max-video-preview:-1\" \/>\n<link rel=\"canonical\" href=\"https:\/\/archiwum.kortowiada.pl\/2022\/zmiany-w-organizacji-ruchu-drogowego-na-terenie-kortowa\/\" \/>\n<meta property=\"og:locale\" content=\"pl_PL\" \/>\n<meta property=\"og:type\" content=\"article\" \/>\n<meta property=\"og:title\" content=\"Zmiany w organizacji ruchu drogowego na terenie Kortowa - Kortowiada - najwi\u0119kszy festiwal studencki w Polsce\" \/>\n<meta property=\"og:description\" content=\"Podczas Kortowiady 2022 (i w czasie przygotowa\u0144 do niej) b\u0119d\u0105 obowi\u0105zywa\u0107 ograniczenia w ruchu drogowym na terenie kampusu uniwersyteckiego. ZMIANY W RUCHU DROGOWYM NA TERENIE KORTOWA: Od 30 maja (godz. 15:00) do 5 czerwca 2022 r. (godz. 8:00)\u00a0ca\u0142odobowo\u00a0zostanie wy\u0142\u0105czona z ruchu drogowego ulica Kanafojskiego. Posterunek sta\u0142y zostanie zlokalizowany na wysoko\u015bci Domu Studenta numer 4. W&nbsp;Czytaj wi\u0119cej\" \/>\n<meta property=\"og:url\" content=\"https:\/\/archiwum.kortowiada.pl\/2022\/zmiany-w-organizacji-ruchu-drogowego-na-terenie-kortowa\/\" \/>\n<meta property=\"og:site_name\" content=\"Kortowiada - najwi\u0119kszy festiwal studencki w Polsce\" \/>\n<meta property=\"article:publisher\" content=\"https:\/\/www.facebook.com\/kortowiadafestiwal\" \/>\n<meta property=\"article:published_time\" content=\"2022-05-24T12:27:39+00:00\" \/>\n<meta property=\"article:modified_time\" content=\"2022-05-28T14:54:37+00:00\" \/>\n<meta property=\"og:image\" content=\"https:\/\/archiwum.kortowiada.pl\/2022\/wp-content\/uploads\/2022\/05\/mapa-1-1024x502.png\" \/>\n\t<meta property=\"og:image:width\" content=\"1024\" \/>\n\t<meta property=\"og:image:height\" content=\"502\" \/>\n\t<meta property=\"og:image:type\" content=\"image\/png\" \/>\n<meta name=\"author\" content=\"Daria Bruszewska\" \/>\n<meta name=\"twitter:card\" content=\"summary_large_image\" \/>\n<meta name=\"twitter:label1\" content=\"Napisane przez\" \/>\n\t<meta name=\"twitter:data1\" content=\"Daria Bruszewska\" \/>\n\t<meta name=\"twitter:label2\" content=\"Szacowany czas czytania\" \/>\n\t<meta name=\"twitter:data2\" content=\"2 minuty\" \/>\n<script type=\"application\/ld+json\" class=\"yoast-schema-graph\">{\"@context\":\"https:\/\/schema.org\",\"@graph\":[{\"@type\":\"Article\",\"@id\":\"https:\/\/archiwum.kortowiada.pl\/2022\/zmiany-w-organizacji-ruchu-drogowego-na-terenie-kortowa\/#article\",\"isPartOf\":{\"@id\":\"https:\/\/archiwum.kortowiada.pl\/2022\/zmiany-w-organizacji-ruchu-drogowego-na-terenie-kortowa\/\"},\"author\":{\"name\":\"Daria Bruszewska\",\"@id\":\"https:\/\/archiwum.kortowiada.pl\/2022\/#\/schema\/person\/203bdca03dc88232ceae13557ea4cb25\"},\"headline\":\"Zmiany w organizacji ruchu drogowego na terenie Kortowa\",\"datePublished\":\"2022-05-24T12:27:39+00:00\",\"dateModified\":\"2022-05-28T14:54:37+00:00\",\"mainEntityOfPage\":{\"@id\":\"https:\/\/archiwum.kortowiada.pl\/2022\/zmiany-w-organizacji-ruchu-drogowego-na-terenie-kortowa\/\"},\"wordCount\":347,\"publisher\":{\"@id\":\"https:\/\/archiwum.kortowiada.pl\/2022\/#organization\"},\"keywords\":[\"Kortowo\",\"miasteczko akademickie\",\"Olsztyn\",\"ruch drogowy\",\"wjazd do Kortowa\",\"zmiany w organizacji ruchu\"],\"articleSection\":[\"Kortowiada 2022\"],\"inLanguage\":\"pl-PL\"},{\"@type\":\"WebPage\",\"@id\":\"https:\/\/archiwum.kortowiada.pl\/2022\/zmiany-w-organizacji-ruchu-drogowego-na-terenie-kortowa\/\",\"url\":\"https:\/\/archiwum.kortowiada.pl\/2022\/zmiany-w-organizacji-ruchu-drogowego-na-terenie-kortowa\/\",\"name\":\"Zmiany w organizacji ruchu drogowego na terenie Kortowa - Kortowiada - najwi\u0119kszy festiwal studencki w Polsce\",\"isPartOf\":{\"@id\":\"https:\/\/archiwum.kortowiada.pl\/2022\/#website\"},\"datePublished\":\"2022-05-24T12:27:39+00:00\",\"dateModified\":\"2022-05-28T14:54:37+00:00\",\"breadcrumb\":{\"@id\":\"https:\/\/archiwum.kortowiada.pl\/2022\/zmiany-w-organizacji-ruchu-drogowego-na-terenie-kortowa\/#breadcrumb\"},\"inLanguage\":\"pl-PL\",\"potentialAction\":[{\"@type\":\"ReadAction\",\"target\":[\"https:\/\/archiwum.kortowiada.pl\/2022\/zmiany-w-organizacji-ruchu-drogowego-na-terenie-kortowa\/\"]}]},{\"@type\":\"BreadcrumbList\",\"@id\":\"https:\/\/archiwum.kortowiada.pl\/2022\/zmiany-w-organizacji-ruchu-drogowego-na-terenie-kortowa\/#breadcrumb\",\"itemListElement\":[{\"@type\":\"ListItem\",\"position\":1,\"name\":\"Strona g\u0142\u00f3wna\",\"item\":\"https:\/\/archiwum.kortowiada.pl\/2022\/\"},{\"@type\":\"ListItem\",\"position\":2,\"name\":\"Zmiany w organizacji ruchu drogowego na terenie Kortowa\"}]},{\"@type\":\"WebSite\",\"@id\":\"https:\/\/archiwum.kortowiada.pl\/2022\/#website\",\"url\":\"https:\/\/archiwum.kortowiada.pl\/2022\/\",\"name\":\"Kortowiada - najwi\u0119kszy festiwal studencki w Polsce\",\"description\":\"1-4 czerwca 2022, 61. edycja - juwenalia Olsztyn\",\"publisher\":{\"@id\":\"https:\/\/archiwum.kortowiada.pl\/2022\/#organization\"},\"potentialAction\":[{\"@type\":\"SearchAction\",\"target\":{\"@type\":\"EntryPoint\",\"urlTemplate\":\"https:\/\/archiwum.kortowiada.pl\/2022\/?s={search_term_string}\"},\"query-input\":\"required name=search_term_string\"}],\"inLanguage\":\"pl-PL\"},{\"@type\":\"Organization\",\"@id\":\"https:\/\/archiwum.kortowiada.pl\/2022\/#organization\",\"name\":\"Kortowiada\",\"url\":\"https:\/\/archiwum.kortowiada.pl\/2022\/\",\"sameAs\":[\"https:\/\/www.instagram.com\/kortowiada\/?hl=pl\",\"https:\/\/www.youtube.com\/channel\/UCZpuhjpJ2XlHxcbT4N2oyFQ\",\"https:\/\/www.facebook.com\/kortowiadafestiwal\"],\"logo\":{\"@type\":\"ImageObject\",\"inLanguage\":\"pl-PL\",\"@id\":\"https:\/\/archiwum.kortowiada.pl\/2022\/#\/schema\/logo\/image\/\",\"url\":\"https:\/\/kortowiada.pl\/wp-content\/uploads\/2021\/05\/favig.png\",\"contentUrl\":\"https:\/\/kortowiada.pl\/wp-content\/uploads\/2021\/05\/favig.png\",\"width\":1080,\"height\":1080,\"caption\":\"Kortowiada\"},\"image\":{\"@id\":\"https:\/\/archiwum.kortowiada.pl\/2022\/#\/schema\/logo\/image\/\"}},{\"@type\":\"Person\",\"@id\":\"https:\/\/archiwum.kortowiada.pl\/2022\/#\/schema\/person\/203bdca03dc88232ceae13557ea4cb25\",\"name\":\"Daria Bruszewska\",\"image\":{\"@type\":\"ImageObject\",\"inLanguage\":\"pl-PL\",\"@id\":\"https:\/\/archiwum.kortowiada.pl\/2022\/#\/schema\/person\/image\/\",\"url\":\"https:\/\/secure.gravatar.com\/avatar\/4071c0be1102ef11730c77465d7d8936?s=96&d=mm&r=g\",\"contentUrl\":\"https:\/\/secure.gravatar.com\/avatar\/4071c0be1102ef11730c77465d7d8936?s=96&d=mm&r=g\",\"caption\":\"Daria Bruszewska\"},\"url\":\"https:\/\/archiwum.kortowiada.pl\/2022\/author\/daria\/\"}]}<\/script>\n<!-- \/ Yoast SEO plugin. -->","yoast_head_json":{"title":"Zmiany w organizacji ruchu drogowego na terenie Kortowa - Kortowiada - najwi\u0119kszy festiwal studencki w Polsce","robots":{"index":"index","follow":"follow","max-snippet":"max-snippet:-1","max-image-preview":"max-image-preview:large","max-video-preview":"max-video-preview:-1"},"canonical":"https:\/\/archiwum.kortowiada.pl\/2022\/zmiany-w-organizacji-ruchu-drogowego-na-terenie-kortowa\/","og_locale":"pl_PL","og_type":"article","og_title":"Zmiany w organizacji ruchu drogowego na terenie Kortowa - Kortowiada - najwi\u0119kszy festiwal studencki w Polsce","og_description":"Podczas Kortowiady 2022 (i w czasie przygotowa\u0144 do niej) b\u0119d\u0105 obowi\u0105zywa\u0107 ograniczenia w ruchu drogowym na terenie kampusu uniwersyteckiego. ZMIANY W RUCHU DROGOWYM NA TERENIE KORTOWA: Od 30 maja (godz. 15:00) do 5 czerwca 2022 r. (godz. 8:00)\u00a0ca\u0142odobowo\u00a0zostanie wy\u0142\u0105czona z ruchu drogowego ulica Kanafojskiego. Posterunek sta\u0142y zostanie zlokalizowany na wysoko\u015bci Domu Studenta numer 4. W&nbsp;Czytaj wi\u0119cej","og_url":"https:\/\/archiwum.kortowiada.pl\/2022\/zmiany-w-organizacji-ruchu-drogowego-na-terenie-kortowa\/","og_site_name":"Kortowiada - najwi\u0119kszy festiwal studencki w Polsce","article_publisher":"https:\/\/www.facebook.com\/kortowiadafestiwal","article_published_time":"2022-05-24T12:27:39+00:00","article_modified_time":"2022-05-28T14:54:37+00:00","og_image":[{"width":1024,"height":502,"url":"https:\/\/archiwum.kortowiada.pl\/2022\/wp-content\/uploads\/2022\/05\/mapa-1-1024x502.png","type":"image\/png"}],"author":"Daria Bruszewska","twitter_card":"summary_large_image","twitter_misc":{"Napisane przez":"Daria Bruszewska","Szacowany czas czytania":"2 minuty"},"schema":{"@context":"https:\/\/schema.org","@graph":[{"@type":"Article","@id":"https:\/\/archiwum.kortowiada.pl\/2022\/zmiany-w-organizacji-ruchu-drogowego-na-terenie-kortowa\/#article","isPartOf":{"@id":"https:\/\/archiwum.kortowiada.pl\/2022\/zmiany-w-organizacji-ruchu-drogowego-na-terenie-kortowa\/"},"author":{"name":"Daria Bruszewska","@id":"https:\/\/archiwum.kortowiada.pl\/2022\/#\/schema\/person\/203bdca03dc88232ceae13557ea4cb25"},"headline":"Zmiany w organizacji ruchu drogowego na terenie Kortowa","datePublished":"2022-05-24T12:27:39+00:00","dateModified":"2022-05-28T14:54:37+00:00","mainEntityOfPage":{"@id":"https:\/\/archiwum.kortowiada.pl\/2022\/zmiany-w-organizacji-ruchu-drogowego-na-terenie-kortowa\/"},"wordCount":347,"publisher":{"@id":"https:\/\/archiwum.kortowiada.pl\/2022\/#organization"},"keywords":["Kortowo","miasteczko akademickie","Olsztyn","ruch drogowy","wjazd do Kortowa","zmiany w organizacji ruchu"],"articleSection":["Kortowiada 2022"],"inLanguage":"pl-PL"},{"@type":"WebPage","@id":"https:\/\/archiwum.kortowiada.pl\/2022\/zmiany-w-organizacji-ruchu-drogowego-na-terenie-kortowa\/","url":"https:\/\/archiwum.kortowiada.pl\/2022\/zmiany-w-organizacji-ruchu-drogowego-na-terenie-kortowa\/","name":"Zmiany w organizacji ruchu drogowego na terenie Kortowa - Kortowiada - najwi\u0119kszy festiwal studencki w Polsce","isPartOf":{"@id":"https:\/\/archiwum.kortowiada.pl\/2022\/#website"},"datePublished":"2022-05-24T12:27:39+00:00","dateModified":"2022-05-28T14:54:37+00:00","breadcrumb":{"@id":"https:\/\/archiwum.kortowiada.pl\/2022\/zmiany-w-organizacji-ruchu-drogowego-na-terenie-kortowa\/#breadcrumb"},"inLanguage":"pl-PL","potentialAction":[{"@type":"ReadAction","target":["https:\/\/archiwum.kortowiada.pl\/2022\/zmiany-w-organizacji-ruchu-drogowego-na-terenie-kortowa\/"]}]},{"@type":"BreadcrumbList","@id":"https:\/\/archiwum.kortowiada.pl\/2022\/zmiany-w-organizacji-ruchu-drogowego-na-terenie-kortowa\/#breadcrumb","itemListElement":[{"@type":"ListItem","position":1,"name":"Strona g\u0142\u00f3wna","item":"https:\/\/archiwum.kortowiada.pl\/2022\/"},{"@type":"ListItem","position":2,"name":"Zmiany w organizacji ruchu drogowego na terenie Kortowa"}]},{"@type":"WebSite","@id":"https:\/\/archiwum.kortowiada.pl\/2022\/#website","url":"https:\/\/archiwum.kortowiada.pl\/2022\/","name":"Kortowiada - najwi\u0119kszy festiwal studencki w Polsce","description":"1-4 czerwca 2022, 61. edycja - juwenalia Olsztyn","publisher":{"@id":"https:\/\/archiwum.kortowiada.pl\/2022\/#organization"},"potentialAction":[{"@type":"SearchAction","target":{"@type":"EntryPoint","urlTemplate":"https:\/\/archiwum.kortowiada.pl\/2022\/?s={search_term_string}"},"query-input":"required name=search_term_string"}],"inLanguage":"pl-PL"},{"@type":"Organization","@id":"https:\/\/archiwum.kortowiada.pl\/2022\/#organization","name":"Kortowiada","url":"https:\/\/archiwum.kortowiada.pl\/2022\/","sameAs":["https:\/\/www.instagram.com\/kortowiada\/?hl=pl","https:\/\/www.youtube.com\/channel\/UCZpuhjpJ2XlHxcbT4N2oyFQ","https:\/\/www.facebook.com\/kortowiadafestiwal"],"logo":{"@type":"ImageObject","inLanguage":"pl-PL","@id":"https:\/\/archiwum.kortowiada.pl\/2022\/#\/schema\/logo\/image\/","url":"https:\/\/kortowiada.pl\/wp-content\/uploads\/2021\/05\/favig.png","contentUrl":"https:\/\/kortowiada.pl\/wp-content\/uploads\/2021\/05\/favig.png","width":1080,"height":1080,"caption":"Kortowiada"},"image":{"@id":"https:\/\/archiwum.kortowiada.pl\/2022\/#\/schema\/logo\/image\/"}},{"@type":"Person","@id":"https:\/\/archiwum.kortowiada.pl\/2022\/#\/schema\/person\/203bdca03dc88232ceae13557ea4cb25","name":"Daria Bruszewska","image":{"@type":"ImageObject","inLanguage":"pl-PL","@id":"https:\/\/archiwum.kortowiada.pl\/2022\/#\/schema\/person\/image\/","url":"https:\/\/secure.gravatar.com\/avatar\/4071c0be1102ef11730c77465d7d8936?s=96&d=mm&r=g","contentUrl":"https:\/\/secure.gravatar.com\/avatar\/4071c0be1102ef11730c77465d7d8936?s=96&d=mm&r=g","caption":"Daria Bruszewska"},"url":"https:\/\/archiwum.kortowiada.pl\/2022\/author\/daria\/"}]}},"_links":{"self":[{"href":"https:\/\/archiwum.kortowiada.pl\/2022\/wp-json\/wp\/v2\/posts\/3389"}],"collection":[{"href":"https:\/\/archiwum.kortowiada.pl\/2022\/wp-json\/wp\/v2\/posts"}],"about":[{"href":"https:\/\/archiwum.kortowiada.pl\/2022\/wp-json\/wp\/v2\/types\/post"}],"author":[{"embeddable":true,"href":"https:\/\/archiwum.kortowiada.pl\/2022\/wp-json\/wp\/v2\/users\/9"}],"replies":[{"embeddable":true,"href":"https:\/\/archiwum.kortowiada.pl\/2022\/wp-json\/wp\/v2\/comments?post=3389"}],"version-history":[{"count":1,"href":"https:\/\/archiwum.kortowiada.pl\/2022\/wp-json\/wp\/v2\/posts\/3389\/revisions"}],"predecessor-version":[{"id":3393,"href":"https:\/\/archiwum.kortowiada.pl\/2022\/wp-json\/wp\/v2\/posts\/3389\/revisions\/3393"}],"wp:featuredmedia":[{"embeddable":true,"href":"https:\/\/archiwum.kortowiada.pl\/2022\/wp-json\/wp\/v2\/media\/3394"}],"wp:attachment":[{"href":"https:\/\/archiwum.kortowiada.pl\/2022\/wp-json\/wp\/v2\/media?parent=3389"}],"wp:term":[{"taxonomy":"category","embeddable":true,"href":"https:\/\/archiwum.kortowiada.pl\/2022\/wp-json\/wp\/v2\/categories?post=3389"},{"taxonomy":"post_tag","embeddable":true,"href":"https:\/\/archiwum.kortowiada.pl\/2022\/wp-json\/wp\/v2\/tags?post=3389"}],"curies":[{"name":"wp","href":"https:\/\/api.w.org\/{rel}","templated":true}]}}