{"id":3440,"date":"2022-05-31T12:39:32","date_gmt":"2022-05-31T10:39:32","guid":{"rendered":"https:\/\/kortowiada.pl\/?p=3440"},"modified":"2022-05-31T14:42:16","modified_gmt":"2022-05-31T12:42:16","slug":"kortowo-europa-my","status":"publish","type":"post","link":"https:\/\/archiwum.kortowiada.pl\/2022\/kortowo-europa-my\/","title":{"rendered":"Studenci UWM w\u0142\u0105czyli si\u0119 w Europejski Rok M\u0142odzie\u017cy"},"content":{"rendered":"<p style=\"text-align: justify;\"><strong>Na ka\u017cdym kroku nale\u017cy podkre\u015bla\u0107 rol\u0119, jak\u0105 odgrywa europejska m\u0142odzie\u017c w budowaniu lepszej przysz\u0142o\u015bci. Taka idea przy\u015bwieca r\u00f3wnie\u017c Uniwersytetowi Warmi\u0144sko-Mazurskiemu w Olsztynie. Studenci podj\u0119li wsp\u00f3\u0142prac\u0119 z\u00a0Przedstawicielstwem Komisji Europejskiej w Polsce, tworz\u0105c projekt \u201eKortowo. Europa. My.\u201d. Do\u0142\u0105czyli w ten spos\u00f3b do obchod\u00f3w <a href=\"https:\/\/europa.eu\/youth\/year-of-youth_pl\">Europejskiego Roku M\u0142odzie\u017cy<\/a> #EYY2022.<\/strong><\/p>\n<p style=\"text-align: justify;\">Celem EYY2022 jest docenienie m\u0142odzie\u017cy i\u00a0stworzenie jej mo\u017cliwo\u015bci zatrudnienia w\u00a0wielu r\u00f3\u017cnych bran\u017cach. Europejska komisarz do spraw innowacji, bada\u0144 naukowych, kultury, edukacji i m\u0142odzie\u017cy Mariya Gabriel zaprasza wszystkich m\u0142odych Europejczyk\u00f3w do udzia\u0142u w licznych spotkaniach, inicjatywach i dzia\u0142aniach: <em>&#8211; Chcemy, \u017ceby m\u0142odzi ludzie zabrali g\u0142os i\u00a0pomogli nam podejmowa\u0107 decyzje, kt\u00f3re b\u0119d\u0105 mia\u0142y wp\u0142yw na ich przysz\u0142o\u015b\u0107.<\/em><\/p>\n<p style=\"text-align: justify;\">Piotr Wa\u0142ejko, koordynator projektu realizowanego przez student\u00f3w UWM, nie ma w\u0105tpliwo\u015bci, \u017ce m\u0142odzi ludzie, podejmuj\u0105c dzia\u0142ania na rzecz swojego rozwoju, przyczyniaj\u0105 si\u0119 tak\u017ce do rozwoju Europy. Ich osi\u0105gni\u0119cia naukowe czy zawodowe wp\u0142ywaj\u0105 na zmiany w najbli\u017cszym otoczeniu. Projekt \u201eKortowo. Europa. My.\u201d realizowany wsp\u00f3lnie z Przedstawicielstwem Komisji Europejskiej w Polsce ma przypomina\u0107 spo\u0142eczno\u015bci uniwersyteckiej o mo\u017cliwo\u015bciach, jakie daje wsp\u00f3\u0142praca mi\u0119dzynarodowa.<\/p>\n<p style=\"text-align: justify;\">\u2013 Nasza inicjatywa realizuje zar\u00f3wno cele edukacyjne, jak i kulturalne. Zale\u017cy nam na tym, \u017ceby dociera\u0107 do m\u0142odych ludzi bezpo\u015brednio, dlatego realizujemy webinaria, spotkania oraz akcje informacyjne. Stoj\u0105ca za tym idea \u201eod student\u00f3w dla student\u00f3w\u201d pozwala na przejrzyst\u0105 oraz efektywn\u0105 wymian\u0119 kluczowych informacji o\u00a0inicjatywach europejskich podejmowanych na naszym Uniwersytecie. \u2013 m\u00f3wi Piotr Wa\u0142ejko. \u2013 Do akcji w\u0142\u0105czy\u0142o si\u0119 r\u00f3wnie\u017c ESN Olsztyn, czyli olszty\u0144ski oddzia\u0142 organizacji zajmuj\u0105cej si\u0119 wspieraniem i rozwojem program\u00f3w mi\u0119dzynarodowych wymian studenckich, w tym zw\u0142aszcza programu Erasmus+. Mamy nadziej\u0119, \u017ce jako studenci b\u0119dziemy mieli realny wp\u0142yw na zwi\u0119kszenie umi\u0119dzynarodowienia UWM, kt\u00f3re w ostatnich latach w\u0142adze naszego Uniwersytetu bardzo wspieraj\u0105. \u2013 dodaje Wa\u0142ejko.<\/p>\n<p style=\"text-align: justify;\">Dzia\u0142aniem, kt\u00f3re mo\u017cna okre\u015bli\u0107 mianem \u201e\u0142\u0105czenia przyjemnego z po\u017cytecznym\u201d b\u0119dzie Kino Plenerowe, kt\u00f3re zostanie zorganizowane podczas 61. edycji Kortowiady. Osoby bior\u0105ce w nim udzia\u0142, zapoznaj\u0105 si\u0119 z za\u0142o\u017ceniami Europejskiego Roku M\u0142odzie\u017cy, a przy okazji ogl\u0105dania kinowych hit\u00f3w wybranych przez samych uczestnik\u00f3w Kortowiady, zobacz\u0105 te\u017c filmy kr\u00f3tkometra\u017cowe m\u0142odych, europejskich tw\u00f3rc\u00f3w z serii <em>#EU&amp;ME Young Filmmakers Competition<\/em>. Kortowiadowe kino plenerowe rozpoczyna\u0107 si\u0119 b\u0119dzie o godz. 21:30 w dniach od 2 do 4 czerwca br. w\u00a0pobli\u017cu Sceny Studenckiej przy Centrum Konferencyjnym.<\/p>\n<p style=\"text-align: justify;\">\u2013 Trwa\u0142ym efektem naszego wsp\u00f3lnego projektu z <a href=\"https:\/\/ec.europa.eu\/info\/index_pl\"><strong>Przedstawicielstwem Komisji Europejskiej w Polsce<\/strong><\/a> b\u0119dzie podstrona internetowa <a href=\"https:\/\/russ.uwm.edu.pl\/kortowo-europa-my\/\"><strong>https:\/\/russ.uwm.edu.pl\/kortowo-europa-my\/<\/strong><\/a>, poprzez kt\u00f3r\u0105 ka\u017cdy zainteresowany b\u0119dzie m\u00f3g\u0142 zapozna\u0107 si\u0119\u00a0z informacjami na temat programu\u00a0<a href=\"https:\/\/russ.uwm.edu.pl\/erasmus\/\"><strong>Erasmus+<\/strong><\/a>\u00a0oraz <strong><a href=\"https:\/\/russ.uwm.edu.pl\/eu-careers-uwm\/\">EU Careers<\/a> <\/strong>\u2013 zaznacza Bartosz Prusik, ambasador programu EU Careers na rok 2022\/2023. \u2013 Opiekunowie tych stron b\u0119d\u0105 umieszcza\u0107 na niej aktualne informacje dotycz\u0105ce dzia\u0142a\u0144 realizowanych przez student\u00f3w w tym zakresie, a tak\u017ce znajd\u0105 si\u0119 na niej materia\u0142y powsta\u0142e przy realizacji projektu \u201eKortowo. Europa. My.\u201d.<\/p>\n<p style=\"text-align: justify;\"><strong>Wi\u0119cej informacji:<\/strong><\/p>\n<p style=\"text-align: justify;\"><a href=\"https:\/\/russ.uwm.edu.pl\/kortowo-europa-my\/\"><strong>Projekt \u201eKortowo. Europa. My.\u201d<\/strong><\/a><\/p>\n<p style=\"text-align: justify;\"><a href=\"https:\/\/europa.eu\/youth\/year-of-youth_pl\"><strong>Europejski Rok M\u0142odzie\u017cy<\/strong><\/a><\/p>\n<p><a href=\"https:\/\/ec.europa.eu\/info\/index_pl\"><strong>Przedstawicielstwo Komisji Europejskiej w Polsce<\/strong><\/a><\/p>\n<p><strong><a href=\"https:\/\/www.facebook.com\/komisjaeuropejska\">Facebook Przedstawicielstwa Komisji Europejskiej w Polsce<\/a><\/strong><\/p>\n<p style=\"text-align: justify;\"><a href=\"https:\/\/www.facebook.com\/EuropeanYouthEU\"><b>Facebook European Youth<\/b><\/a><\/p>\n","protected":false},"excerpt":{"rendered":"<p>Na ka\u017cdym kroku nale\u017cy podkre\u015bla\u0107 rol\u0119, jak\u0105 odgrywa europejska m\u0142odzie\u017c w budowaniu lepszej przysz\u0142o\u015bci. Taka idea przy\u015bwieca r\u00f3wnie\u017c Uniwersytetowi Warmi\u0144sko-Mazurskiemu w Olsztynie. Studenci podj\u0119li wsp\u00f3\u0142prac\u0119 z\u00a0Przedstawicielstwem Komisji Europejskiej w Polsce, tworz\u0105c projekt \u201eKortowo. Europa. My.\u201d. Do\u0142\u0105czyli w ten spos\u00f3b do obchod\u00f3w Europejskiego Roku M\u0142odzie\u017cy #EYY2022. Celem EYY2022 jest docenienie m\u0142odzie\u017cy i\u00a0stworzenie jej mo\u017cliwo\u015bci zatrudnienia w\u00a0wielu&nbsp;<\/p>\n<p><a class=\"btn btn-style\" href=\"https:\/\/archiwum.kortowiada.pl\/2022\/kortowo-europa-my\/\">Czytaj wi\u0119cej<\/a><\/p>\n","protected":false},"author":3,"featured_media":3441,"comment_status":"closed","ping_status":"closed","sticky":false,"template":"","format":"standard","meta":[],"categories":[43],"tags":[],"yoast_head":"<!-- This site is optimized with the Yoast SEO plugin v19.6.1 - https:\/\/yoast.com\/wordpress\/plugins\/seo\/ -->\n<title>Studenci UWM w\u0142\u0105czyli si\u0119 w Europejski Rok M\u0142odzie\u017cy - Kortowiada - najwi\u0119kszy festiwal studencki w Polsce<\/title>\n<meta name=\"robots\" content=\"index, follow, max-snippet:-1, max-image-preview:large, max-video-preview:-1\" \/>\n<link rel=\"canonical\" href=\"https:\/\/archiwum.kortowiada.pl\/2022\/kortowo-europa-my\/\" \/>\n<meta property=\"og:locale\" content=\"pl_PL\" \/>\n<meta property=\"og:type\" content=\"article\" \/>\n<meta property=\"og:title\" content=\"Studenci UWM w\u0142\u0105czyli si\u0119 w Europejski Rok M\u0142odzie\u017cy - Kortowiada - najwi\u0119kszy festiwal studencki w Polsce\" \/>\n<meta property=\"og:description\" content=\"Na ka\u017cdym kroku nale\u017cy podkre\u015bla\u0107 rol\u0119, jak\u0105 odgrywa europejska m\u0142odzie\u017c w budowaniu lepszej przysz\u0142o\u015bci. Taka idea przy\u015bwieca r\u00f3wnie\u017c Uniwersytetowi Warmi\u0144sko-Mazurskiemu w Olsztynie. Studenci podj\u0119li wsp\u00f3\u0142prac\u0119 z\u00a0Przedstawicielstwem Komisji Europejskiej w Polsce, tworz\u0105c projekt \u201eKortowo. Europa. My.\u201d. Do\u0142\u0105czyli w ten spos\u00f3b do obchod\u00f3w Europejskiego Roku M\u0142odzie\u017cy #EYY2022. Celem EYY2022 jest docenienie m\u0142odzie\u017cy i\u00a0stworzenie jej mo\u017cliwo\u015bci zatrudnienia w\u00a0wielu&nbsp;Czytaj wi\u0119cej\" \/>\n<meta property=\"og:url\" content=\"https:\/\/archiwum.kortowiada.pl\/2022\/kortowo-europa-my\/\" \/>\n<meta property=\"og:site_name\" content=\"Kortowiada - najwi\u0119kszy festiwal studencki w Polsce\" \/>\n<meta property=\"article:publisher\" content=\"https:\/\/www.facebook.com\/kortowiadafestiwal\" \/>\n<meta property=\"article:published_time\" content=\"2022-05-31T10:39:32+00:00\" \/>\n<meta property=\"article:modified_time\" content=\"2022-05-31T12:42:16+00:00\" \/>\n<meta property=\"og:image\" content=\"https:\/\/archiwum.kortowiada.pl\/2022\/wp-content\/uploads\/2022\/05\/284206420_1204084487086268_2817427397069319184_n.jpg\" \/>\n\t<meta property=\"og:image:width\" content=\"1920\" \/>\n\t<meta property=\"og:image:height\" content=\"1080\" \/>\n\t<meta property=\"og:image:type\" content=\"image\/jpeg\" \/>\n<meta name=\"author\" content=\"Piotr Wa\u0142ejko\" \/>\n<meta name=\"twitter:card\" content=\"summary_large_image\" \/>\n<meta name=\"twitter:label1\" content=\"Napisane przez\" \/>\n\t<meta name=\"twitter:data1\" content=\"Piotr Wa\u0142ejko\" \/>\n\t<meta name=\"twitter:label2\" content=\"Szacowany czas czytania\" \/>\n\t<meta name=\"twitter:data2\" content=\"3 minuty\" \/>\n<script type=\"application\/ld+json\" class=\"yoast-schema-graph\">{\"@context\":\"https:\/\/schema.org\",\"@graph\":[{\"@type\":\"Article\",\"@id\":\"https:\/\/archiwum.kortowiada.pl\/2022\/kortowo-europa-my\/#article\",\"isPartOf\":{\"@id\":\"https:\/\/archiwum.kortowiada.pl\/2022\/kortowo-europa-my\/\"},\"author\":{\"name\":\"Piotr Wa\u0142ejko\",\"@id\":\"https:\/\/archiwum.kortowiada.pl\/2022\/#\/schema\/person\/df3f59be77e7bc984b23a1e33c7b5826\"},\"headline\":\"Studenci UWM w\u0142\u0105czyli si\u0119 w Europejski Rok M\u0142odzie\u017cy\",\"datePublished\":\"2022-05-31T10:39:32+00:00\",\"dateModified\":\"2022-05-31T12:42:16+00:00\",\"mainEntityOfPage\":{\"@id\":\"https:\/\/archiwum.kortowiada.pl\/2022\/kortowo-europa-my\/\"},\"wordCount\":570,\"publisher\":{\"@id\":\"https:\/\/archiwum.kortowiada.pl\/2022\/#organization\"},\"articleSection\":[\"Kortowiada 2022\"],\"inLanguage\":\"pl-PL\"},{\"@type\":\"WebPage\",\"@id\":\"https:\/\/archiwum.kortowiada.pl\/2022\/kortowo-europa-my\/\",\"url\":\"https:\/\/archiwum.kortowiada.pl\/2022\/kortowo-europa-my\/\",\"name\":\"Studenci UWM w\u0142\u0105czyli si\u0119 w Europejski Rok M\u0142odzie\u017cy - Kortowiada - najwi\u0119kszy festiwal studencki w Polsce\",\"isPartOf\":{\"@id\":\"https:\/\/archiwum.kortowiada.pl\/2022\/#website\"},\"datePublished\":\"2022-05-31T10:39:32+00:00\",\"dateModified\":\"2022-05-31T12:42:16+00:00\",\"breadcrumb\":{\"@id\":\"https:\/\/archiwum.kortowiada.pl\/2022\/kortowo-europa-my\/#breadcrumb\"},\"inLanguage\":\"pl-PL\",\"potentialAction\":[{\"@type\":\"ReadAction\",\"target\":[\"https:\/\/archiwum.kortowiada.pl\/2022\/kortowo-europa-my\/\"]}]},{\"@type\":\"BreadcrumbList\",\"@id\":\"https:\/\/archiwum.kortowiada.pl\/2022\/kortowo-europa-my\/#breadcrumb\",\"itemListElement\":[{\"@type\":\"ListItem\",\"position\":1,\"name\":\"Strona g\u0142\u00f3wna\",\"item\":\"https:\/\/archiwum.kortowiada.pl\/2022\/\"},{\"@type\":\"ListItem\",\"position\":2,\"name\":\"Studenci UWM w\u0142\u0105czyli si\u0119 w Europejski Rok M\u0142odzie\u017cy\"}]},{\"@type\":\"WebSite\",\"@id\":\"https:\/\/archiwum.kortowiada.pl\/2022\/#website\",\"url\":\"https:\/\/archiwum.kortowiada.pl\/2022\/\",\"name\":\"Kortowiada - najwi\u0119kszy festiwal studencki w Polsce\",\"description\":\"1-4 czerwca 2022, 61. edycja - juwenalia Olsztyn\",\"publisher\":{\"@id\":\"https:\/\/archiwum.kortowiada.pl\/2022\/#organization\"},\"potentialAction\":[{\"@type\":\"SearchAction\",\"target\":{\"@type\":\"EntryPoint\",\"urlTemplate\":\"https:\/\/archiwum.kortowiada.pl\/2022\/?s={search_term_string}\"},\"query-input\":\"required name=search_term_string\"}],\"inLanguage\":\"pl-PL\"},{\"@type\":\"Organization\",\"@id\":\"https:\/\/archiwum.kortowiada.pl\/2022\/#organization\",\"name\":\"Kortowiada\",\"url\":\"https:\/\/archiwum.kortowiada.pl\/2022\/\",\"sameAs\":[\"https:\/\/www.instagram.com\/kortowiada\/?hl=pl\",\"https:\/\/www.youtube.com\/channel\/UCZpuhjpJ2XlHxcbT4N2oyFQ\",\"https:\/\/www.facebook.com\/kortowiadafestiwal\"],\"logo\":{\"@type\":\"ImageObject\",\"inLanguage\":\"pl-PL\",\"@id\":\"https:\/\/archiwum.kortowiada.pl\/2022\/#\/schema\/logo\/image\/\",\"url\":\"https:\/\/kortowiada.pl\/wp-content\/uploads\/2021\/05\/favig.png\",\"contentUrl\":\"https:\/\/kortowiada.pl\/wp-content\/uploads\/2021\/05\/favig.png\",\"width\":1080,\"height\":1080,\"caption\":\"Kortowiada\"},\"image\":{\"@id\":\"https:\/\/archiwum.kortowiada.pl\/2022\/#\/schema\/logo\/image\/\"}},{\"@type\":\"Person\",\"@id\":\"https:\/\/archiwum.kortowiada.pl\/2022\/#\/schema\/person\/df3f59be77e7bc984b23a1e33c7b5826\",\"name\":\"Piotr Wa\u0142ejko\",\"image\":{\"@type\":\"ImageObject\",\"inLanguage\":\"pl-PL\",\"@id\":\"https:\/\/archiwum.kortowiada.pl\/2022\/#\/schema\/person\/image\/\",\"url\":\"https:\/\/secure.gravatar.com\/avatar\/789710cefc79786bcc51d30228611763?s=96&d=mm&r=g\",\"contentUrl\":\"https:\/\/secure.gravatar.com\/avatar\/789710cefc79786bcc51d30228611763?s=96&d=mm&r=g\",\"caption\":\"Piotr Wa\u0142ejko\"},\"url\":\"https:\/\/archiwum.kortowiada.pl\/2022\/author\/piotr-walejko\/\"}]}<\/script>\n<!-- \/ Yoast SEO plugin. -->","yoast_head_json":{"title":"Studenci UWM w\u0142\u0105czyli si\u0119 w Europejski Rok M\u0142odzie\u017cy - Kortowiada - najwi\u0119kszy festiwal studencki w Polsce","robots":{"index":"index","follow":"follow","max-snippet":"max-snippet:-1","max-image-preview":"max-image-preview:large","max-video-preview":"max-video-preview:-1"},"canonical":"https:\/\/archiwum.kortowiada.pl\/2022\/kortowo-europa-my\/","og_locale":"pl_PL","og_type":"article","og_title":"Studenci UWM w\u0142\u0105czyli si\u0119 w Europejski Rok M\u0142odzie\u017cy - Kortowiada - najwi\u0119kszy festiwal studencki w Polsce","og_description":"Na ka\u017cdym kroku nale\u017cy podkre\u015bla\u0107 rol\u0119, jak\u0105 odgrywa europejska m\u0142odzie\u017c w budowaniu lepszej przysz\u0142o\u015bci. Taka idea przy\u015bwieca r\u00f3wnie\u017c Uniwersytetowi Warmi\u0144sko-Mazurskiemu w Olsztynie. Studenci podj\u0119li wsp\u00f3\u0142prac\u0119 z\u00a0Przedstawicielstwem Komisji Europejskiej w Polsce, tworz\u0105c projekt \u201eKortowo. Europa. My.\u201d. Do\u0142\u0105czyli w ten spos\u00f3b do obchod\u00f3w Europejskiego Roku M\u0142odzie\u017cy #EYY2022. Celem EYY2022 jest docenienie m\u0142odzie\u017cy i\u00a0stworzenie jej mo\u017cliwo\u015bci zatrudnienia w\u00a0wielu&nbsp;Czytaj wi\u0119cej","og_url":"https:\/\/archiwum.kortowiada.pl\/2022\/kortowo-europa-my\/","og_site_name":"Kortowiada - najwi\u0119kszy festiwal studencki w Polsce","article_publisher":"https:\/\/www.facebook.com\/kortowiadafestiwal","article_published_time":"2022-05-31T10:39:32+00:00","article_modified_time":"2022-05-31T12:42:16+00:00","og_image":[{"width":1920,"height":1080,"url":"https:\/\/archiwum.kortowiada.pl\/2022\/wp-content\/uploads\/2022\/05\/284206420_1204084487086268_2817427397069319184_n.jpg","type":"image\/jpeg"}],"author":"Piotr Wa\u0142ejko","twitter_card":"summary_large_image","twitter_misc":{"Napisane przez":"Piotr Wa\u0142ejko","Szacowany czas czytania":"3 minuty"},"schema":{"@context":"https:\/\/schema.org","@graph":[{"@type":"Article","@id":"https:\/\/archiwum.kortowiada.pl\/2022\/kortowo-europa-my\/#article","isPartOf":{"@id":"https:\/\/archiwum.kortowiada.pl\/2022\/kortowo-europa-my\/"},"author":{"name":"Piotr Wa\u0142ejko","@id":"https:\/\/archiwum.kortowiada.pl\/2022\/#\/schema\/person\/df3f59be77e7bc984b23a1e33c7b5826"},"headline":"Studenci UWM w\u0142\u0105czyli si\u0119 w Europejski Rok M\u0142odzie\u017cy","datePublished":"2022-05-31T10:39:32+00:00","dateModified":"2022-05-31T12:42:16+00:00","mainEntityOfPage":{"@id":"https:\/\/archiwum.kortowiada.pl\/2022\/kortowo-europa-my\/"},"wordCount":570,"publisher":{"@id":"https:\/\/archiwum.kortowiada.pl\/2022\/#organization"},"articleSection":["Kortowiada 2022"],"inLanguage":"pl-PL"},{"@type":"WebPage","@id":"https:\/\/archiwum.kortowiada.pl\/2022\/kortowo-europa-my\/","url":"https:\/\/archiwum.kortowiada.pl\/2022\/kortowo-europa-my\/","name":"Studenci UWM w\u0142\u0105czyli si\u0119 w Europejski Rok M\u0142odzie\u017cy - Kortowiada - najwi\u0119kszy festiwal studencki w Polsce","isPartOf":{"@id":"https:\/\/archiwum.kortowiada.pl\/2022\/#website"},"datePublished":"2022-05-31T10:39:32+00:00","dateModified":"2022-05-31T12:42:16+00:00","breadcrumb":{"@id":"https:\/\/archiwum.kortowiada.pl\/2022\/kortowo-europa-my\/#breadcrumb"},"inLanguage":"pl-PL","potentialAction":[{"@type":"ReadAction","target":["https:\/\/archiwum.kortowiada.pl\/2022\/kortowo-europa-my\/"]}]},{"@type":"BreadcrumbList","@id":"https:\/\/archiwum.kortowiada.pl\/2022\/kortowo-europa-my\/#breadcrumb","itemListElement":[{"@type":"ListItem","position":1,"name":"Strona g\u0142\u00f3wna","item":"https:\/\/archiwum.kortowiada.pl\/2022\/"},{"@type":"ListItem","position":2,"name":"Studenci UWM w\u0142\u0105czyli si\u0119 w Europejski Rok M\u0142odzie\u017cy"}]},{"@type":"WebSite","@id":"https:\/\/archiwum.kortowiada.pl\/2022\/#website","url":"https:\/\/archiwum.kortowiada.pl\/2022\/","name":"Kortowiada - najwi\u0119kszy festiwal studencki w Polsce","description":"1-4 czerwca 2022, 61. edycja - juwenalia Olsztyn","publisher":{"@id":"https:\/\/archiwum.kortowiada.pl\/2022\/#organization"},"potentialAction":[{"@type":"SearchAction","target":{"@type":"EntryPoint","urlTemplate":"https:\/\/archiwum.kortowiada.pl\/2022\/?s={search_term_string}"},"query-input":"required name=search_term_string"}],"inLanguage":"pl-PL"},{"@type":"Organization","@id":"https:\/\/archiwum.kortowiada.pl\/2022\/#organization","name":"Kortowiada","url":"https:\/\/archiwum.kortowiada.pl\/2022\/","sameAs":["https:\/\/www.instagram.com\/kortowiada\/?hl=pl","https:\/\/www.youtube.com\/channel\/UCZpuhjpJ2XlHxcbT4N2oyFQ","https:\/\/www.facebook.com\/kortowiadafestiwal"],"logo":{"@type":"ImageObject","inLanguage":"pl-PL","@id":"https:\/\/archiwum.kortowiada.pl\/2022\/#\/schema\/logo\/image\/","url":"https:\/\/kortowiada.pl\/wp-content\/uploads\/2021\/05\/favig.png","contentUrl":"https:\/\/kortowiada.pl\/wp-content\/uploads\/2021\/05\/favig.png","width":1080,"height":1080,"caption":"Kortowiada"},"image":{"@id":"https:\/\/archiwum.kortowiada.pl\/2022\/#\/schema\/logo\/image\/"}},{"@type":"Person","@id":"https:\/\/archiwum.kortowiada.pl\/2022\/#\/schema\/person\/df3f59be77e7bc984b23a1e33c7b5826","name":"Piotr Wa\u0142ejko","image":{"@type":"ImageObject","inLanguage":"pl-PL","@id":"https:\/\/archiwum.kortowiada.pl\/2022\/#\/schema\/person\/image\/","url":"https:\/\/secure.gravatar.com\/avatar\/789710cefc79786bcc51d30228611763?s=96&d=mm&r=g","contentUrl":"https:\/\/secure.gravatar.com\/avatar\/789710cefc79786bcc51d30228611763?s=96&d=mm&r=g","caption":"Piotr Wa\u0142ejko"},"url":"https:\/\/archiwum.kortowiada.pl\/2022\/author\/piotr-walejko\/"}]}},"_links":{"self":[{"href":"https:\/\/archiwum.kortowiada.pl\/2022\/wp-json\/wp\/v2\/posts\/3440"}],"collection":[{"href":"https:\/\/archiwum.kortowiada.pl\/2022\/wp-json\/wp\/v2\/posts"}],"about":[{"href":"https:\/\/archiwum.kortowiada.pl\/2022\/wp-json\/wp\/v2\/types\/post"}],"author":[{"embeddable":true,"href":"https:\/\/archiwum.kortowiada.pl\/2022\/wp-json\/wp\/v2\/users\/3"}],"replies":[{"embeddable":true,"href":"https:\/\/archiwum.kortowiada.pl\/2022\/wp-json\/wp\/v2\/comments?post=3440"}],"version-history":[{"count":3,"href":"https:\/\/archiwum.kortowiada.pl\/2022\/wp-json\/wp\/v2\/posts\/3440\/revisions"}],"predecessor-version":[{"id":3447,"href":"https:\/\/archiwum.kortowiada.pl\/2022\/wp-json\/wp\/v2\/posts\/3440\/revisions\/3447"}],"wp:featuredmedia":[{"embeddable":true,"href":"https:\/\/archiwum.kortowiada.pl\/2022\/wp-json\/wp\/v2\/media\/3441"}],"wp:attachment":[{"href":"https:\/\/archiwum.kortowiada.pl\/2022\/wp-json\/wp\/v2\/media?parent=3440"}],"wp:term":[{"taxonomy":"category","embeddable":true,"href":"https:\/\/archiwum.kortowiada.pl\/2022\/wp-json\/wp\/v2\/categories?post=3440"},{"taxonomy":"post_tag","embeddable":true,"href":"https:\/\/archiwum.kortowiada.pl\/2022\/wp-json\/wp\/v2\/tags?post=3440"}],"curies":[{"name":"wp","href":"https:\/\/api.w.org\/{rel}","templated":true}]}}