{"id":3462,"date":"2022-06-01T10:51:23","date_gmt":"2022-06-01T08:51:23","guid":{"rendered":"https:\/\/kortowiada.pl\/?p=3462"},"modified":"2022-06-14T17:49:50","modified_gmt":"2022-06-14T15:49:50","slug":"juz-dzis-zaczynamy-kortowiade-2022","status":"publish","type":"post","link":"https:\/\/archiwum.kortowiada.pl\/2022\/juz-dzis-zaczynamy-kortowiade-2022\/","title":{"rendered":"Ju\u017c dzi\u015b zaczynamy Kortowiad\u0119 2022!"},"content":{"rendered":"<p><strong>W \u015brod\u0119 1 czerwca spo\u0142eczno\u015b\u0107 Uniwersytetu Warmi\u0144sko-Mazurskiego w\u00a0Olsztynie ma podw\u00f3jny pow\u00f3d do \u015bwi\u0119towania. Jest to dzie\u0144, w kt\u00f3rym obchodzimy kolejn\u0105 rocznic\u0119 powstania Uniwersytetu, a po drugie \u2013 rozpoczyna si\u0119 Kortowiada!<\/strong><\/p>\n<p>&nbsp;<\/p>\n<p>Tegoroczne juwenalia olszty\u0144skie potrwaj\u0105 cztery dni. <strong>\u015awi\u0119to student\u00f3w UWM<\/strong> to m.in. <strong>15 koncert\u00f3w na scenie g\u0142\u00f3wnej<\/strong> i mn\u00f3stwo wydarze\u0144 towarzysz\u0105cych, kt\u00f3re z my\u015bl\u0105 o\u00a0uczestnikach Kortowiady przygotowa\u0142a Rada Uczelniana Samorz\u0105du Studenckiego.<\/p>\n<p>\u015aroda to dzie\u0144 stoj\u0105cy pod znakiem integracji i sportu. O godzinie 15 zaczyna si\u0119 <strong>Kortowiadowy Bieg o Z\u0142otego Dzika<\/strong>. Trasa zosta\u0142a wyznaczona w taki spos\u00f3b, by mo\u017cna by\u0142o nacieszy\u0107 si\u0119 pi\u0119knem miasteczka akademickiego. W czasie, kiedy b\u0119dzie startowa\u0142 bieg, rozpocznie si\u0119 te\u017c rywalizacja akademik\u00f3w. Jury ocenia\u0107 b\u0119dzie, kt\u00f3ry z dom\u00f3w studenckich przygotowa\u0142 najlepszy wystr\u00f3j nawi\u0105zuj\u0105cy do tematu: <strong>Ekodemik, czyli Las NIE Vegas<\/strong>.<\/p>\n<p>Od godziny 16 b\u0119dzie mo\u017cna zacz\u0105\u0107 na dobre przygotowywa\u0107 si\u0119 do czwartkowej Parady Wydzia\u0142\u00f3w. W <strong>Ekonamiocie<\/strong> ulokowanym na terenie zielonym mi\u0119dzy akademikami nr 9 i 10 stworzona zosta\u0142a przestrze\u0144 do wsp\u00f3lnego tworzenia transparent\u00f3w, koszulek i ozd\u00f3b. Maj\u0105 one wyr\u00f3\u017cni\u0107 student\u00f3w bior\u0105cych udzia\u0142 w kolorowym orszaku ulicami Olsztyna.<\/p>\n<p>P\u00f3\u017anym popo\u0142udniem, czyli o godz. 18 w hali sportowej UWM rozpocznie si\u0119 <strong>VII Integracyjny Mecz Koszyk\u00f3wki na W\u00f3zkach<\/strong>. Tradycyjnie studenci UWM rozegraj\u0105 mecz ze sportowcami z niepe\u0142nosprawno\u015bci\u0105.<\/p>\n<p>\u015arodowy wiecz\u00f3r up\u0142ynie uczestnikom Kortowiady na zabawie w\u2026 s\u0142uchawkach. <strong>Silent Party<\/strong> zaplanowano od godz. 21 w namiocie za Bibliotek\u0105 Uniwersyteck\u0105. Tego dnia za konsol\u0105 stan\u0105 DJ-e: Killer, Adys, Jack Grand i C. Why C. Warto pami\u0119ta\u0107, \u017ce wst\u0119p do namiotu jest p\u0142atny, a na zni\u017ck\u0119 mog\u0105 liczy\u0107 posiadacze karnet\u00f3w i T-shirt\u00f3w kortowiadowych.<\/p>\n<p>&nbsp;<\/p>\n<p><strong>Trzy dni koncert\u00f3w nad jeziorem<\/strong><\/p>\n<p>Oficjalne otwarcie Kortowiady nast\u0105pi ju\u017c jutro, 2 czerwca, kiedy to studenci przejm\u0105 w\u0142adz\u0119 w mie\u015bcie i Kortowie. Tego dnia ulicami miasta przejdzie tak\u017ce <strong><a href=\"https:\/\/kortowiada.pl\/parada-wydzialow\/\">Parada Wydzia\u0142\u00f3w<\/a><\/strong>.<\/p>\n<p>W czwartek na pla\u017cy kortowskiej zagraj\u0105 Baranovski, Happysad, O.S.T.R., Kwiat Jab\u0142oni i \u0141ydka Grubasa. Dzie\u0144 p\u00f3\u017aniej na scenie pojawi\u0105 si\u0119: Ka\u015bka Sochacka, Zalewski, Enej, Kayah i Sok\u00f3\u0142. W sobot\u0119, ostatniego dnia Kortowiady 2022, wyst\u0105pi\u0105 Vito Bambino, Guzior, Mery Spolsky, PRO8L3M i Tymek.<\/p>\n<p>Bilety na <a href=\"http:\/\/www.bilety.kortowiada.pl\">kortowiadowe koncerty kupimy, nie wychodz\u0105c z domu<\/a>. W internetowej sprzeda\u017cy jest ostatnia ju\u017c pula wej\u015bci\u00f3wek.<\/p>\n<p>Wi\u0119cej informacji o wydarzeniach na stronie <a href=\"http:\/\/www.kortowiada.pl\">www.kortowiada.pl<\/a> oraz na profilach Kortowiady w mediach spo\u0142eczno\u015bciowych.<\/p>\n<p>&nbsp;<\/p>\n<p><strong>Sponsorzy g\u0142\u00f3wni:<\/strong> Per\u0142a i Glovo<\/p>\n<p><strong>Sponsorzy:<\/strong> Bank Pekao, Fundacja \u017bAK, Octim, Cymes NetPocket, Zenbox, Galeria Warmi\u0144ska, Aura, Warmi\u0144ska Aura<\/p>\n<p><strong>Partnerzy:<\/strong> Warmia Mazury, Olsztyn, Komisja Europejska, MPEC, Port Lotniczy Olsztyn-Szymany, ZDZiT Olsztyn, ZGOK, Coca-Cola, Ka\u017cda Puszka Cenna, iTaxi, Pasibus, Redbull Mobile, Redbull, HP Park, Kram, Case, Mirtrans, Konsorcjum: Fundacja Inicjatyw Spo\u0142ecznych i MedSar oraz Stra\u017c Uniwersytecka UWM<\/p>\n<p><strong>G\u0142\u00f3wni partnerzy medialni:<\/strong> Wirtualna Polska, CGM.PL, Radio Eska i Eska TV<\/p>\n<p><strong>Patronat medialny:<\/strong> Gazeta Olszty\u0144ska, Nasz Olsztyniak, UWM FM, Olsztyn.com.pl, Ukiel.info, TKO, dlastudenta.pl, studentnews.pl, Spotted UWM<\/p>\n","protected":false},"excerpt":{"rendered":"<p>W \u015brod\u0119 1 czerwca spo\u0142eczno\u015b\u0107 Uniwersytetu Warmi\u0144sko-Mazurskiego w\u00a0Olsztynie ma podw\u00f3jny pow\u00f3d do \u015bwi\u0119towania. Jest to dzie\u0144, w kt\u00f3rym obchodzimy kolejn\u0105 rocznic\u0119 powstania Uniwersytetu, a po drugie \u2013 rozpoczyna si\u0119 Kortowiada! &nbsp; Tegoroczne juwenalia olszty\u0144skie potrwaj\u0105 cztery dni. \u015awi\u0119to student\u00f3w UWM to m.in. 15 koncert\u00f3w na scenie g\u0142\u00f3wnej i mn\u00f3stwo wydarze\u0144 towarzysz\u0105cych, kt\u00f3re z my\u015bl\u0105 o\u00a0uczestnikach&nbsp;<\/p>\n<p><a class=\"btn btn-style\" href=\"https:\/\/archiwum.kortowiada.pl\/2022\/juz-dzis-zaczynamy-kortowiade-2022\/\">Czytaj wi\u0119cej<\/a><\/p>\n","protected":false},"author":9,"featured_media":3463,"comment_status":"closed","ping_status":"closed","sticky":false,"template":"","format":"standard","meta":[],"categories":[43],"tags":[129,184,72,47,91,183],"yoast_head":"<!-- This site is optimized with the Yoast SEO plugin v19.6.1 - https:\/\/yoast.com\/wordpress\/plugins\/seo\/ -->\n<title>Ju\u017c dzi\u015b zaczynamy Kortowiad\u0119 2022! - Kortowiada - najwi\u0119kszy festiwal studencki w Polsce<\/title>\n<meta name=\"robots\" content=\"index, follow, max-snippet:-1, max-image-preview:large, max-video-preview:-1\" \/>\n<link rel=\"canonical\" href=\"https:\/\/archiwum.kortowiada.pl\/2022\/juz-dzis-zaczynamy-kortowiade-2022\/\" \/>\n<meta property=\"og:locale\" content=\"pl_PL\" \/>\n<meta property=\"og:type\" content=\"article\" \/>\n<meta property=\"og:title\" content=\"Ju\u017c dzi\u015b zaczynamy Kortowiad\u0119 2022! - Kortowiada - najwi\u0119kszy festiwal studencki w Polsce\" \/>\n<meta property=\"og:description\" content=\"W \u015brod\u0119 1 czerwca spo\u0142eczno\u015b\u0107 Uniwersytetu Warmi\u0144sko-Mazurskiego w\u00a0Olsztynie ma podw\u00f3jny pow\u00f3d do \u015bwi\u0119towania. Jest to dzie\u0144, w kt\u00f3rym obchodzimy kolejn\u0105 rocznic\u0119 powstania Uniwersytetu, a po drugie \u2013 rozpoczyna si\u0119 Kortowiada! &nbsp; Tegoroczne juwenalia olszty\u0144skie potrwaj\u0105 cztery dni. \u015awi\u0119to student\u00f3w UWM to m.in. 15 koncert\u00f3w na scenie g\u0142\u00f3wnej i mn\u00f3stwo wydarze\u0144 towarzysz\u0105cych, kt\u00f3re z my\u015bl\u0105 o\u00a0uczestnikach&nbsp;Czytaj wi\u0119cej\" \/>\n<meta property=\"og:url\" content=\"https:\/\/archiwum.kortowiada.pl\/2022\/juz-dzis-zaczynamy-kortowiade-2022\/\" \/>\n<meta property=\"og:site_name\" content=\"Kortowiada - najwi\u0119kszy festiwal studencki w Polsce\" \/>\n<meta property=\"article:publisher\" content=\"https:\/\/www.facebook.com\/kortowiadafestiwal\" \/>\n<meta property=\"article:published_time\" content=\"2022-06-01T08:51:23+00:00\" \/>\n<meta property=\"article:modified_time\" content=\"2022-06-14T15:49:50+00:00\" \/>\n<meta property=\"og:image\" content=\"https:\/\/archiwum.kortowiada.pl\/2022\/wp-content\/uploads\/2022\/06\/20220515-IMG_3374-scaled.jpg\" \/>\n\t<meta property=\"og:image:width\" content=\"2560\" \/>\n\t<meta property=\"og:image:height\" content=\"1707\" \/>\n\t<meta property=\"og:image:type\" content=\"image\/jpeg\" \/>\n<meta name=\"author\" content=\"Daria Bruszewska\" \/>\n<meta name=\"twitter:card\" content=\"summary_large_image\" \/>\n<meta name=\"twitter:label1\" content=\"Napisane przez\" \/>\n\t<meta name=\"twitter:data1\" content=\"Daria Bruszewska\" \/>\n\t<meta name=\"twitter:label2\" content=\"Szacowany czas czytania\" \/>\n\t<meta name=\"twitter:data2\" content=\"3 minuty\" \/>\n<script type=\"application\/ld+json\" class=\"yoast-schema-graph\">{\"@context\":\"https:\/\/schema.org\",\"@graph\":[{\"@type\":\"Article\",\"@id\":\"https:\/\/archiwum.kortowiada.pl\/2022\/juz-dzis-zaczynamy-kortowiade-2022\/#article\",\"isPartOf\":{\"@id\":\"https:\/\/archiwum.kortowiada.pl\/2022\/juz-dzis-zaczynamy-kortowiade-2022\/\"},\"author\":{\"name\":\"Daria Bruszewska\",\"@id\":\"https:\/\/archiwum.kortowiada.pl\/2022\/#\/schema\/person\/203bdca03dc88232ceae13557ea4cb25\"},\"headline\":\"Ju\u017c dzi\u015b zaczynamy Kortowiad\u0119 2022!\",\"datePublished\":\"2022-06-01T08:51:23+00:00\",\"dateModified\":\"2022-06-14T15:49:50+00:00\",\"mainEntityOfPage\":{\"@id\":\"https:\/\/archiwum.kortowiada.pl\/2022\/juz-dzis-zaczynamy-kortowiade-2022\/\"},\"wordCount\":529,\"publisher\":{\"@id\":\"https:\/\/archiwum.kortowiada.pl\/2022\/#organization\"},\"keywords\":[\"juwenalia 2022\",\"koncerty Olsztyn\",\"Kortowiada 2022\",\"Olsztyn\",\"Olszty\u0144skie Juwenalia\",\"Parada Wydzia\u0142\u00f3w\"],\"articleSection\":[\"Kortowiada 2022\"],\"inLanguage\":\"pl-PL\"},{\"@type\":\"WebPage\",\"@id\":\"https:\/\/archiwum.kortowiada.pl\/2022\/juz-dzis-zaczynamy-kortowiade-2022\/\",\"url\":\"https:\/\/archiwum.kortowiada.pl\/2022\/juz-dzis-zaczynamy-kortowiade-2022\/\",\"name\":\"Ju\u017c dzi\u015b zaczynamy Kortowiad\u0119 2022! - Kortowiada - najwi\u0119kszy festiwal studencki w Polsce\",\"isPartOf\":{\"@id\":\"https:\/\/archiwum.kortowiada.pl\/2022\/#website\"},\"datePublished\":\"2022-06-01T08:51:23+00:00\",\"dateModified\":\"2022-06-14T15:49:50+00:00\",\"breadcrumb\":{\"@id\":\"https:\/\/archiwum.kortowiada.pl\/2022\/juz-dzis-zaczynamy-kortowiade-2022\/#breadcrumb\"},\"inLanguage\":\"pl-PL\",\"potentialAction\":[{\"@type\":\"ReadAction\",\"target\":[\"https:\/\/archiwum.kortowiada.pl\/2022\/juz-dzis-zaczynamy-kortowiade-2022\/\"]}]},{\"@type\":\"BreadcrumbList\",\"@id\":\"https:\/\/archiwum.kortowiada.pl\/2022\/juz-dzis-zaczynamy-kortowiade-2022\/#breadcrumb\",\"itemListElement\":[{\"@type\":\"ListItem\",\"position\":1,\"name\":\"Strona g\u0142\u00f3wna\",\"item\":\"https:\/\/archiwum.kortowiada.pl\/2022\/\"},{\"@type\":\"ListItem\",\"position\":2,\"name\":\"Ju\u017c dzi\u015b zaczynamy Kortowiad\u0119 2022!\"}]},{\"@type\":\"WebSite\",\"@id\":\"https:\/\/archiwum.kortowiada.pl\/2022\/#website\",\"url\":\"https:\/\/archiwum.kortowiada.pl\/2022\/\",\"name\":\"Kortowiada - najwi\u0119kszy festiwal studencki w Polsce\",\"description\":\"1-4 czerwca 2022, 61. edycja - juwenalia Olsztyn\",\"publisher\":{\"@id\":\"https:\/\/archiwum.kortowiada.pl\/2022\/#organization\"},\"potentialAction\":[{\"@type\":\"SearchAction\",\"target\":{\"@type\":\"EntryPoint\",\"urlTemplate\":\"https:\/\/archiwum.kortowiada.pl\/2022\/?s={search_term_string}\"},\"query-input\":\"required name=search_term_string\"}],\"inLanguage\":\"pl-PL\"},{\"@type\":\"Organization\",\"@id\":\"https:\/\/archiwum.kortowiada.pl\/2022\/#organization\",\"name\":\"Kortowiada\",\"url\":\"https:\/\/archiwum.kortowiada.pl\/2022\/\",\"sameAs\":[\"https:\/\/www.instagram.com\/kortowiada\/?hl=pl\",\"https:\/\/www.youtube.com\/channel\/UCZpuhjpJ2XlHxcbT4N2oyFQ\",\"https:\/\/www.facebook.com\/kortowiadafestiwal\"],\"logo\":{\"@type\":\"ImageObject\",\"inLanguage\":\"pl-PL\",\"@id\":\"https:\/\/archiwum.kortowiada.pl\/2022\/#\/schema\/logo\/image\/\",\"url\":\"https:\/\/kortowiada.pl\/wp-content\/uploads\/2021\/05\/favig.png\",\"contentUrl\":\"https:\/\/kortowiada.pl\/wp-content\/uploads\/2021\/05\/favig.png\",\"width\":1080,\"height\":1080,\"caption\":\"Kortowiada\"},\"image\":{\"@id\":\"https:\/\/archiwum.kortowiada.pl\/2022\/#\/schema\/logo\/image\/\"}},{\"@type\":\"Person\",\"@id\":\"https:\/\/archiwum.kortowiada.pl\/2022\/#\/schema\/person\/203bdca03dc88232ceae13557ea4cb25\",\"name\":\"Daria Bruszewska\",\"image\":{\"@type\":\"ImageObject\",\"inLanguage\":\"pl-PL\",\"@id\":\"https:\/\/archiwum.kortowiada.pl\/2022\/#\/schema\/person\/image\/\",\"url\":\"https:\/\/secure.gravatar.com\/avatar\/4071c0be1102ef11730c77465d7d8936?s=96&d=mm&r=g\",\"contentUrl\":\"https:\/\/secure.gravatar.com\/avatar\/4071c0be1102ef11730c77465d7d8936?s=96&d=mm&r=g\",\"caption\":\"Daria Bruszewska\"},\"url\":\"https:\/\/archiwum.kortowiada.pl\/2022\/author\/daria\/\"}]}<\/script>\n<!-- \/ Yoast SEO plugin. -->","yoast_head_json":{"title":"Ju\u017c dzi\u015b zaczynamy Kortowiad\u0119 2022! - Kortowiada - najwi\u0119kszy festiwal studencki w Polsce","robots":{"index":"index","follow":"follow","max-snippet":"max-snippet:-1","max-image-preview":"max-image-preview:large","max-video-preview":"max-video-preview:-1"},"canonical":"https:\/\/archiwum.kortowiada.pl\/2022\/juz-dzis-zaczynamy-kortowiade-2022\/","og_locale":"pl_PL","og_type":"article","og_title":"Ju\u017c dzi\u015b zaczynamy Kortowiad\u0119 2022! - Kortowiada - najwi\u0119kszy festiwal studencki w Polsce","og_description":"W \u015brod\u0119 1 czerwca spo\u0142eczno\u015b\u0107 Uniwersytetu Warmi\u0144sko-Mazurskiego w\u00a0Olsztynie ma podw\u00f3jny pow\u00f3d do \u015bwi\u0119towania. Jest to dzie\u0144, w kt\u00f3rym obchodzimy kolejn\u0105 rocznic\u0119 powstania Uniwersytetu, a po drugie \u2013 rozpoczyna si\u0119 Kortowiada! &nbsp; Tegoroczne juwenalia olszty\u0144skie potrwaj\u0105 cztery dni. \u015awi\u0119to student\u00f3w UWM to m.in. 15 koncert\u00f3w na scenie g\u0142\u00f3wnej i mn\u00f3stwo wydarze\u0144 towarzysz\u0105cych, kt\u00f3re z my\u015bl\u0105 o\u00a0uczestnikach&nbsp;Czytaj wi\u0119cej","og_url":"https:\/\/archiwum.kortowiada.pl\/2022\/juz-dzis-zaczynamy-kortowiade-2022\/","og_site_name":"Kortowiada - najwi\u0119kszy festiwal studencki w Polsce","article_publisher":"https:\/\/www.facebook.com\/kortowiadafestiwal","article_published_time":"2022-06-01T08:51:23+00:00","article_modified_time":"2022-06-14T15:49:50+00:00","og_image":[{"width":2560,"height":1707,"url":"https:\/\/archiwum.kortowiada.pl\/2022\/wp-content\/uploads\/2022\/06\/20220515-IMG_3374-scaled.jpg","type":"image\/jpeg"}],"author":"Daria Bruszewska","twitter_card":"summary_large_image","twitter_misc":{"Napisane przez":"Daria Bruszewska","Szacowany czas czytania":"3 minuty"},"schema":{"@context":"https:\/\/schema.org","@graph":[{"@type":"Article","@id":"https:\/\/archiwum.kortowiada.pl\/2022\/juz-dzis-zaczynamy-kortowiade-2022\/#article","isPartOf":{"@id":"https:\/\/archiwum.kortowiada.pl\/2022\/juz-dzis-zaczynamy-kortowiade-2022\/"},"author":{"name":"Daria Bruszewska","@id":"https:\/\/archiwum.kortowiada.pl\/2022\/#\/schema\/person\/203bdca03dc88232ceae13557ea4cb25"},"headline":"Ju\u017c dzi\u015b zaczynamy Kortowiad\u0119 2022!","datePublished":"2022-06-01T08:51:23+00:00","dateModified":"2022-06-14T15:49:50+00:00","mainEntityOfPage":{"@id":"https:\/\/archiwum.kortowiada.pl\/2022\/juz-dzis-zaczynamy-kortowiade-2022\/"},"wordCount":529,"publisher":{"@id":"https:\/\/archiwum.kortowiada.pl\/2022\/#organization"},"keywords":["juwenalia 2022","koncerty Olsztyn","Kortowiada 2022","Olsztyn","Olszty\u0144skie Juwenalia","Parada Wydzia\u0142\u00f3w"],"articleSection":["Kortowiada 2022"],"inLanguage":"pl-PL"},{"@type":"WebPage","@id":"https:\/\/archiwum.kortowiada.pl\/2022\/juz-dzis-zaczynamy-kortowiade-2022\/","url":"https:\/\/archiwum.kortowiada.pl\/2022\/juz-dzis-zaczynamy-kortowiade-2022\/","name":"Ju\u017c dzi\u015b zaczynamy Kortowiad\u0119 2022! - Kortowiada - najwi\u0119kszy festiwal studencki w Polsce","isPartOf":{"@id":"https:\/\/archiwum.kortowiada.pl\/2022\/#website"},"datePublished":"2022-06-01T08:51:23+00:00","dateModified":"2022-06-14T15:49:50+00:00","breadcrumb":{"@id":"https:\/\/archiwum.kortowiada.pl\/2022\/juz-dzis-zaczynamy-kortowiade-2022\/#breadcrumb"},"inLanguage":"pl-PL","potentialAction":[{"@type":"ReadAction","target":["https:\/\/archiwum.kortowiada.pl\/2022\/juz-dzis-zaczynamy-kortowiade-2022\/"]}]},{"@type":"BreadcrumbList","@id":"https:\/\/archiwum.kortowiada.pl\/2022\/juz-dzis-zaczynamy-kortowiade-2022\/#breadcrumb","itemListElement":[{"@type":"ListItem","position":1,"name":"Strona g\u0142\u00f3wna","item":"https:\/\/archiwum.kortowiada.pl\/2022\/"},{"@type":"ListItem","position":2,"name":"Ju\u017c dzi\u015b zaczynamy Kortowiad\u0119 2022!"}]},{"@type":"WebSite","@id":"https:\/\/archiwum.kortowiada.pl\/2022\/#website","url":"https:\/\/archiwum.kortowiada.pl\/2022\/","name":"Kortowiada - najwi\u0119kszy festiwal studencki w Polsce","description":"1-4 czerwca 2022, 61. edycja - juwenalia Olsztyn","publisher":{"@id":"https:\/\/archiwum.kortowiada.pl\/2022\/#organization"},"potentialAction":[{"@type":"SearchAction","target":{"@type":"EntryPoint","urlTemplate":"https:\/\/archiwum.kortowiada.pl\/2022\/?s={search_term_string}"},"query-input":"required name=search_term_string"}],"inLanguage":"pl-PL"},{"@type":"Organization","@id":"https:\/\/archiwum.kortowiada.pl\/2022\/#organization","name":"Kortowiada","url":"https:\/\/archiwum.kortowiada.pl\/2022\/","sameAs":["https:\/\/www.instagram.com\/kortowiada\/?hl=pl","https:\/\/www.youtube.com\/channel\/UCZpuhjpJ2XlHxcbT4N2oyFQ","https:\/\/www.facebook.com\/kortowiadafestiwal"],"logo":{"@type":"ImageObject","inLanguage":"pl-PL","@id":"https:\/\/archiwum.kortowiada.pl\/2022\/#\/schema\/logo\/image\/","url":"https:\/\/kortowiada.pl\/wp-content\/uploads\/2021\/05\/favig.png","contentUrl":"https:\/\/kortowiada.pl\/wp-content\/uploads\/2021\/05\/favig.png","width":1080,"height":1080,"caption":"Kortowiada"},"image":{"@id":"https:\/\/archiwum.kortowiada.pl\/2022\/#\/schema\/logo\/image\/"}},{"@type":"Person","@id":"https:\/\/archiwum.kortowiada.pl\/2022\/#\/schema\/person\/203bdca03dc88232ceae13557ea4cb25","name":"Daria Bruszewska","image":{"@type":"ImageObject","inLanguage":"pl-PL","@id":"https:\/\/archiwum.kortowiada.pl\/2022\/#\/schema\/person\/image\/","url":"https:\/\/secure.gravatar.com\/avatar\/4071c0be1102ef11730c77465d7d8936?s=96&d=mm&r=g","contentUrl":"https:\/\/secure.gravatar.com\/avatar\/4071c0be1102ef11730c77465d7d8936?s=96&d=mm&r=g","caption":"Daria Bruszewska"},"url":"https:\/\/archiwum.kortowiada.pl\/2022\/author\/daria\/"}]}},"_links":{"self":[{"href":"https:\/\/archiwum.kortowiada.pl\/2022\/wp-json\/wp\/v2\/posts\/3462"}],"collection":[{"href":"https:\/\/archiwum.kortowiada.pl\/2022\/wp-json\/wp\/v2\/posts"}],"about":[{"href":"https:\/\/archiwum.kortowiada.pl\/2022\/wp-json\/wp\/v2\/types\/post"}],"author":[{"embeddable":true,"href":"https:\/\/archiwum.kortowiada.pl\/2022\/wp-json\/wp\/v2\/users\/9"}],"replies":[{"embeddable":true,"href":"https:\/\/archiwum.kortowiada.pl\/2022\/wp-json\/wp\/v2\/comments?post=3462"}],"version-history":[{"count":2,"href":"https:\/\/archiwum.kortowiada.pl\/2022\/wp-json\/wp\/v2\/posts\/3462\/revisions"}],"predecessor-version":[{"id":5119,"href":"https:\/\/archiwum.kortowiada.pl\/2022\/wp-json\/wp\/v2\/posts\/3462\/revisions\/5119"}],"wp:featuredmedia":[{"embeddable":true,"href":"https:\/\/archiwum.kortowiada.pl\/2022\/wp-json\/wp\/v2\/media\/3463"}],"wp:attachment":[{"href":"https:\/\/archiwum.kortowiada.pl\/2022\/wp-json\/wp\/v2\/media?parent=3462"}],"wp:term":[{"taxonomy":"category","embeddable":true,"href":"https:\/\/archiwum.kortowiada.pl\/2022\/wp-json\/wp\/v2\/categories?post=3462"},{"taxonomy":"post_tag","embeddable":true,"href":"https:\/\/archiwum.kortowiada.pl\/2022\/wp-json\/wp\/v2\/tags?post=3462"}],"curies":[{"name":"wp","href":"https:\/\/api.w.org\/{rel}","templated":true}]}}