{"id":3480,"date":"2022-06-01T17:25:19","date_gmt":"2022-06-01T15:25:19","guid":{"rendered":"https:\/\/kortowiada.pl\/?p=3480"},"modified":"2022-06-01T17:27:30","modified_gmt":"2022-06-01T15:27:30","slug":"warminska-aura-partnerem-kortowiady-2022","status":"publish","type":"post","link":"https:\/\/archiwum.kortowiada.pl\/2022\/warminska-aura-partnerem-kortowiady-2022\/","title":{"rendered":"Warmi\u0144ska Aura partnerem Kortowiady 2022"},"content":{"rendered":"<p><strong><a href=\"http:\/\/galeria-warminska.pl\/\">Galeria Warmi\u0144ska<\/a><\/strong> i <strong><a href=\"http:\/\/www.auracentrum.pl\/\">Aura Centrum Olsztyna<\/a> <\/strong>od lat wspieraj\u0105 Kortowiad\u0119!<\/p>\n<p>Nasi partnerzy przygotowali dla Was mn\u00f3stwo atrakcji. Galeria Warmi\u0144ska i Aura Centrum Olsztyna wyda\u0142y z tej okazji <strong>specjaln\u0105 ulotk\u0119 z rabatami<\/strong>. Otrzymali\u015bcie j\u0105 na pewno, kupuj\u0105c bilety lub przy odbiorze opasek umo\u017cliwiaj\u0105cych wej\u015bcie na koncerty. Zerknijcie na propozycje, na pewno znajdziecie co\u015b, co wpadnie Wam w oko \u2013 wtedy koniecznie obierzcie kierunek Galeria Warmi\u0144ska lub Aura Centrum Olsztyna. Wystarczy zeskanowa\u0107 kod QR, a dalej wszystko zadzia\u0142a intuicyjnie &#8211; wyb\u00f3r nale\u017cy do Ciebie!<\/p>\n<p>&nbsp;<\/p>\n<div id=\"envira-gallery-wrap-3472\" class=\"envira-gallery-wrap envira-gallery-theme-base envira-lightbox-theme-base\" itemscope itemtype=\"https:\/\/schema.org\/ImageGallery\"><div style=\"opacity: 0.0\"  data-row-height=\"150\" data-gallery-theme=\"normal\" id=\"envira-gallery-3472\" class=\"envira-gallery-public envira-gallery-justified-public envira-gallery-0-columns envira-clear enviratope envira-gallery-css-animations\" data-envira-columns=\"0\"><div id=\"envira-gallery-item-3473\" class=\"envira-gallery-item enviratope-item envira-gallery-item-1 envira-lazy-load\" style=\"padding-left: 5px; padding-bottom: 10px; padding-right: 5px;\"  itemscope itemtype=\"https:\/\/schema.org\/ImageObject\"><div class=\"envira-gallery-item-inner\"><div class=\"envira-gallery-position-overlay  envira-gallery-top-left\"><\/div><div class=\"envira-gallery-position-overlay  envira-gallery-top-right\"><\/div><div class=\"envira-gallery-position-overlay  envira-gallery-bottom-left\"><\/div><div class=\"envira-gallery-position-overlay  envira-gallery-bottom-right\"><\/div><a href=\"https:\/\/kortowiada.pl\/wp-content\/uploads\/2022\/06\/20220601-miasteczko-akademickie-mateusz-kowalski-15.jpg\" class=\"envira-gallery-3472 envira-gallery-link\" rel=\"enviragallery3472\" title=\"20220601-miasteczko-akademickie-mateusz-kowalski-15\" data-envira-caption=\"20220601-miasteczko-akademickie-mateusz-kowalski-15\" data-envira-retina=\"\" data-thumbnail=\"\"  itemprop=\"contentUrl\"><img id=\"envira-gallery-image-3473\" class=\"envira-gallery-image envira-gallery-image-1 envira-normal envira-lazy\" data-envira-index=\"1\" src=\"https:\/\/archiwum.kortowiada.pl\/2022\/wp-content\/uploads\/2022\/06\/20220601-miasteczko-akademickie-mateusz-kowalski-15-1024x683-640x480.jpg\" data-envira-src=\"https:\/\/archiwum.kortowiada.pl\/2022\/wp-content\/uploads\/2022\/06\/20220601-miasteczko-akademickie-mateusz-kowalski-15-1024x683-640x480.jpg\" data-envira-gallery-id=\"3472\" data-envira-item-id=\"3473\" data-envira-caption=\"20220601-miasteczko-akademickie-mateusz-kowalski-15\" alt=\"\" title=\"20220601-miasteczko-akademickie-mateusz-kowalski-15\"  itemprop=\"thumbnailUrl\" data-envira-srcset=\"https:\/\/archiwum.kortowiada.pl\/2022\/wp-content\/uploads\/2022\/06\/20220601-miasteczko-akademickie-mateusz-kowalski-15-1024x683-640x480.jpg 400w,https:\/\/archiwum.kortowiada.pl\/2022\/wp-content\/uploads\/2022\/06\/20220601-miasteczko-akademickie-mateusz-kowalski-15-1024x683-640x480.jpg 2x\" data-envira-width=\"300\" data-envira-height=\"200\" srcset=\"data:image\/gif;base64,R0lGODlhAQABAIAAAP\/\/\/\/\/\/\/yH5BAEKAAEALAAAAAABAAEAAAICTAEAOw==\" data-safe-src=\"data:image\/gif;base64,R0lGODlhAQABAIAAAP\/\/\/\/\/\/\/yH5BAEKAAEALAAAAAABAAEAAAICTAEAOw==\" \/><\/a><\/div><\/div><div id=\"envira-gallery-item-3474\" class=\"envira-gallery-item enviratope-item envira-gallery-item-2 envira-lazy-load\" style=\"padding-left: 5px; padding-bottom: 10px; padding-right: 5px;\"  itemscope itemtype=\"https:\/\/schema.org\/ImageObject\"><div class=\"envira-gallery-item-inner\"><div class=\"envira-gallery-position-overlay  envira-gallery-top-left\"><\/div><div class=\"envira-gallery-position-overlay  envira-gallery-top-right\"><\/div><div class=\"envira-gallery-position-overlay  envira-gallery-bottom-left\"><\/div><div class=\"envira-gallery-position-overlay  envira-gallery-bottom-right\"><\/div><a href=\"https:\/\/kortowiada.pl\/wp-content\/uploads\/2022\/06\/20220601-miasteczko-akademickie-mateusz-kowalski-20.jpg\" class=\"envira-gallery-3472 envira-gallery-link\" rel=\"enviragallery3472\" title=\"20220601-miasteczko-akademickie-mateusz-kowalski-20\" data-envira-caption=\"20220601-miasteczko-akademickie-mateusz-kowalski-20\" data-envira-retina=\"\" data-thumbnail=\"\"  itemprop=\"contentUrl\"><img id=\"envira-gallery-image-3474\" class=\"envira-gallery-image envira-gallery-image-2 envira-normal envira-lazy\" data-envira-index=\"2\" src=\"https:\/\/archiwum.kortowiada.pl\/2022\/wp-content\/uploads\/2022\/06\/20220601-miasteczko-akademickie-mateusz-kowalski-20-1024x683-640x480.jpg\" data-envira-src=\"https:\/\/archiwum.kortowiada.pl\/2022\/wp-content\/uploads\/2022\/06\/20220601-miasteczko-akademickie-mateusz-kowalski-20-1024x683-640x480.jpg\" data-envira-gallery-id=\"3472\" data-envira-item-id=\"3474\" data-envira-caption=\"20220601-miasteczko-akademickie-mateusz-kowalski-20\" alt=\"\" title=\"20220601-miasteczko-akademickie-mateusz-kowalski-20\"  itemprop=\"thumbnailUrl\" data-envira-srcset=\"https:\/\/archiwum.kortowiada.pl\/2022\/wp-content\/uploads\/2022\/06\/20220601-miasteczko-akademickie-mateusz-kowalski-20-1024x683-640x480.jpg 400w,https:\/\/archiwum.kortowiada.pl\/2022\/wp-content\/uploads\/2022\/06\/20220601-miasteczko-akademickie-mateusz-kowalski-20-1024x683-640x480.jpg 2x\" data-envira-width=\"300\" data-envira-height=\"200\" srcset=\"data:image\/gif;base64,R0lGODlhAQABAIAAAP\/\/\/\/\/\/\/yH5BAEKAAEALAAAAAABAAEAAAICTAEAOw==\" data-safe-src=\"data:image\/gif;base64,R0lGODlhAQABAIAAAP\/\/\/\/\/\/\/yH5BAEKAAEALAAAAAABAAEAAAICTAEAOw==\" \/><\/a><\/div><\/div><div id=\"envira-gallery-item-3475\" class=\"envira-gallery-item enviratope-item envira-gallery-item-3 envira-lazy-load\" style=\"padding-left: 5px; padding-bottom: 10px; padding-right: 5px;\"  itemscope itemtype=\"https:\/\/schema.org\/ImageObject\"><div class=\"envira-gallery-item-inner\"><div class=\"envira-gallery-position-overlay  envira-gallery-top-left\"><\/div><div class=\"envira-gallery-position-overlay  envira-gallery-top-right\"><\/div><div class=\"envira-gallery-position-overlay  envira-gallery-bottom-left\"><\/div><div class=\"envira-gallery-position-overlay  envira-gallery-bottom-right\"><\/div><a href=\"https:\/\/kortowiada.pl\/wp-content\/uploads\/2022\/06\/20220601-miasteczko-akademickie-mateusz-kowalski-16.jpg\" class=\"envira-gallery-3472 envira-gallery-link\" rel=\"enviragallery3472\" title=\"20220601-miasteczko-akademickie-mateusz-kowalski-16\" data-envira-caption=\"20220601-miasteczko-akademickie-mateusz-kowalski-16\" data-envira-retina=\"\" data-thumbnail=\"\"  itemprop=\"contentUrl\"><img id=\"envira-gallery-image-3475\" class=\"envira-gallery-image envira-gallery-image-3 envira-normal envira-lazy\" data-envira-index=\"3\" src=\"https:\/\/archiwum.kortowiada.pl\/2022\/wp-content\/uploads\/2022\/06\/20220601-miasteczko-akademickie-mateusz-kowalski-16-1024x683-640x480.jpg\" data-envira-src=\"https:\/\/archiwum.kortowiada.pl\/2022\/wp-content\/uploads\/2022\/06\/20220601-miasteczko-akademickie-mateusz-kowalski-16-1024x683-640x480.jpg\" data-envira-gallery-id=\"3472\" data-envira-item-id=\"3475\" data-envira-caption=\"20220601-miasteczko-akademickie-mateusz-kowalski-16\" alt=\"\" title=\"20220601-miasteczko-akademickie-mateusz-kowalski-16\"  itemprop=\"thumbnailUrl\" data-envira-srcset=\"https:\/\/archiwum.kortowiada.pl\/2022\/wp-content\/uploads\/2022\/06\/20220601-miasteczko-akademickie-mateusz-kowalski-16-1024x683-640x480.jpg 400w,https:\/\/archiwum.kortowiada.pl\/2022\/wp-content\/uploads\/2022\/06\/20220601-miasteczko-akademickie-mateusz-kowalski-16-1024x683-640x480.jpg 2x\" data-envira-width=\"300\" data-envira-height=\"200\" srcset=\"data:image\/gif;base64,R0lGODlhAQABAIAAAP\/\/\/\/\/\/\/yH5BAEKAAEALAAAAAABAAEAAAICTAEAOw==\" data-safe-src=\"data:image\/gif;base64,R0lGODlhAQABAIAAAP\/\/\/\/\/\/\/yH5BAEKAAEALAAAAAABAAEAAAICTAEAOw==\" \/><\/a><\/div><\/div><div id=\"envira-gallery-item-3476\" class=\"envira-gallery-item enviratope-item envira-gallery-item-4 envira-lazy-load\" style=\"padding-left: 5px; padding-bottom: 10px; padding-right: 5px;\"  itemscope itemtype=\"https:\/\/schema.org\/ImageObject\"><div class=\"envira-gallery-item-inner\"><div class=\"envira-gallery-position-overlay  envira-gallery-top-left\"><\/div><div class=\"envira-gallery-position-overlay  envira-gallery-top-right\"><\/div><div class=\"envira-gallery-position-overlay  envira-gallery-bottom-left\"><\/div><div class=\"envira-gallery-position-overlay  envira-gallery-bottom-right\"><\/div><a href=\"https:\/\/kortowiada.pl\/wp-content\/uploads\/2022\/06\/20220601-miasteczko-akademickie-mateusz-kowalski-8.jpg\" class=\"envira-gallery-3472 envira-gallery-link\" rel=\"enviragallery3472\" title=\"20220601-miasteczko-akademickie-mateusz-kowalski-8\" data-envira-caption=\"20220601-miasteczko-akademickie-mateusz-kowalski-8\" data-envira-retina=\"\" data-thumbnail=\"\"  itemprop=\"contentUrl\"><img id=\"envira-gallery-image-3476\" class=\"envira-gallery-image envira-gallery-image-4 envira-normal envira-lazy\" data-envira-index=\"4\" src=\"https:\/\/archiwum.kortowiada.pl\/2022\/wp-content\/uploads\/2022\/06\/20220601-miasteczko-akademickie-mateusz-kowalski-8-1024x683-640x480.jpg\" data-envira-src=\"https:\/\/archiwum.kortowiada.pl\/2022\/wp-content\/uploads\/2022\/06\/20220601-miasteczko-akademickie-mateusz-kowalski-8-1024x683-640x480.jpg\" data-envira-gallery-id=\"3472\" data-envira-item-id=\"3476\" data-envira-caption=\"20220601-miasteczko-akademickie-mateusz-kowalski-8\" alt=\"\" title=\"20220601-miasteczko-akademickie-mateusz-kowalski-8\"  itemprop=\"thumbnailUrl\" data-envira-srcset=\"https:\/\/archiwum.kortowiada.pl\/2022\/wp-content\/uploads\/2022\/06\/20220601-miasteczko-akademickie-mateusz-kowalski-8-1024x683-640x480.jpg 400w,https:\/\/archiwum.kortowiada.pl\/2022\/wp-content\/uploads\/2022\/06\/20220601-miasteczko-akademickie-mateusz-kowalski-8-1024x683-640x480.jpg 2x\" data-envira-width=\"300\" data-envira-height=\"200\" srcset=\"data:image\/gif;base64,R0lGODlhAQABAIAAAP\/\/\/\/\/\/\/yH5BAEKAAEALAAAAAABAAEAAAICTAEAOw==\" data-safe-src=\"data:image\/gif;base64,R0lGODlhAQABAIAAAP\/\/\/\/\/\/\/yH5BAEKAAEALAAAAAABAAEAAAICTAEAOw==\" \/><\/a><\/div><\/div><div id=\"envira-gallery-item-3477\" class=\"envira-gallery-item enviratope-item envira-gallery-item-5 envira-lazy-load\" style=\"padding-left: 5px; padding-bottom: 10px; padding-right: 5px;\"  itemscope itemtype=\"https:\/\/schema.org\/ImageObject\"><div class=\"envira-gallery-item-inner\"><div class=\"envira-gallery-position-overlay  envira-gallery-top-left\"><\/div><div class=\"envira-gallery-position-overlay  envira-gallery-top-right\"><\/div><div class=\"envira-gallery-position-overlay  envira-gallery-bottom-left\"><\/div><div class=\"envira-gallery-position-overlay  envira-gallery-bottom-right\"><\/div><a href=\"https:\/\/kortowiada.pl\/wp-content\/uploads\/2022\/06\/20220601-miasteczko-akademickie-mateusz-kowalski-13.jpg\" class=\"envira-gallery-3472 envira-gallery-link\" rel=\"enviragallery3472\" title=\"20220601-miasteczko-akademickie-mateusz-kowalski-13\" data-envira-caption=\"20220601-miasteczko-akademickie-mateusz-kowalski-13\" data-envira-retina=\"\" data-thumbnail=\"\"  itemprop=\"contentUrl\"><img id=\"envira-gallery-image-3477\" class=\"envira-gallery-image envira-gallery-image-5 envira-normal envira-lazy\" data-envira-index=\"5\" src=\"https:\/\/archiwum.kortowiada.pl\/2022\/wp-content\/uploads\/2022\/06\/20220601-miasteczko-akademickie-mateusz-kowalski-13-1024x683-640x480.jpg\" data-envira-src=\"https:\/\/archiwum.kortowiada.pl\/2022\/wp-content\/uploads\/2022\/06\/20220601-miasteczko-akademickie-mateusz-kowalski-13-1024x683-640x480.jpg\" data-envira-gallery-id=\"3472\" data-envira-item-id=\"3477\" data-envira-caption=\"20220601-miasteczko-akademickie-mateusz-kowalski-13\" alt=\"\" title=\"20220601-miasteczko-akademickie-mateusz-kowalski-13\"  itemprop=\"thumbnailUrl\" data-envira-srcset=\"https:\/\/archiwum.kortowiada.pl\/2022\/wp-content\/uploads\/2022\/06\/20220601-miasteczko-akademickie-mateusz-kowalski-13-1024x683-640x480.jpg 400w,https:\/\/archiwum.kortowiada.pl\/2022\/wp-content\/uploads\/2022\/06\/20220601-miasteczko-akademickie-mateusz-kowalski-13-1024x683-640x480.jpg 2x\" data-envira-width=\"300\" data-envira-height=\"200\" srcset=\"data:image\/gif;base64,R0lGODlhAQABAIAAAP\/\/\/\/\/\/\/yH5BAEKAAEALAAAAAABAAEAAAICTAEAOw==\" data-safe-src=\"data:image\/gif;base64,R0lGODlhAQABAIAAAP\/\/\/\/\/\/\/yH5BAEKAAEALAAAAAABAAEAAAICTAEAOw==\" \/><\/a><\/div><\/div><div id=\"envira-gallery-item-3478\" class=\"envira-gallery-item enviratope-item envira-gallery-item-6 envira-lazy-load\" style=\"padding-left: 5px; padding-bottom: 10px; padding-right: 5px;\"  itemscope itemtype=\"https:\/\/schema.org\/ImageObject\"><div class=\"envira-gallery-item-inner\"><div class=\"envira-gallery-position-overlay  envira-gallery-top-left\"><\/div><div class=\"envira-gallery-position-overlay  envira-gallery-top-right\"><\/div><div class=\"envira-gallery-position-overlay  envira-gallery-bottom-left\"><\/div><div class=\"envira-gallery-position-overlay  envira-gallery-bottom-right\"><\/div><a href=\"https:\/\/kortowiada.pl\/wp-content\/uploads\/2022\/06\/20220601-miasteczko-akademickie-mateusz-kowalski-11.jpg\" class=\"envira-gallery-3472 envira-gallery-link\" rel=\"enviragallery3472\" title=\"20220601-miasteczko-akademickie-mateusz-kowalski-11\" data-envira-caption=\"20220601-miasteczko-akademickie-mateusz-kowalski-11\" data-envira-retina=\"\" data-thumbnail=\"\"  itemprop=\"contentUrl\"><img id=\"envira-gallery-image-3478\" class=\"envira-gallery-image envira-gallery-image-6 envira-normal envira-lazy\" data-envira-index=\"6\" src=\"https:\/\/archiwum.kortowiada.pl\/2022\/wp-content\/uploads\/2022\/06\/20220601-miasteczko-akademickie-mateusz-kowalski-11-1024x683-640x480.jpg\" data-envira-src=\"https:\/\/archiwum.kortowiada.pl\/2022\/wp-content\/uploads\/2022\/06\/20220601-miasteczko-akademickie-mateusz-kowalski-11-1024x683-640x480.jpg\" data-envira-gallery-id=\"3472\" data-envira-item-id=\"3478\" data-envira-caption=\"20220601-miasteczko-akademickie-mateusz-kowalski-11\" alt=\"\" title=\"20220601-miasteczko-akademickie-mateusz-kowalski-11\"  itemprop=\"thumbnailUrl\" data-envira-srcset=\"https:\/\/archiwum.kortowiada.pl\/2022\/wp-content\/uploads\/2022\/06\/20220601-miasteczko-akademickie-mateusz-kowalski-11-1024x683-640x480.jpg 400w,https:\/\/archiwum.kortowiada.pl\/2022\/wp-content\/uploads\/2022\/06\/20220601-miasteczko-akademickie-mateusz-kowalski-11-1024x683-640x480.jpg 2x\" data-envira-width=\"300\" data-envira-height=\"200\" srcset=\"data:image\/gif;base64,R0lGODlhAQABAIAAAP\/\/\/\/\/\/\/yH5BAEKAAEALAAAAAABAAEAAAICTAEAOw==\" data-safe-src=\"data:image\/gif;base64,R0lGODlhAQABAIAAAP\/\/\/\/\/\/\/yH5BAEKAAEALAAAAAABAAEAAAICTAEAOw==\" \/><\/a><\/div><\/div><div id=\"envira-gallery-item-3479\" class=\"envira-gallery-item enviratope-item envira-gallery-item-7 envira-lazy-load\" style=\"padding-left: 5px; padding-bottom: 10px; padding-right: 5px;\"  itemscope itemtype=\"https:\/\/schema.org\/ImageObject\"><div class=\"envira-gallery-item-inner\"><div class=\"envira-gallery-position-overlay  envira-gallery-top-left\"><\/div><div class=\"envira-gallery-position-overlay  envira-gallery-top-right\"><\/div><div class=\"envira-gallery-position-overlay  envira-gallery-bottom-left\"><\/div><div class=\"envira-gallery-position-overlay  envira-gallery-bottom-right\"><\/div><a href=\"https:\/\/kortowiada.pl\/wp-content\/uploads\/2022\/06\/20220601-miasteczko-akademickie-mateusz-kowalski-10.jpg\" class=\"envira-gallery-3472 envira-gallery-link\" rel=\"enviragallery3472\" title=\"20220601-miasteczko-akademickie-mateusz-kowalski-10\" data-envira-caption=\"20220601-miasteczko-akademickie-mateusz-kowalski-10\" data-envira-retina=\"\" data-thumbnail=\"\"  itemprop=\"contentUrl\"><img id=\"envira-gallery-image-3479\" class=\"envira-gallery-image envira-gallery-image-7 envira-normal envira-lazy\" data-envira-index=\"7\" src=\"https:\/\/archiwum.kortowiada.pl\/2022\/wp-content\/uploads\/2022\/06\/20220601-miasteczko-akademickie-mateusz-kowalski-10-683x1024-640x480.jpg\" data-envira-src=\"https:\/\/archiwum.kortowiada.pl\/2022\/wp-content\/uploads\/2022\/06\/20220601-miasteczko-akademickie-mateusz-kowalski-10-683x1024-640x480.jpg\" data-envira-gallery-id=\"3472\" data-envira-item-id=\"3479\" data-envira-caption=\"20220601-miasteczko-akademickie-mateusz-kowalski-10\" alt=\"\" title=\"20220601-miasteczko-akademickie-mateusz-kowalski-10\"  itemprop=\"thumbnailUrl\" data-envira-srcset=\"https:\/\/archiwum.kortowiada.pl\/2022\/wp-content\/uploads\/2022\/06\/20220601-miasteczko-akademickie-mateusz-kowalski-10-683x1024-640x480.jpg 400w,https:\/\/archiwum.kortowiada.pl\/2022\/wp-content\/uploads\/2022\/06\/20220601-miasteczko-akademickie-mateusz-kowalski-10-683x1024-640x480.jpg 2x\" data-envira-width=\"200\" data-envira-height=\"300\" srcset=\"data:image\/gif;base64,R0lGODlhAQABAIAAAP\/\/\/\/\/\/\/yH5BAEKAAEALAAAAAABAAEAAAICTAEAOw==\" data-safe-src=\"data:image\/gif;base64,R0lGODlhAQABAIAAAP\/\/\/\/\/\/\/yH5BAEKAAEALAAAAAABAAEAAAICTAEAOw==\" \/><\/a><\/div><\/div><\/div><\/div><noscript><img src=\"https:\/\/archiwum.kortowiada.pl\/2022\/wp-content\/uploads\/2022\/06\/20220601-miasteczko-akademickie-mateusz-kowalski-15.jpg\" alt=\"\" \/><img src=\"https:\/\/archiwum.kortowiada.pl\/2022\/wp-content\/uploads\/2022\/06\/20220601-miasteczko-akademickie-mateusz-kowalski-20.jpg\" alt=\"\" \/><img src=\"https:\/\/archiwum.kortowiada.pl\/2022\/wp-content\/uploads\/2022\/06\/20220601-miasteczko-akademickie-mateusz-kowalski-16.jpg\" alt=\"\" \/><img src=\"https:\/\/archiwum.kortowiada.pl\/2022\/wp-content\/uploads\/2022\/06\/20220601-miasteczko-akademickie-mateusz-kowalski-8.jpg\" alt=\"\" \/><img src=\"https:\/\/archiwum.kortowiada.pl\/2022\/wp-content\/uploads\/2022\/06\/20220601-miasteczko-akademickie-mateusz-kowalski-13.jpg\" alt=\"\" \/><img src=\"https:\/\/archiwum.kortowiada.pl\/2022\/wp-content\/uploads\/2022\/06\/20220601-miasteczko-akademickie-mateusz-kowalski-11.jpg\" alt=\"\" \/><img src=\"https:\/\/archiwum.kortowiada.pl\/2022\/wp-content\/uploads\/2022\/06\/20220601-miasteczko-akademickie-mateusz-kowalski-10.jpg\" alt=\"\" \/><\/noscript>\n","protected":false},"excerpt":{"rendered":"<p>Galeria Warmi\u0144ska i Aura Centrum Olsztyna od lat wspieraj\u0105 Kortowiad\u0119! Nasi partnerzy przygotowali dla Was mn\u00f3stwo atrakcji. Galeria Warmi\u0144ska i Aura Centrum Olsztyna wyda\u0142y z tej okazji specjaln\u0105 ulotk\u0119 z rabatami. Otrzymali\u015bcie j\u0105 na pewno, kupuj\u0105c bilety lub przy odbiorze opasek umo\u017cliwiaj\u0105cych wej\u015bcie na koncerty. Zerknijcie na propozycje, na pewno znajdziecie co\u015b, co wpadnie Wam&nbsp;<\/p>\n<p><a class=\"btn btn-style\" href=\"https:\/\/archiwum.kortowiada.pl\/2022\/warminska-aura-partnerem-kortowiady-2022\/\">Czytaj wi\u0119cej<\/a><\/p>\n","protected":false},"author":9,"featured_media":3473,"comment_status":"closed","ping_status":"closed","sticky":false,"template":"","format":"standard","meta":[],"categories":[43],"tags":[186,185,129,46,72,73,187],"yoast_head":"<!-- This site is optimized with the Yoast SEO plugin v19.6.1 - https:\/\/yoast.com\/wordpress\/plugins\/seo\/ -->\n<title>Warmi\u0144ska Aura partnerem Kortowiady 2022 - Kortowiada - najwi\u0119kszy festiwal studencki w Polsce<\/title>\n<meta name=\"robots\" content=\"index, follow, max-snippet:-1, max-image-preview:large, max-video-preview:-1\" \/>\n<link rel=\"canonical\" href=\"https:\/\/archiwum.kortowiada.pl\/2022\/warminska-aura-partnerem-kortowiady-2022\/\" \/>\n<meta property=\"og:locale\" content=\"pl_PL\" \/>\n<meta property=\"og:type\" content=\"article\" \/>\n<meta property=\"og:title\" content=\"Warmi\u0144ska Aura partnerem Kortowiady 2022 - Kortowiada - najwi\u0119kszy festiwal studencki w Polsce\" \/>\n<meta property=\"og:description\" content=\"Galeria Warmi\u0144ska i Aura Centrum Olsztyna od lat wspieraj\u0105 Kortowiad\u0119! Nasi partnerzy przygotowali dla Was mn\u00f3stwo atrakcji. Galeria Warmi\u0144ska i Aura Centrum Olsztyna wyda\u0142y z tej okazji specjaln\u0105 ulotk\u0119 z rabatami. Otrzymali\u015bcie j\u0105 na pewno, kupuj\u0105c bilety lub przy odbiorze opasek umo\u017cliwiaj\u0105cych wej\u015bcie na koncerty. Zerknijcie na propozycje, na pewno znajdziecie co\u015b, co wpadnie Wam&nbsp;Czytaj wi\u0119cej\" \/>\n<meta property=\"og:url\" content=\"https:\/\/archiwum.kortowiada.pl\/2022\/warminska-aura-partnerem-kortowiady-2022\/\" \/>\n<meta property=\"og:site_name\" content=\"Kortowiada - najwi\u0119kszy festiwal studencki w Polsce\" \/>\n<meta property=\"article:publisher\" content=\"https:\/\/www.facebook.com\/kortowiadafestiwal\" \/>\n<meta property=\"article:published_time\" content=\"2022-06-01T15:25:19+00:00\" \/>\n<meta property=\"article:modified_time\" content=\"2022-06-01T15:27:30+00:00\" \/>\n<meta property=\"og:image\" content=\"https:\/\/archiwum.kortowiada.pl\/2022\/wp-content\/uploads\/2022\/06\/20220601-miasteczko-akademickie-mateusz-kowalski-15.jpg\" \/>\n\t<meta property=\"og:image:width\" content=\"1500\" \/>\n\t<meta property=\"og:image:height\" content=\"1000\" \/>\n\t<meta property=\"og:image:type\" content=\"image\/jpeg\" \/>\n<meta name=\"author\" content=\"Daria Bruszewska\" \/>\n<meta name=\"twitter:card\" content=\"summary_large_image\" \/>\n<meta name=\"twitter:label1\" content=\"Napisane przez\" \/>\n\t<meta name=\"twitter:data1\" content=\"Daria Bruszewska\" \/>\n<script type=\"application\/ld+json\" class=\"yoast-schema-graph\">{\"@context\":\"https:\/\/schema.org\",\"@graph\":[{\"@type\":\"Article\",\"@id\":\"https:\/\/archiwum.kortowiada.pl\/2022\/warminska-aura-partnerem-kortowiady-2022\/#article\",\"isPartOf\":{\"@id\":\"https:\/\/archiwum.kortowiada.pl\/2022\/warminska-aura-partnerem-kortowiady-2022\/\"},\"author\":{\"name\":\"Daria Bruszewska\",\"@id\":\"https:\/\/archiwum.kortowiada.pl\/2022\/#\/schema\/person\/203bdca03dc88232ceae13557ea4cb25\"},\"headline\":\"Warmi\u0144ska Aura partnerem Kortowiady 2022\",\"datePublished\":\"2022-06-01T15:25:19+00:00\",\"dateModified\":\"2022-06-01T15:27:30+00:00\",\"mainEntityOfPage\":{\"@id\":\"https:\/\/archiwum.kortowiada.pl\/2022\/warminska-aura-partnerem-kortowiady-2022\/\"},\"wordCount\":102,\"publisher\":{\"@id\":\"https:\/\/archiwum.kortowiada.pl\/2022\/#organization\"},\"keywords\":[\"Aura\",\"Galeria Warmi\u0144ska\",\"juwenalia 2022\",\"Kortowiada\",\"Kortowiada 2022\",\"Kortowo\",\"partnerzy\"],\"articleSection\":[\"Kortowiada 2022\"],\"inLanguage\":\"pl-PL\"},{\"@type\":\"WebPage\",\"@id\":\"https:\/\/archiwum.kortowiada.pl\/2022\/warminska-aura-partnerem-kortowiady-2022\/\",\"url\":\"https:\/\/archiwum.kortowiada.pl\/2022\/warminska-aura-partnerem-kortowiady-2022\/\",\"name\":\"Warmi\u0144ska Aura partnerem Kortowiady 2022 - Kortowiada - najwi\u0119kszy festiwal studencki w Polsce\",\"isPartOf\":{\"@id\":\"https:\/\/archiwum.kortowiada.pl\/2022\/#website\"},\"datePublished\":\"2022-06-01T15:25:19+00:00\",\"dateModified\":\"2022-06-01T15:27:30+00:00\",\"breadcrumb\":{\"@id\":\"https:\/\/archiwum.kortowiada.pl\/2022\/warminska-aura-partnerem-kortowiady-2022\/#breadcrumb\"},\"inLanguage\":\"pl-PL\",\"potentialAction\":[{\"@type\":\"ReadAction\",\"target\":[\"https:\/\/archiwum.kortowiada.pl\/2022\/warminska-aura-partnerem-kortowiady-2022\/\"]}]},{\"@type\":\"BreadcrumbList\",\"@id\":\"https:\/\/archiwum.kortowiada.pl\/2022\/warminska-aura-partnerem-kortowiady-2022\/#breadcrumb\",\"itemListElement\":[{\"@type\":\"ListItem\",\"position\":1,\"name\":\"Strona g\u0142\u00f3wna\",\"item\":\"https:\/\/archiwum.kortowiada.pl\/2022\/\"},{\"@type\":\"ListItem\",\"position\":2,\"name\":\"Warmi\u0144ska Aura partnerem Kortowiady 2022\"}]},{\"@type\":\"WebSite\",\"@id\":\"https:\/\/archiwum.kortowiada.pl\/2022\/#website\",\"url\":\"https:\/\/archiwum.kortowiada.pl\/2022\/\",\"name\":\"Kortowiada - najwi\u0119kszy festiwal studencki w Polsce\",\"description\":\"1-4 czerwca 2022, 61. edycja - juwenalia Olsztyn\",\"publisher\":{\"@id\":\"https:\/\/archiwum.kortowiada.pl\/2022\/#organization\"},\"potentialAction\":[{\"@type\":\"SearchAction\",\"target\":{\"@type\":\"EntryPoint\",\"urlTemplate\":\"https:\/\/archiwum.kortowiada.pl\/2022\/?s={search_term_string}\"},\"query-input\":\"required name=search_term_string\"}],\"inLanguage\":\"pl-PL\"},{\"@type\":\"Organization\",\"@id\":\"https:\/\/archiwum.kortowiada.pl\/2022\/#organization\",\"name\":\"Kortowiada\",\"url\":\"https:\/\/archiwum.kortowiada.pl\/2022\/\",\"sameAs\":[\"https:\/\/www.instagram.com\/kortowiada\/?hl=pl\",\"https:\/\/www.youtube.com\/channel\/UCZpuhjpJ2XlHxcbT4N2oyFQ\",\"https:\/\/www.facebook.com\/kortowiadafestiwal\"],\"logo\":{\"@type\":\"ImageObject\",\"inLanguage\":\"pl-PL\",\"@id\":\"https:\/\/archiwum.kortowiada.pl\/2022\/#\/schema\/logo\/image\/\",\"url\":\"https:\/\/kortowiada.pl\/wp-content\/uploads\/2021\/05\/favig.png\",\"contentUrl\":\"https:\/\/kortowiada.pl\/wp-content\/uploads\/2021\/05\/favig.png\",\"width\":1080,\"height\":1080,\"caption\":\"Kortowiada\"},\"image\":{\"@id\":\"https:\/\/archiwum.kortowiada.pl\/2022\/#\/schema\/logo\/image\/\"}},{\"@type\":\"Person\",\"@id\":\"https:\/\/archiwum.kortowiada.pl\/2022\/#\/schema\/person\/203bdca03dc88232ceae13557ea4cb25\",\"name\":\"Daria Bruszewska\",\"image\":{\"@type\":\"ImageObject\",\"inLanguage\":\"pl-PL\",\"@id\":\"https:\/\/archiwum.kortowiada.pl\/2022\/#\/schema\/person\/image\/\",\"url\":\"https:\/\/secure.gravatar.com\/avatar\/4071c0be1102ef11730c77465d7d8936?s=96&d=mm&r=g\",\"contentUrl\":\"https:\/\/secure.gravatar.com\/avatar\/4071c0be1102ef11730c77465d7d8936?s=96&d=mm&r=g\",\"caption\":\"Daria Bruszewska\"},\"url\":\"https:\/\/archiwum.kortowiada.pl\/2022\/author\/daria\/\"}]}<\/script>\n<!-- \/ Yoast SEO plugin. -->","yoast_head_json":{"title":"Warmi\u0144ska Aura partnerem Kortowiady 2022 - Kortowiada - najwi\u0119kszy festiwal studencki w Polsce","robots":{"index":"index","follow":"follow","max-snippet":"max-snippet:-1","max-image-preview":"max-image-preview:large","max-video-preview":"max-video-preview:-1"},"canonical":"https:\/\/archiwum.kortowiada.pl\/2022\/warminska-aura-partnerem-kortowiady-2022\/","og_locale":"pl_PL","og_type":"article","og_title":"Warmi\u0144ska Aura partnerem Kortowiady 2022 - Kortowiada - najwi\u0119kszy festiwal studencki w Polsce","og_description":"Galeria Warmi\u0144ska i Aura Centrum Olsztyna od lat wspieraj\u0105 Kortowiad\u0119! Nasi partnerzy przygotowali dla Was mn\u00f3stwo atrakcji. Galeria Warmi\u0144ska i Aura Centrum Olsztyna wyda\u0142y z tej okazji specjaln\u0105 ulotk\u0119 z rabatami. Otrzymali\u015bcie j\u0105 na pewno, kupuj\u0105c bilety lub przy odbiorze opasek umo\u017cliwiaj\u0105cych wej\u015bcie na koncerty. Zerknijcie na propozycje, na pewno znajdziecie co\u015b, co wpadnie Wam&nbsp;Czytaj wi\u0119cej","og_url":"https:\/\/archiwum.kortowiada.pl\/2022\/warminska-aura-partnerem-kortowiady-2022\/","og_site_name":"Kortowiada - najwi\u0119kszy festiwal studencki w Polsce","article_publisher":"https:\/\/www.facebook.com\/kortowiadafestiwal","article_published_time":"2022-06-01T15:25:19+00:00","article_modified_time":"2022-06-01T15:27:30+00:00","og_image":[{"width":1500,"height":1000,"url":"https:\/\/archiwum.kortowiada.pl\/2022\/wp-content\/uploads\/2022\/06\/20220601-miasteczko-akademickie-mateusz-kowalski-15.jpg","type":"image\/jpeg"}],"author":"Daria Bruszewska","twitter_card":"summary_large_image","twitter_misc":{"Napisane przez":"Daria Bruszewska"},"schema":{"@context":"https:\/\/schema.org","@graph":[{"@type":"Article","@id":"https:\/\/archiwum.kortowiada.pl\/2022\/warminska-aura-partnerem-kortowiady-2022\/#article","isPartOf":{"@id":"https:\/\/archiwum.kortowiada.pl\/2022\/warminska-aura-partnerem-kortowiady-2022\/"},"author":{"name":"Daria Bruszewska","@id":"https:\/\/archiwum.kortowiada.pl\/2022\/#\/schema\/person\/203bdca03dc88232ceae13557ea4cb25"},"headline":"Warmi\u0144ska Aura partnerem Kortowiady 2022","datePublished":"2022-06-01T15:25:19+00:00","dateModified":"2022-06-01T15:27:30+00:00","mainEntityOfPage":{"@id":"https:\/\/archiwum.kortowiada.pl\/2022\/warminska-aura-partnerem-kortowiady-2022\/"},"wordCount":102,"publisher":{"@id":"https:\/\/archiwum.kortowiada.pl\/2022\/#organization"},"keywords":["Aura","Galeria Warmi\u0144ska","juwenalia 2022","Kortowiada","Kortowiada 2022","Kortowo","partnerzy"],"articleSection":["Kortowiada 2022"],"inLanguage":"pl-PL"},{"@type":"WebPage","@id":"https:\/\/archiwum.kortowiada.pl\/2022\/warminska-aura-partnerem-kortowiady-2022\/","url":"https:\/\/archiwum.kortowiada.pl\/2022\/warminska-aura-partnerem-kortowiady-2022\/","name":"Warmi\u0144ska Aura partnerem Kortowiady 2022 - Kortowiada - najwi\u0119kszy festiwal studencki w Polsce","isPartOf":{"@id":"https:\/\/archiwum.kortowiada.pl\/2022\/#website"},"datePublished":"2022-06-01T15:25:19+00:00","dateModified":"2022-06-01T15:27:30+00:00","breadcrumb":{"@id":"https:\/\/archiwum.kortowiada.pl\/2022\/warminska-aura-partnerem-kortowiady-2022\/#breadcrumb"},"inLanguage":"pl-PL","potentialAction":[{"@type":"ReadAction","target":["https:\/\/archiwum.kortowiada.pl\/2022\/warminska-aura-partnerem-kortowiady-2022\/"]}]},{"@type":"BreadcrumbList","@id":"https:\/\/archiwum.kortowiada.pl\/2022\/warminska-aura-partnerem-kortowiady-2022\/#breadcrumb","itemListElement":[{"@type":"ListItem","position":1,"name":"Strona g\u0142\u00f3wna","item":"https:\/\/archiwum.kortowiada.pl\/2022\/"},{"@type":"ListItem","position":2,"name":"Warmi\u0144ska Aura partnerem Kortowiady 2022"}]},{"@type":"WebSite","@id":"https:\/\/archiwum.kortowiada.pl\/2022\/#website","url":"https:\/\/archiwum.kortowiada.pl\/2022\/","name":"Kortowiada - najwi\u0119kszy festiwal studencki w Polsce","description":"1-4 czerwca 2022, 61. edycja - juwenalia Olsztyn","publisher":{"@id":"https:\/\/archiwum.kortowiada.pl\/2022\/#organization"},"potentialAction":[{"@type":"SearchAction","target":{"@type":"EntryPoint","urlTemplate":"https:\/\/archiwum.kortowiada.pl\/2022\/?s={search_term_string}"},"query-input":"required name=search_term_string"}],"inLanguage":"pl-PL"},{"@type":"Organization","@id":"https:\/\/archiwum.kortowiada.pl\/2022\/#organization","name":"Kortowiada","url":"https:\/\/archiwum.kortowiada.pl\/2022\/","sameAs":["https:\/\/www.instagram.com\/kortowiada\/?hl=pl","https:\/\/www.youtube.com\/channel\/UCZpuhjpJ2XlHxcbT4N2oyFQ","https:\/\/www.facebook.com\/kortowiadafestiwal"],"logo":{"@type":"ImageObject","inLanguage":"pl-PL","@id":"https:\/\/archiwum.kortowiada.pl\/2022\/#\/schema\/logo\/image\/","url":"https:\/\/kortowiada.pl\/wp-content\/uploads\/2021\/05\/favig.png","contentUrl":"https:\/\/kortowiada.pl\/wp-content\/uploads\/2021\/05\/favig.png","width":1080,"height":1080,"caption":"Kortowiada"},"image":{"@id":"https:\/\/archiwum.kortowiada.pl\/2022\/#\/schema\/logo\/image\/"}},{"@type":"Person","@id":"https:\/\/archiwum.kortowiada.pl\/2022\/#\/schema\/person\/203bdca03dc88232ceae13557ea4cb25","name":"Daria Bruszewska","image":{"@type":"ImageObject","inLanguage":"pl-PL","@id":"https:\/\/archiwum.kortowiada.pl\/2022\/#\/schema\/person\/image\/","url":"https:\/\/secure.gravatar.com\/avatar\/4071c0be1102ef11730c77465d7d8936?s=96&d=mm&r=g","contentUrl":"https:\/\/secure.gravatar.com\/avatar\/4071c0be1102ef11730c77465d7d8936?s=96&d=mm&r=g","caption":"Daria Bruszewska"},"url":"https:\/\/archiwum.kortowiada.pl\/2022\/author\/daria\/"}]}},"_links":{"self":[{"href":"https:\/\/archiwum.kortowiada.pl\/2022\/wp-json\/wp\/v2\/posts\/3480"}],"collection":[{"href":"https:\/\/archiwum.kortowiada.pl\/2022\/wp-json\/wp\/v2\/posts"}],"about":[{"href":"https:\/\/archiwum.kortowiada.pl\/2022\/wp-json\/wp\/v2\/types\/post"}],"author":[{"embeddable":true,"href":"https:\/\/archiwum.kortowiada.pl\/2022\/wp-json\/wp\/v2\/users\/9"}],"replies":[{"embeddable":true,"href":"https:\/\/archiwum.kortowiada.pl\/2022\/wp-json\/wp\/v2\/comments?post=3480"}],"version-history":[{"count":1,"href":"https:\/\/archiwum.kortowiada.pl\/2022\/wp-json\/wp\/v2\/posts\/3480\/revisions"}],"predecessor-version":[{"id":3481,"href":"https:\/\/archiwum.kortowiada.pl\/2022\/wp-json\/wp\/v2\/posts\/3480\/revisions\/3481"}],"wp:featuredmedia":[{"embeddable":true,"href":"https:\/\/archiwum.kortowiada.pl\/2022\/wp-json\/wp\/v2\/media\/3473"}],"wp:attachment":[{"href":"https:\/\/archiwum.kortowiada.pl\/2022\/wp-json\/wp\/v2\/media?parent=3480"}],"wp:term":[{"taxonomy":"category","embeddable":true,"href":"https:\/\/archiwum.kortowiada.pl\/2022\/wp-json\/wp\/v2\/categories?post=3480"},{"taxonomy":"post_tag","embeddable":true,"href":"https:\/\/archiwum.kortowiada.pl\/2022\/wp-json\/wp\/v2\/tags?post=3480"}],"curies":[{"name":"wp","href":"https:\/\/api.w.org\/{rel}","templated":true}]}}