{"id":3601,"date":"2022-06-01T21:25:44","date_gmt":"2022-06-01T19:25:44","guid":{"rendered":"https:\/\/kortowiada.pl\/?p=3601"},"modified":"2022-06-02T02:01:55","modified_gmt":"2022-06-02T00:01:55","slug":"parada-wydzialow-sprawdz-gdzie-znajdziesz-swoja-ekipe","status":"publish","type":"post","link":"https:\/\/archiwum.kortowiada.pl\/2022\/parada-wydzialow-sprawdz-gdzie-znajdziesz-swoja-ekipe\/","title":{"rendered":"Parada Wydzia\u0142\u00f3w: sprawd\u017a, gdzie znajdziesz swoj\u0105 ekip\u0119!"},"content":{"rendered":"<p>W czwartek o 10 zaczynamy<a href=\"https:\/\/www.facebook.com\/events\/958438404824516\"> <strong>Parad\u0119 Wydzia\u0142\u00f3w<\/strong><\/a>! Barwny orszak student\u00f3w przejdzie ulicami Olsztyna, startuj\u0105c ze Starego Miasta.<\/p>\n<p>Przypominamy, \u017ce na czele parady maszeruje ten wydzia\u0142, kt\u00f3ry zosta\u0142 zwyci\u0119zc\u0105 <strong>Ligi Wydzia\u0142\u00f3w<\/strong>. W tym roku ten zaszczyt przypad\u0142 Wydzia\u0142owi Lekarskiemu. Poprowadzi on orszak ulicami Prost\u0105, Mochnackiego, \u015aliwy, Warszawsk\u0105, Oczapowskiego i Dybowskiego, by dotrze\u0107 w ko\u0144cu na parking przy Centrum Konferencyjnym UWM. To tu wyposa\u017ceni w insygnia w\u0142adzy \u017cacy rozpoczn\u0105 na dobre swoje \u015bwi\u0119to, ta\u0144cz\u0105c\u2026 <strong>Wielk\u0105 Kortowsk\u0105 Makaren\u0119<\/strong>.<\/p>\n<p>Zach\u0119camy do tego, by wykorzysta\u0107 Parad\u0119 do tego, by zaprezentowa\u0107 \u015bwiatu wyj\u0105tkowe przebranie. B\u0119dziemy organizowa\u0107 <strong>konkurs, w kt\u00f3rym szuka\u0107 b\u0119dziemy najlepszego przebrania<\/strong>.<\/p>\n<p>Poni\u017cej znajdziecie grafiki, na kt\u00f3rych pokazujemy tras\u0119, kolejno\u015b\u0107, w jakiej p\u00f3jd\u0105 wydzia\u0142y i informacje o tym, gdzie powinny si\u0119 one ustawia\u0107 do startu.<img loading=\"lazy\" class=\"alignnone size-large wp-image-3605\" src=\"https:\/\/kortowiada.pl\/wp-content\/uploads\/2022\/06\/trasa-parady-1-1024x1024.png\" alt=\"\" width=\"1024\" height=\"1024\" srcset=\"https:\/\/archiwum.kortowiada.pl\/2022\/wp-content\/uploads\/2022\/06\/trasa-parady-1-1024x1024.png 1024w, https:\/\/archiwum.kortowiada.pl\/2022\/wp-content\/uploads\/2022\/06\/trasa-parady-1-300x300.png 300w, https:\/\/archiwum.kortowiada.pl\/2022\/wp-content\/uploads\/2022\/06\/trasa-parady-1-150x150.png 150w, https:\/\/archiwum.kortowiada.pl\/2022\/wp-content\/uploads\/2022\/06\/trasa-parady-1-768x768.png 768w, https:\/\/archiwum.kortowiada.pl\/2022\/wp-content\/uploads\/2022\/06\/trasa-parady-1-458x458.png 458w, https:\/\/archiwum.kortowiada.pl\/2022\/wp-content\/uploads\/2022\/06\/trasa-parady-1.png 1080w\" sizes=\"(max-width: 1024px) 100vw, 1024px\" \/> <img loading=\"lazy\" class=\"alignnone size-large wp-image-3607\" src=\"https:\/\/kortowiada.pl\/wp-content\/uploads\/2022\/06\/kolejnosc-parady-wydzialow-kwadrat-1024x1024.png\" alt=\"\" width=\"1024\" height=\"1024\" srcset=\"https:\/\/archiwum.kortowiada.pl\/2022\/wp-content\/uploads\/2022\/06\/kolejnosc-parady-wydzialow-kwadrat-1024x1024.png 1024w, https:\/\/archiwum.kortowiada.pl\/2022\/wp-content\/uploads\/2022\/06\/kolejnosc-parady-wydzialow-kwadrat-300x300.png 300w, https:\/\/archiwum.kortowiada.pl\/2022\/wp-content\/uploads\/2022\/06\/kolejnosc-parady-wydzialow-kwadrat-150x150.png 150w, https:\/\/archiwum.kortowiada.pl\/2022\/wp-content\/uploads\/2022\/06\/kolejnosc-parady-wydzialow-kwadrat-768x768.png 768w, https:\/\/archiwum.kortowiada.pl\/2022\/wp-content\/uploads\/2022\/06\/kolejnosc-parady-wydzialow-kwadrat-458x458.png 458w, https:\/\/archiwum.kortowiada.pl\/2022\/wp-content\/uploads\/2022\/06\/kolejnosc-parady-wydzialow-kwadrat.png 1080w\" sizes=\"(max-width: 1024px) 100vw, 1024px\" \/><img loading=\"lazy\" class=\"alignnone size-large wp-image-3606\" src=\"https:\/\/kortowiada.pl\/wp-content\/uploads\/2022\/06\/ustawienie-1024x1024.png\" alt=\"\" width=\"1024\" height=\"1024\" srcset=\"https:\/\/archiwum.kortowiada.pl\/2022\/wp-content\/uploads\/2022\/06\/ustawienie-1024x1024.png 1024w, https:\/\/archiwum.kortowiada.pl\/2022\/wp-content\/uploads\/2022\/06\/ustawienie-300x300.png 300w, https:\/\/archiwum.kortowiada.pl\/2022\/wp-content\/uploads\/2022\/06\/ustawienie-150x150.png 150w, https:\/\/archiwum.kortowiada.pl\/2022\/wp-content\/uploads\/2022\/06\/ustawienie-768x768.png 768w, https:\/\/archiwum.kortowiada.pl\/2022\/wp-content\/uploads\/2022\/06\/ustawienie-458x458.png 458w, https:\/\/archiwum.kortowiada.pl\/2022\/wp-content\/uploads\/2022\/06\/ustawienie.png 1080w\" sizes=\"(max-width: 1024px) 100vw, 1024px\" \/><\/p>\n","protected":false},"excerpt":{"rendered":"<p>W czwartek o 10 zaczynamy Parad\u0119 Wydzia\u0142\u00f3w! Barwny orszak student\u00f3w przejdzie ulicami Olsztyna, startuj\u0105c ze Starego Miasta. Przypominamy, \u017ce na czele parady maszeruje ten wydzia\u0142, kt\u00f3ry zosta\u0142 zwyci\u0119zc\u0105 Ligi Wydzia\u0142\u00f3w. W tym roku ten zaszczyt przypad\u0142 Wydzia\u0142owi Lekarskiemu. Poprowadzi on orszak ulicami Prost\u0105, Mochnackiego, \u015aliwy, Warszawsk\u0105, Oczapowskiego i Dybowskiego, by dotrze\u0107 w ko\u0144cu na parking&nbsp;<\/p>\n<p><a class=\"btn btn-style\" href=\"https:\/\/archiwum.kortowiada.pl\/2022\/parada-wydzialow-sprawdz-gdzie-znajdziesz-swoja-ekipe\/\">Czytaj wi\u0119cej<\/a><\/p>\n","protected":false},"author":9,"featured_media":3608,"comment_status":"closed","ping_status":"closed","sticky":false,"template":"","format":"standard","meta":[],"categories":[43],"tags":[129,203,72,204,202,183,201],"yoast_head":"<!-- This site is optimized with the Yoast SEO plugin v19.6.1 - https:\/\/yoast.com\/wordpress\/plugins\/seo\/ -->\n<title>Parada Wydzia\u0142\u00f3w: sprawd\u017a, gdzie znajdziesz swoj\u0105 ekip\u0119! - Kortowiada - najwi\u0119kszy festiwal studencki w Polsce<\/title>\n<meta name=\"robots\" content=\"index, follow, max-snippet:-1, max-image-preview:large, max-video-preview:-1\" \/>\n<link rel=\"canonical\" href=\"https:\/\/archiwum.kortowiada.pl\/2022\/parada-wydzialow-sprawdz-gdzie-znajdziesz-swoja-ekipe\/\" \/>\n<meta property=\"og:locale\" content=\"pl_PL\" \/>\n<meta property=\"og:type\" content=\"article\" \/>\n<meta property=\"og:title\" content=\"Parada Wydzia\u0142\u00f3w: sprawd\u017a, gdzie znajdziesz swoj\u0105 ekip\u0119! - Kortowiada - najwi\u0119kszy festiwal studencki w Polsce\" \/>\n<meta property=\"og:description\" content=\"W czwartek o 10 zaczynamy Parad\u0119 Wydzia\u0142\u00f3w! Barwny orszak student\u00f3w przejdzie ulicami Olsztyna, startuj\u0105c ze Starego Miasta. Przypominamy, \u017ce na czele parady maszeruje ten wydzia\u0142, kt\u00f3ry zosta\u0142 zwyci\u0119zc\u0105 Ligi Wydzia\u0142\u00f3w. W tym roku ten zaszczyt przypad\u0142 Wydzia\u0142owi Lekarskiemu. Poprowadzi on orszak ulicami Prost\u0105, Mochnackiego, \u015aliwy, Warszawsk\u0105, Oczapowskiego i Dybowskiego, by dotrze\u0107 w ko\u0144cu na parking&nbsp;Czytaj wi\u0119cej\" \/>\n<meta property=\"og:url\" content=\"https:\/\/archiwum.kortowiada.pl\/2022\/parada-wydzialow-sprawdz-gdzie-znajdziesz-swoja-ekipe\/\" \/>\n<meta property=\"og:site_name\" content=\"Kortowiada - najwi\u0119kszy festiwal studencki w Polsce\" \/>\n<meta property=\"article:publisher\" content=\"https:\/\/www.facebook.com\/kortowiadafestiwal\" \/>\n<meta property=\"article:published_time\" content=\"2022-06-01T19:25:44+00:00\" \/>\n<meta property=\"article:modified_time\" content=\"2022-06-02T00:01:55+00:00\" \/>\n<meta property=\"og:image\" content=\"https:\/\/archiwum.kortowiada.pl\/2022\/wp-content\/uploads\/2022\/06\/ustawienie-1920x1080-1.png\" \/>\n\t<meta property=\"og:image:width\" content=\"1920\" \/>\n\t<meta property=\"og:image:height\" content=\"1080\" \/>\n\t<meta property=\"og:image:type\" content=\"image\/png\" \/>\n<meta name=\"author\" content=\"Daria Bruszewska\" \/>\n<meta name=\"twitter:card\" content=\"summary_large_image\" \/>\n<meta name=\"twitter:label1\" content=\"Napisane przez\" \/>\n\t<meta name=\"twitter:data1\" content=\"Daria Bruszewska\" \/>\n\t<meta name=\"twitter:label2\" content=\"Szacowany czas czytania\" \/>\n\t<meta name=\"twitter:data2\" content=\"2 minuty\" \/>\n<script type=\"application\/ld+json\" class=\"yoast-schema-graph\">{\"@context\":\"https:\/\/schema.org\",\"@graph\":[{\"@type\":\"Article\",\"@id\":\"https:\/\/archiwum.kortowiada.pl\/2022\/parada-wydzialow-sprawdz-gdzie-znajdziesz-swoja-ekipe\/#article\",\"isPartOf\":{\"@id\":\"https:\/\/archiwum.kortowiada.pl\/2022\/parada-wydzialow-sprawdz-gdzie-znajdziesz-swoja-ekipe\/\"},\"author\":{\"name\":\"Daria Bruszewska\",\"@id\":\"https:\/\/archiwum.kortowiada.pl\/2022\/#\/schema\/person\/203bdca03dc88232ceae13557ea4cb25\"},\"headline\":\"Parada Wydzia\u0142\u00f3w: sprawd\u017a, gdzie znajdziesz swoj\u0105 ekip\u0119!\",\"datePublished\":\"2022-06-01T19:25:44+00:00\",\"dateModified\":\"2022-06-02T00:01:55+00:00\",\"mainEntityOfPage\":{\"@id\":\"https:\/\/archiwum.kortowiada.pl\/2022\/parada-wydzialow-sprawdz-gdzie-znajdziesz-swoja-ekipe\/\"},\"wordCount\":149,\"publisher\":{\"@id\":\"https:\/\/archiwum.kortowiada.pl\/2022\/#organization\"},\"keywords\":[\"juwenalia 2022\",\"kolejno\u015b\u0107 wydzia\u0142\u00f3w\",\"Kortowiada 2022\",\"Liga Wydzia\u0142\u00f3w\",\"parada 2022\",\"Parada Wydzia\u0142\u00f3w\",\"wydzia\u0142y\"],\"articleSection\":[\"Kortowiada 2022\"],\"inLanguage\":\"pl-PL\"},{\"@type\":\"WebPage\",\"@id\":\"https:\/\/archiwum.kortowiada.pl\/2022\/parada-wydzialow-sprawdz-gdzie-znajdziesz-swoja-ekipe\/\",\"url\":\"https:\/\/archiwum.kortowiada.pl\/2022\/parada-wydzialow-sprawdz-gdzie-znajdziesz-swoja-ekipe\/\",\"name\":\"Parada Wydzia\u0142\u00f3w: sprawd\u017a, gdzie znajdziesz swoj\u0105 ekip\u0119! - Kortowiada - najwi\u0119kszy festiwal studencki w Polsce\",\"isPartOf\":{\"@id\":\"https:\/\/archiwum.kortowiada.pl\/2022\/#website\"},\"datePublished\":\"2022-06-01T19:25:44+00:00\",\"dateModified\":\"2022-06-02T00:01:55+00:00\",\"breadcrumb\":{\"@id\":\"https:\/\/archiwum.kortowiada.pl\/2022\/parada-wydzialow-sprawdz-gdzie-znajdziesz-swoja-ekipe\/#breadcrumb\"},\"inLanguage\":\"pl-PL\",\"potentialAction\":[{\"@type\":\"ReadAction\",\"target\":[\"https:\/\/archiwum.kortowiada.pl\/2022\/parada-wydzialow-sprawdz-gdzie-znajdziesz-swoja-ekipe\/\"]}]},{\"@type\":\"BreadcrumbList\",\"@id\":\"https:\/\/archiwum.kortowiada.pl\/2022\/parada-wydzialow-sprawdz-gdzie-znajdziesz-swoja-ekipe\/#breadcrumb\",\"itemListElement\":[{\"@type\":\"ListItem\",\"position\":1,\"name\":\"Strona g\u0142\u00f3wna\",\"item\":\"https:\/\/archiwum.kortowiada.pl\/2022\/\"},{\"@type\":\"ListItem\",\"position\":2,\"name\":\"Parada Wydzia\u0142\u00f3w: sprawd\u017a, gdzie znajdziesz swoj\u0105 ekip\u0119!\"}]},{\"@type\":\"WebSite\",\"@id\":\"https:\/\/archiwum.kortowiada.pl\/2022\/#website\",\"url\":\"https:\/\/archiwum.kortowiada.pl\/2022\/\",\"name\":\"Kortowiada - najwi\u0119kszy festiwal studencki w Polsce\",\"description\":\"1-4 czerwca 2022, 61. edycja - juwenalia Olsztyn\",\"publisher\":{\"@id\":\"https:\/\/archiwum.kortowiada.pl\/2022\/#organization\"},\"potentialAction\":[{\"@type\":\"SearchAction\",\"target\":{\"@type\":\"EntryPoint\",\"urlTemplate\":\"https:\/\/archiwum.kortowiada.pl\/2022\/?s={search_term_string}\"},\"query-input\":\"required name=search_term_string\"}],\"inLanguage\":\"pl-PL\"},{\"@type\":\"Organization\",\"@id\":\"https:\/\/archiwum.kortowiada.pl\/2022\/#organization\",\"name\":\"Kortowiada\",\"url\":\"https:\/\/archiwum.kortowiada.pl\/2022\/\",\"sameAs\":[\"https:\/\/www.instagram.com\/kortowiada\/?hl=pl\",\"https:\/\/www.youtube.com\/channel\/UCZpuhjpJ2XlHxcbT4N2oyFQ\",\"https:\/\/www.facebook.com\/kortowiadafestiwal\"],\"logo\":{\"@type\":\"ImageObject\",\"inLanguage\":\"pl-PL\",\"@id\":\"https:\/\/archiwum.kortowiada.pl\/2022\/#\/schema\/logo\/image\/\",\"url\":\"https:\/\/kortowiada.pl\/wp-content\/uploads\/2021\/05\/favig.png\",\"contentUrl\":\"https:\/\/kortowiada.pl\/wp-content\/uploads\/2021\/05\/favig.png\",\"width\":1080,\"height\":1080,\"caption\":\"Kortowiada\"},\"image\":{\"@id\":\"https:\/\/archiwum.kortowiada.pl\/2022\/#\/schema\/logo\/image\/\"}},{\"@type\":\"Person\",\"@id\":\"https:\/\/archiwum.kortowiada.pl\/2022\/#\/schema\/person\/203bdca03dc88232ceae13557ea4cb25\",\"name\":\"Daria Bruszewska\",\"image\":{\"@type\":\"ImageObject\",\"inLanguage\":\"pl-PL\",\"@id\":\"https:\/\/archiwum.kortowiada.pl\/2022\/#\/schema\/person\/image\/\",\"url\":\"https:\/\/secure.gravatar.com\/avatar\/4071c0be1102ef11730c77465d7d8936?s=96&d=mm&r=g\",\"contentUrl\":\"https:\/\/secure.gravatar.com\/avatar\/4071c0be1102ef11730c77465d7d8936?s=96&d=mm&r=g\",\"caption\":\"Daria Bruszewska\"},\"url\":\"https:\/\/archiwum.kortowiada.pl\/2022\/author\/daria\/\"}]}<\/script>\n<!-- \/ Yoast SEO plugin. -->","yoast_head_json":{"title":"Parada Wydzia\u0142\u00f3w: sprawd\u017a, gdzie znajdziesz swoj\u0105 ekip\u0119! - Kortowiada - najwi\u0119kszy festiwal studencki w Polsce","robots":{"index":"index","follow":"follow","max-snippet":"max-snippet:-1","max-image-preview":"max-image-preview:large","max-video-preview":"max-video-preview:-1"},"canonical":"https:\/\/archiwum.kortowiada.pl\/2022\/parada-wydzialow-sprawdz-gdzie-znajdziesz-swoja-ekipe\/","og_locale":"pl_PL","og_type":"article","og_title":"Parada Wydzia\u0142\u00f3w: sprawd\u017a, gdzie znajdziesz swoj\u0105 ekip\u0119! - Kortowiada - najwi\u0119kszy festiwal studencki w Polsce","og_description":"W czwartek o 10 zaczynamy Parad\u0119 Wydzia\u0142\u00f3w! Barwny orszak student\u00f3w przejdzie ulicami Olsztyna, startuj\u0105c ze Starego Miasta. Przypominamy, \u017ce na czele parady maszeruje ten wydzia\u0142, kt\u00f3ry zosta\u0142 zwyci\u0119zc\u0105 Ligi Wydzia\u0142\u00f3w. W tym roku ten zaszczyt przypad\u0142 Wydzia\u0142owi Lekarskiemu. Poprowadzi on orszak ulicami Prost\u0105, Mochnackiego, \u015aliwy, Warszawsk\u0105, Oczapowskiego i Dybowskiego, by dotrze\u0107 w ko\u0144cu na parking&nbsp;Czytaj wi\u0119cej","og_url":"https:\/\/archiwum.kortowiada.pl\/2022\/parada-wydzialow-sprawdz-gdzie-znajdziesz-swoja-ekipe\/","og_site_name":"Kortowiada - najwi\u0119kszy festiwal studencki w Polsce","article_publisher":"https:\/\/www.facebook.com\/kortowiadafestiwal","article_published_time":"2022-06-01T19:25:44+00:00","article_modified_time":"2022-06-02T00:01:55+00:00","og_image":[{"width":1920,"height":1080,"url":"https:\/\/archiwum.kortowiada.pl\/2022\/wp-content\/uploads\/2022\/06\/ustawienie-1920x1080-1.png","type":"image\/png"}],"author":"Daria Bruszewska","twitter_card":"summary_large_image","twitter_misc":{"Napisane przez":"Daria Bruszewska","Szacowany czas czytania":"2 minuty"},"schema":{"@context":"https:\/\/schema.org","@graph":[{"@type":"Article","@id":"https:\/\/archiwum.kortowiada.pl\/2022\/parada-wydzialow-sprawdz-gdzie-znajdziesz-swoja-ekipe\/#article","isPartOf":{"@id":"https:\/\/archiwum.kortowiada.pl\/2022\/parada-wydzialow-sprawdz-gdzie-znajdziesz-swoja-ekipe\/"},"author":{"name":"Daria Bruszewska","@id":"https:\/\/archiwum.kortowiada.pl\/2022\/#\/schema\/person\/203bdca03dc88232ceae13557ea4cb25"},"headline":"Parada Wydzia\u0142\u00f3w: sprawd\u017a, gdzie znajdziesz swoj\u0105 ekip\u0119!","datePublished":"2022-06-01T19:25:44+00:00","dateModified":"2022-06-02T00:01:55+00:00","mainEntityOfPage":{"@id":"https:\/\/archiwum.kortowiada.pl\/2022\/parada-wydzialow-sprawdz-gdzie-znajdziesz-swoja-ekipe\/"},"wordCount":149,"publisher":{"@id":"https:\/\/archiwum.kortowiada.pl\/2022\/#organization"},"keywords":["juwenalia 2022","kolejno\u015b\u0107 wydzia\u0142\u00f3w","Kortowiada 2022","Liga Wydzia\u0142\u00f3w","parada 2022","Parada Wydzia\u0142\u00f3w","wydzia\u0142y"],"articleSection":["Kortowiada 2022"],"inLanguage":"pl-PL"},{"@type":"WebPage","@id":"https:\/\/archiwum.kortowiada.pl\/2022\/parada-wydzialow-sprawdz-gdzie-znajdziesz-swoja-ekipe\/","url":"https:\/\/archiwum.kortowiada.pl\/2022\/parada-wydzialow-sprawdz-gdzie-znajdziesz-swoja-ekipe\/","name":"Parada Wydzia\u0142\u00f3w: sprawd\u017a, gdzie znajdziesz swoj\u0105 ekip\u0119! - Kortowiada - najwi\u0119kszy festiwal studencki w Polsce","isPartOf":{"@id":"https:\/\/archiwum.kortowiada.pl\/2022\/#website"},"datePublished":"2022-06-01T19:25:44+00:00","dateModified":"2022-06-02T00:01:55+00:00","breadcrumb":{"@id":"https:\/\/archiwum.kortowiada.pl\/2022\/parada-wydzialow-sprawdz-gdzie-znajdziesz-swoja-ekipe\/#breadcrumb"},"inLanguage":"pl-PL","potentialAction":[{"@type":"ReadAction","target":["https:\/\/archiwum.kortowiada.pl\/2022\/parada-wydzialow-sprawdz-gdzie-znajdziesz-swoja-ekipe\/"]}]},{"@type":"BreadcrumbList","@id":"https:\/\/archiwum.kortowiada.pl\/2022\/parada-wydzialow-sprawdz-gdzie-znajdziesz-swoja-ekipe\/#breadcrumb","itemListElement":[{"@type":"ListItem","position":1,"name":"Strona g\u0142\u00f3wna","item":"https:\/\/archiwum.kortowiada.pl\/2022\/"},{"@type":"ListItem","position":2,"name":"Parada Wydzia\u0142\u00f3w: sprawd\u017a, gdzie znajdziesz swoj\u0105 ekip\u0119!"}]},{"@type":"WebSite","@id":"https:\/\/archiwum.kortowiada.pl\/2022\/#website","url":"https:\/\/archiwum.kortowiada.pl\/2022\/","name":"Kortowiada - najwi\u0119kszy festiwal studencki w Polsce","description":"1-4 czerwca 2022, 61. edycja - juwenalia Olsztyn","publisher":{"@id":"https:\/\/archiwum.kortowiada.pl\/2022\/#organization"},"potentialAction":[{"@type":"SearchAction","target":{"@type":"EntryPoint","urlTemplate":"https:\/\/archiwum.kortowiada.pl\/2022\/?s={search_term_string}"},"query-input":"required name=search_term_string"}],"inLanguage":"pl-PL"},{"@type":"Organization","@id":"https:\/\/archiwum.kortowiada.pl\/2022\/#organization","name":"Kortowiada","url":"https:\/\/archiwum.kortowiada.pl\/2022\/","sameAs":["https:\/\/www.instagram.com\/kortowiada\/?hl=pl","https:\/\/www.youtube.com\/channel\/UCZpuhjpJ2XlHxcbT4N2oyFQ","https:\/\/www.facebook.com\/kortowiadafestiwal"],"logo":{"@type":"ImageObject","inLanguage":"pl-PL","@id":"https:\/\/archiwum.kortowiada.pl\/2022\/#\/schema\/logo\/image\/","url":"https:\/\/kortowiada.pl\/wp-content\/uploads\/2021\/05\/favig.png","contentUrl":"https:\/\/kortowiada.pl\/wp-content\/uploads\/2021\/05\/favig.png","width":1080,"height":1080,"caption":"Kortowiada"},"image":{"@id":"https:\/\/archiwum.kortowiada.pl\/2022\/#\/schema\/logo\/image\/"}},{"@type":"Person","@id":"https:\/\/archiwum.kortowiada.pl\/2022\/#\/schema\/person\/203bdca03dc88232ceae13557ea4cb25","name":"Daria Bruszewska","image":{"@type":"ImageObject","inLanguage":"pl-PL","@id":"https:\/\/archiwum.kortowiada.pl\/2022\/#\/schema\/person\/image\/","url":"https:\/\/secure.gravatar.com\/avatar\/4071c0be1102ef11730c77465d7d8936?s=96&d=mm&r=g","contentUrl":"https:\/\/secure.gravatar.com\/avatar\/4071c0be1102ef11730c77465d7d8936?s=96&d=mm&r=g","caption":"Daria Bruszewska"},"url":"https:\/\/archiwum.kortowiada.pl\/2022\/author\/daria\/"}]}},"_links":{"self":[{"href":"https:\/\/archiwum.kortowiada.pl\/2022\/wp-json\/wp\/v2\/posts\/3601"}],"collection":[{"href":"https:\/\/archiwum.kortowiada.pl\/2022\/wp-json\/wp\/v2\/posts"}],"about":[{"href":"https:\/\/archiwum.kortowiada.pl\/2022\/wp-json\/wp\/v2\/types\/post"}],"author":[{"embeddable":true,"href":"https:\/\/archiwum.kortowiada.pl\/2022\/wp-json\/wp\/v2\/users\/9"}],"replies":[{"embeddable":true,"href":"https:\/\/archiwum.kortowiada.pl\/2022\/wp-json\/wp\/v2\/comments?post=3601"}],"version-history":[{"count":4,"href":"https:\/\/archiwum.kortowiada.pl\/2022\/wp-json\/wp\/v2\/posts\/3601\/revisions"}],"predecessor-version":[{"id":3650,"href":"https:\/\/archiwum.kortowiada.pl\/2022\/wp-json\/wp\/v2\/posts\/3601\/revisions\/3650"}],"wp:featuredmedia":[{"embeddable":true,"href":"https:\/\/archiwum.kortowiada.pl\/2022\/wp-json\/wp\/v2\/media\/3608"}],"wp:attachment":[{"href":"https:\/\/archiwum.kortowiada.pl\/2022\/wp-json\/wp\/v2\/media?parent=3601"}],"wp:term":[{"taxonomy":"category","embeddable":true,"href":"https:\/\/archiwum.kortowiada.pl\/2022\/wp-json\/wp\/v2\/categories?post=3601"},{"taxonomy":"post_tag","embeddable":true,"href":"https:\/\/archiwum.kortowiada.pl\/2022\/wp-json\/wp\/v2\/tags?post=3601"}],"curies":[{"name":"wp","href":"https:\/\/api.w.org\/{rel}","templated":true}]}}