{"id":3653,"date":"2022-06-02T08:49:33","date_gmt":"2022-06-02T06:49:33","guid":{"rendered":"https:\/\/kortowiada.pl\/?p=3653"},"modified":"2022-06-02T10:04:20","modified_gmt":"2022-06-02T08:04:20","slug":"sroda-za-nami-a-co-nas-czeka-w-czwartek-na-kortowiadzie-2022","status":"publish","type":"post","link":"https:\/\/archiwum.kortowiada.pl\/2022\/sroda-za-nami-a-co-nas-czeka-w-czwartek-na-kortowiadzie-2022\/","title":{"rendered":"\u015aroda za nami, a co nas czeka w czwartek na Kortowiadzie 2022?"},"content":{"rendered":"<p><strong>Za nami pierwszy dzie\u0144 Kortowiady 2022. Studenci UWM integrowali si\u0119 m.in. podczas rywalizacji mi\u0119dzy akademikami, rozegrali mecz koszyk\u00f3wki ze sportowcami z niepe\u0142nosprawno\u015bci\u0105 i bawili si\u0119 na Silent Party. Dzisiaj juwenalia nabior\u0105 jeszcze wi\u0119kszego rozp\u0119du: przed nami Parada Wydzia\u0142\u00f3w i koncerty na pla\u017cy kortowskiej.<\/strong><\/p>\n<p><strong>\u00a0<\/strong><\/p>\n<p><strong>\u015aroda pod znakiem integracji<\/strong><\/p>\n<p>Na dobry pocz\u0105tek kortowiadowej zabawy organizatorzy postawili na sport i budowanie relacji. Zaplanowany na godz. 15 Kortowiadowy Bieg o Z\u0142otego Dzika z powodu burzy rozpocz\u0105\u0142 si\u0119 nieco p\u00f3\u017aniej.<\/p>\n<p>&#8211; M\u00f3wi si\u0119, \u017ce deszcz to tradycja Kortowiady. Je\u015bli tak, to tradycji sta\u0142o si\u0119 zado\u015b\u0107 i teraz pozostaje trzyma\u0107 kciuki za to, \u017ceby nad \u015bwi\u0119tuj\u0105cymi studentami \u015bwieci\u0142o ju\u017c tylko s\u0142o\u0144ce \u2013 m\u00f3wi Daria Bruszewska-Przytu\u0142a, rzeczniczka Kortowiady.<\/p>\n<p>Cho\u0107 zmieni\u0142a si\u0119 godzina rozpocz\u0119cia biegu, warunki dla rywalizacji sportowej by\u0142y dobre i fani biegania mogli wykaza\u0107 si\u0119 swoimi umiej\u0119tno\u015bciami. Zawodnicy dali te\u017c wyraz swojej kreatywno\u015bci, bo nagrody przewidziane by\u0142y nie tylko dla najszybszych, ale i dla tych, kt\u00f3rzy mieli najciekawsze przebranie. W tej kategorii zwyci\u0119\u017cy\u0142 \u201ePan Miko\u0142aj\u201d, a po medale dla najlepszych zawodnik\u00f3w si\u0119gn\u0119li: Marta Kocz\u0105b, Anita Maliszewska i Weronika Kozak oraz Albert Wronowski, Mariusz Gutma\u0144ski i Krystian Stefa\u0144ski.<\/p>\n<p>Zupe\u0142nie inny duch rywalizacji unosi\u0142 si\u0119 nad hal\u0105 sportow\u0105 UWM, gdzie podczas VII Integracyjnego Meczu Koszyk\u00f3wki na W\u00f3zkach spotkali si\u0119 sportowcy z niepe\u0142nosprawno\u015bci\u0105 oraz studenci UWM. Zdecydowane zwyci\u0119stwo na punkty odnios\u0142a dru\u017cyna AKS OSW, ale tak naprawd\u0119 wygrani byli wszyscy. Mecz, jak sama nazwa wskazuje, s\u0142u\u017cy\u0107 mia\u0142 przecie\u017c integracji.<\/p>\n<p>Jednym z innych tradycyjnych wydarze\u0144 zorganizowanych podczas tegorocznych juwenali\u00f3w w Olsztynie by\u0142 konkurs na wystr\u00f3j akademika. Tegoroczny temat przewodni to \u201eEkodemik, czyli Las nie Vegas\u201d. Studenckie pomys\u0142y ocenia\u0142o jury, kt\u00f3re najbardziej doceni\u0142o pomys\u0142owo\u015b\u0107 mieszka\u0144c\u00f3w domu studenckiego nr 3.<\/p>\n<p>Na kreatywno\u015b\u0107 stawiano tak\u017ce w Ekonamiocie. To tu studenci wspierani tak\u017ce przez kadr\u0119 UWM przygotowywali ozdoby i transparenty, kt\u00f3re maj\u0105 ich wyr\u00f3\u017cni\u0107 podczas czwartkowej Parady Wydzia\u0142\u00f3w.<\/p>\n<p>W \u015brod\u0119 wieczorem rozpocz\u0119\u0142a si\u0119 pierwsza z czterech \u201ecichych imprez\u201d. Namiot Silent Party, kt\u00f3ry mie\u015bci si\u0119 za Bibliotek\u0105 Uniwersyteck\u0105, wype\u0142ni\u0142 si\u0119 fanami imprezowania w s\u0142uchawkach. Warto pami\u0119ta\u0107, \u017ce \u017ceby wej\u015b\u0107 do namiotu, nie trzeba mie\u0107 biletu na Kortowiad\u0119, ale je\u015bli si\u0119 jest posiadaczem karnetu lub koszulki kortowiadowej, mo\u017cna skorzysta\u0107 z biletu ulgowego. A \u017ce od namiotu jest ju\u017c bardzo blisko do Sceny Studenckiej, przy kt\u00f3rej zaparkowa\u0142y food trucki, to zadowoleni powinni te\u017c by\u0107 ci, kt\u00f3rzy w czasie zabawy na juwenaliach nie chc\u0105 zrezygnowa\u0107 ze smacznych posi\u0142k\u00f3w.<\/p>\n<p>&nbsp;<\/p>\n<p><strong>Parada Wydzia\u0142\u00f3w symbolicznie rozpocznie Kortowiad\u0119<\/strong><\/p>\n<p>Parada Wydzia\u0142\u00f3w to tradycja olszty\u0144skich juwenali\u00f3w i jedno z tych wydarze\u0144 towarzysz\u0105cych Kortowiadzie, kt\u00f3rych studenci najbardziej nie mog\u0105 si\u0119 doczeka\u0107. Barwny orszak, w kt\u00f3rym nie brakuje przebranych ciekawie os\u00f3b, wyruszy w czwartek o\u00a0godz. 10 ze Starego Miasta. Od prezydenta Olsztyna \u017cacy przejm\u0105 symboliczne klucze do miasta i rusz\u0105 do miasteczka akademickiego, by symbol w\u0142adzy nad Kortowem przyj\u0105\u0107 z kolei z r\u0105k rektora Uniwersytetu Warmi\u0144sko-Mazurskiego w Olsztynie.<\/p>\n<p>Na czele parady maszeruje ten wydzia\u0142, kt\u00f3ry zosta\u0142 zwyci\u0119zc\u0105 Ligi Wydzia\u0142\u00f3w. W tym roku ten zaszczyt przypad\u0142 Wydzia\u0142owi Lekarskiemu. Poprowadzi on orszak ulicami Prost\u0105, Mochnackiego, \u015aliwy, Warszawsk\u0105, Oczapowskiego i Dybowskiego, by dotrze\u0107 w ko\u0144cu na parking przy Centrum Konferencyjnym UWM. To tu wyposa\u017ceni w insygnia w\u0142adzy \u017cacy rozpoczn\u0105 na dobre swoje \u015bwi\u0119to, ta\u0144cz\u0105c\u2026 Wielk\u0105 Kortowsk\u0105 Makaren\u0119.<\/p>\n<p><strong>Koncerty nad Jeziorem Kortowskim<\/strong><\/p>\n<p>Przypomnijmy, \u017ce czwartkowe oficjalne rozpocz\u0119cie Kortowiady wi\u0105\u017ce si\u0119 tak\u017ce ze startem koncert\u00f3w na scenie g\u0142\u00f3wnej. Tego dnia na pla\u017cy kortowskiej zagraj\u0105 Baranovski, Happysad, O.S.T.R., Kwiat Jab\u0142oni i \u0141ydka Grubasa. Dzie\u0144 p\u00f3\u017aniej na scenie pojawi\u0105 si\u0119: Ka\u015bka Sochacka, Zalewski, Enej, Kayah i Sok\u00f3\u0142. W\u00a0sobot\u0119, ostatniego dnia Kortowiady 2022, wyst\u0105pi\u0105 Vito Bambino, Guzior, Mery Spolsky, PRO8L3M i Tymek.<\/p>\n<p>Bilety na <a href=\"http:\/\/www.bilety.kortowiada.pl\">kortowiadowe koncerty kupimy, nie wychodz\u0105c z domu<\/a>. W internetowej sprzeda\u017cy jest ju\u017c ostatnia pula wej\u015bci\u00f3wek.<\/p>\n","protected":false},"excerpt":{"rendered":"<p>Za nami pierwszy dzie\u0144 Kortowiady 2022. Studenci UWM integrowali si\u0119 m.in. podczas rywalizacji mi\u0119dzy akademikami, rozegrali mecz koszyk\u00f3wki ze sportowcami z niepe\u0142nosprawno\u015bci\u0105 i bawili si\u0119 na Silent Party. Dzisiaj juwenalia nabior\u0105 jeszcze wi\u0119kszego rozp\u0119du: przed nami Parada Wydzia\u0142\u00f3w i koncerty na pla\u017cy kortowskiej. \u00a0 \u015aroda pod znakiem integracji Na dobry pocz\u0105tek kortowiadowej zabawy organizatorzy postawili&nbsp;<\/p>\n<p><a class=\"btn btn-style\" href=\"https:\/\/archiwum.kortowiada.pl\/2022\/sroda-za-nami-a-co-nas-czeka-w-czwartek-na-kortowiadzie-2022\/\">Czytaj wi\u0119cej<\/a><\/p>\n","protected":false},"author":9,"featured_media":3626,"comment_status":"closed","ping_status":"closed","sticky":false,"template":"","format":"standard","meta":[],"categories":[43],"tags":[129,46,72],"yoast_head":"<!-- This site is optimized with the Yoast SEO plugin v19.6.1 - https:\/\/yoast.com\/wordpress\/plugins\/seo\/ -->\n<title>\u015aroda za nami, a co nas czeka w czwartek na Kortowiadzie 2022? - Kortowiada - najwi\u0119kszy festiwal studencki w Polsce<\/title>\n<meta name=\"robots\" content=\"index, follow, max-snippet:-1, max-image-preview:large, max-video-preview:-1\" \/>\n<link rel=\"canonical\" href=\"https:\/\/archiwum.kortowiada.pl\/2022\/sroda-za-nami-a-co-nas-czeka-w-czwartek-na-kortowiadzie-2022\/\" \/>\n<meta property=\"og:locale\" content=\"pl_PL\" \/>\n<meta property=\"og:type\" content=\"article\" \/>\n<meta property=\"og:title\" content=\"\u015aroda za nami, a co nas czeka w czwartek na Kortowiadzie 2022? - Kortowiada - najwi\u0119kszy festiwal studencki w Polsce\" \/>\n<meta property=\"og:description\" content=\"Za nami pierwszy dzie\u0144 Kortowiady 2022. Studenci UWM integrowali si\u0119 m.in. podczas rywalizacji mi\u0119dzy akademikami, rozegrali mecz koszyk\u00f3wki ze sportowcami z niepe\u0142nosprawno\u015bci\u0105 i bawili si\u0119 na Silent Party. Dzisiaj juwenalia nabior\u0105 jeszcze wi\u0119kszego rozp\u0119du: przed nami Parada Wydzia\u0142\u00f3w i koncerty na pla\u017cy kortowskiej. \u00a0 \u015aroda pod znakiem integracji Na dobry pocz\u0105tek kortowiadowej zabawy organizatorzy postawili&nbsp;Czytaj wi\u0119cej\" \/>\n<meta property=\"og:url\" content=\"https:\/\/archiwum.kortowiada.pl\/2022\/sroda-za-nami-a-co-nas-czeka-w-czwartek-na-kortowiadzie-2022\/\" \/>\n<meta property=\"og:site_name\" content=\"Kortowiada - najwi\u0119kszy festiwal studencki w Polsce\" \/>\n<meta property=\"article:publisher\" content=\"https:\/\/www.facebook.com\/kortowiadafestiwal\" \/>\n<meta property=\"article:published_time\" content=\"2022-06-02T06:49:33+00:00\" \/>\n<meta property=\"article:modified_time\" content=\"2022-06-02T08:04:20+00:00\" \/>\n<meta property=\"og:image\" content=\"https:\/\/archiwum.kortowiada.pl\/2022\/wp-content\/uploads\/2022\/06\/20220601-silent-party-mateusz-kowalski-19.jpg\" \/>\n\t<meta property=\"og:image:width\" content=\"1500\" \/>\n\t<meta property=\"og:image:height\" content=\"1000\" \/>\n\t<meta property=\"og:image:type\" content=\"image\/jpeg\" \/>\n<meta name=\"author\" content=\"Daria Bruszewska\" \/>\n<meta name=\"twitter:card\" content=\"summary_large_image\" \/>\n<meta name=\"twitter:label1\" content=\"Napisane przez\" \/>\n\t<meta name=\"twitter:data1\" content=\"Daria Bruszewska\" \/>\n\t<meta name=\"twitter:label2\" content=\"Szacowany czas czytania\" \/>\n\t<meta name=\"twitter:data2\" content=\"3 minuty\" \/>\n<script type=\"application\/ld+json\" class=\"yoast-schema-graph\">{\"@context\":\"https:\/\/schema.org\",\"@graph\":[{\"@type\":\"Article\",\"@id\":\"https:\/\/archiwum.kortowiada.pl\/2022\/sroda-za-nami-a-co-nas-czeka-w-czwartek-na-kortowiadzie-2022\/#article\",\"isPartOf\":{\"@id\":\"https:\/\/archiwum.kortowiada.pl\/2022\/sroda-za-nami-a-co-nas-czeka-w-czwartek-na-kortowiadzie-2022\/\"},\"author\":{\"name\":\"Daria Bruszewska\",\"@id\":\"https:\/\/archiwum.kortowiada.pl\/2022\/#\/schema\/person\/203bdca03dc88232ceae13557ea4cb25\"},\"headline\":\"\u015aroda za nami, a co nas czeka w czwartek na Kortowiadzie 2022?\",\"datePublished\":\"2022-06-02T06:49:33+00:00\",\"dateModified\":\"2022-06-02T08:04:20+00:00\",\"mainEntityOfPage\":{\"@id\":\"https:\/\/archiwum.kortowiada.pl\/2022\/sroda-za-nami-a-co-nas-czeka-w-czwartek-na-kortowiadzie-2022\/\"},\"wordCount\":707,\"publisher\":{\"@id\":\"https:\/\/archiwum.kortowiada.pl\/2022\/#organization\"},\"keywords\":[\"juwenalia 2022\",\"Kortowiada\",\"Kortowiada 2022\"],\"articleSection\":[\"Kortowiada 2022\"],\"inLanguage\":\"pl-PL\"},{\"@type\":\"WebPage\",\"@id\":\"https:\/\/archiwum.kortowiada.pl\/2022\/sroda-za-nami-a-co-nas-czeka-w-czwartek-na-kortowiadzie-2022\/\",\"url\":\"https:\/\/archiwum.kortowiada.pl\/2022\/sroda-za-nami-a-co-nas-czeka-w-czwartek-na-kortowiadzie-2022\/\",\"name\":\"\u015aroda za nami, a co nas czeka w czwartek na Kortowiadzie 2022? - Kortowiada - najwi\u0119kszy festiwal studencki w Polsce\",\"isPartOf\":{\"@id\":\"https:\/\/archiwum.kortowiada.pl\/2022\/#website\"},\"datePublished\":\"2022-06-02T06:49:33+00:00\",\"dateModified\":\"2022-06-02T08:04:20+00:00\",\"breadcrumb\":{\"@id\":\"https:\/\/archiwum.kortowiada.pl\/2022\/sroda-za-nami-a-co-nas-czeka-w-czwartek-na-kortowiadzie-2022\/#breadcrumb\"},\"inLanguage\":\"pl-PL\",\"potentialAction\":[{\"@type\":\"ReadAction\",\"target\":[\"https:\/\/archiwum.kortowiada.pl\/2022\/sroda-za-nami-a-co-nas-czeka-w-czwartek-na-kortowiadzie-2022\/\"]}]},{\"@type\":\"BreadcrumbList\",\"@id\":\"https:\/\/archiwum.kortowiada.pl\/2022\/sroda-za-nami-a-co-nas-czeka-w-czwartek-na-kortowiadzie-2022\/#breadcrumb\",\"itemListElement\":[{\"@type\":\"ListItem\",\"position\":1,\"name\":\"Strona g\u0142\u00f3wna\",\"item\":\"https:\/\/archiwum.kortowiada.pl\/2022\/\"},{\"@type\":\"ListItem\",\"position\":2,\"name\":\"\u015aroda za nami, a co nas czeka w czwartek na Kortowiadzie 2022?\"}]},{\"@type\":\"WebSite\",\"@id\":\"https:\/\/archiwum.kortowiada.pl\/2022\/#website\",\"url\":\"https:\/\/archiwum.kortowiada.pl\/2022\/\",\"name\":\"Kortowiada - najwi\u0119kszy festiwal studencki w Polsce\",\"description\":\"1-4 czerwca 2022, 61. edycja - juwenalia Olsztyn\",\"publisher\":{\"@id\":\"https:\/\/archiwum.kortowiada.pl\/2022\/#organization\"},\"potentialAction\":[{\"@type\":\"SearchAction\",\"target\":{\"@type\":\"EntryPoint\",\"urlTemplate\":\"https:\/\/archiwum.kortowiada.pl\/2022\/?s={search_term_string}\"},\"query-input\":\"required name=search_term_string\"}],\"inLanguage\":\"pl-PL\"},{\"@type\":\"Organization\",\"@id\":\"https:\/\/archiwum.kortowiada.pl\/2022\/#organization\",\"name\":\"Kortowiada\",\"url\":\"https:\/\/archiwum.kortowiada.pl\/2022\/\",\"sameAs\":[\"https:\/\/www.instagram.com\/kortowiada\/?hl=pl\",\"https:\/\/www.youtube.com\/channel\/UCZpuhjpJ2XlHxcbT4N2oyFQ\",\"https:\/\/www.facebook.com\/kortowiadafestiwal\"],\"logo\":{\"@type\":\"ImageObject\",\"inLanguage\":\"pl-PL\",\"@id\":\"https:\/\/archiwum.kortowiada.pl\/2022\/#\/schema\/logo\/image\/\",\"url\":\"https:\/\/kortowiada.pl\/wp-content\/uploads\/2021\/05\/favig.png\",\"contentUrl\":\"https:\/\/kortowiada.pl\/wp-content\/uploads\/2021\/05\/favig.png\",\"width\":1080,\"height\":1080,\"caption\":\"Kortowiada\"},\"image\":{\"@id\":\"https:\/\/archiwum.kortowiada.pl\/2022\/#\/schema\/logo\/image\/\"}},{\"@type\":\"Person\",\"@id\":\"https:\/\/archiwum.kortowiada.pl\/2022\/#\/schema\/person\/203bdca03dc88232ceae13557ea4cb25\",\"name\":\"Daria Bruszewska\",\"image\":{\"@type\":\"ImageObject\",\"inLanguage\":\"pl-PL\",\"@id\":\"https:\/\/archiwum.kortowiada.pl\/2022\/#\/schema\/person\/image\/\",\"url\":\"https:\/\/secure.gravatar.com\/avatar\/4071c0be1102ef11730c77465d7d8936?s=96&d=mm&r=g\",\"contentUrl\":\"https:\/\/secure.gravatar.com\/avatar\/4071c0be1102ef11730c77465d7d8936?s=96&d=mm&r=g\",\"caption\":\"Daria Bruszewska\"},\"url\":\"https:\/\/archiwum.kortowiada.pl\/2022\/author\/daria\/\"}]}<\/script>\n<!-- \/ Yoast SEO plugin. -->","yoast_head_json":{"title":"\u015aroda za nami, a co nas czeka w czwartek na Kortowiadzie 2022? - Kortowiada - najwi\u0119kszy festiwal studencki w Polsce","robots":{"index":"index","follow":"follow","max-snippet":"max-snippet:-1","max-image-preview":"max-image-preview:large","max-video-preview":"max-video-preview:-1"},"canonical":"https:\/\/archiwum.kortowiada.pl\/2022\/sroda-za-nami-a-co-nas-czeka-w-czwartek-na-kortowiadzie-2022\/","og_locale":"pl_PL","og_type":"article","og_title":"\u015aroda za nami, a co nas czeka w czwartek na Kortowiadzie 2022? - Kortowiada - najwi\u0119kszy festiwal studencki w Polsce","og_description":"Za nami pierwszy dzie\u0144 Kortowiady 2022. Studenci UWM integrowali si\u0119 m.in. podczas rywalizacji mi\u0119dzy akademikami, rozegrali mecz koszyk\u00f3wki ze sportowcami z niepe\u0142nosprawno\u015bci\u0105 i bawili si\u0119 na Silent Party. Dzisiaj juwenalia nabior\u0105 jeszcze wi\u0119kszego rozp\u0119du: przed nami Parada Wydzia\u0142\u00f3w i koncerty na pla\u017cy kortowskiej. \u00a0 \u015aroda pod znakiem integracji Na dobry pocz\u0105tek kortowiadowej zabawy organizatorzy postawili&nbsp;Czytaj wi\u0119cej","og_url":"https:\/\/archiwum.kortowiada.pl\/2022\/sroda-za-nami-a-co-nas-czeka-w-czwartek-na-kortowiadzie-2022\/","og_site_name":"Kortowiada - najwi\u0119kszy festiwal studencki w Polsce","article_publisher":"https:\/\/www.facebook.com\/kortowiadafestiwal","article_published_time":"2022-06-02T06:49:33+00:00","article_modified_time":"2022-06-02T08:04:20+00:00","og_image":[{"width":1500,"height":1000,"url":"https:\/\/archiwum.kortowiada.pl\/2022\/wp-content\/uploads\/2022\/06\/20220601-silent-party-mateusz-kowalski-19.jpg","type":"image\/jpeg"}],"author":"Daria Bruszewska","twitter_card":"summary_large_image","twitter_misc":{"Napisane przez":"Daria Bruszewska","Szacowany czas czytania":"3 minuty"},"schema":{"@context":"https:\/\/schema.org","@graph":[{"@type":"Article","@id":"https:\/\/archiwum.kortowiada.pl\/2022\/sroda-za-nami-a-co-nas-czeka-w-czwartek-na-kortowiadzie-2022\/#article","isPartOf":{"@id":"https:\/\/archiwum.kortowiada.pl\/2022\/sroda-za-nami-a-co-nas-czeka-w-czwartek-na-kortowiadzie-2022\/"},"author":{"name":"Daria Bruszewska","@id":"https:\/\/archiwum.kortowiada.pl\/2022\/#\/schema\/person\/203bdca03dc88232ceae13557ea4cb25"},"headline":"\u015aroda za nami, a co nas czeka w czwartek na Kortowiadzie 2022?","datePublished":"2022-06-02T06:49:33+00:00","dateModified":"2022-06-02T08:04:20+00:00","mainEntityOfPage":{"@id":"https:\/\/archiwum.kortowiada.pl\/2022\/sroda-za-nami-a-co-nas-czeka-w-czwartek-na-kortowiadzie-2022\/"},"wordCount":707,"publisher":{"@id":"https:\/\/archiwum.kortowiada.pl\/2022\/#organization"},"keywords":["juwenalia 2022","Kortowiada","Kortowiada 2022"],"articleSection":["Kortowiada 2022"],"inLanguage":"pl-PL"},{"@type":"WebPage","@id":"https:\/\/archiwum.kortowiada.pl\/2022\/sroda-za-nami-a-co-nas-czeka-w-czwartek-na-kortowiadzie-2022\/","url":"https:\/\/archiwum.kortowiada.pl\/2022\/sroda-za-nami-a-co-nas-czeka-w-czwartek-na-kortowiadzie-2022\/","name":"\u015aroda za nami, a co nas czeka w czwartek na Kortowiadzie 2022? - Kortowiada - najwi\u0119kszy festiwal studencki w Polsce","isPartOf":{"@id":"https:\/\/archiwum.kortowiada.pl\/2022\/#website"},"datePublished":"2022-06-02T06:49:33+00:00","dateModified":"2022-06-02T08:04:20+00:00","breadcrumb":{"@id":"https:\/\/archiwum.kortowiada.pl\/2022\/sroda-za-nami-a-co-nas-czeka-w-czwartek-na-kortowiadzie-2022\/#breadcrumb"},"inLanguage":"pl-PL","potentialAction":[{"@type":"ReadAction","target":["https:\/\/archiwum.kortowiada.pl\/2022\/sroda-za-nami-a-co-nas-czeka-w-czwartek-na-kortowiadzie-2022\/"]}]},{"@type":"BreadcrumbList","@id":"https:\/\/archiwum.kortowiada.pl\/2022\/sroda-za-nami-a-co-nas-czeka-w-czwartek-na-kortowiadzie-2022\/#breadcrumb","itemListElement":[{"@type":"ListItem","position":1,"name":"Strona g\u0142\u00f3wna","item":"https:\/\/archiwum.kortowiada.pl\/2022\/"},{"@type":"ListItem","position":2,"name":"\u015aroda za nami, a co nas czeka w czwartek na Kortowiadzie 2022?"}]},{"@type":"WebSite","@id":"https:\/\/archiwum.kortowiada.pl\/2022\/#website","url":"https:\/\/archiwum.kortowiada.pl\/2022\/","name":"Kortowiada - najwi\u0119kszy festiwal studencki w Polsce","description":"1-4 czerwca 2022, 61. edycja - juwenalia Olsztyn","publisher":{"@id":"https:\/\/archiwum.kortowiada.pl\/2022\/#organization"},"potentialAction":[{"@type":"SearchAction","target":{"@type":"EntryPoint","urlTemplate":"https:\/\/archiwum.kortowiada.pl\/2022\/?s={search_term_string}"},"query-input":"required name=search_term_string"}],"inLanguage":"pl-PL"},{"@type":"Organization","@id":"https:\/\/archiwum.kortowiada.pl\/2022\/#organization","name":"Kortowiada","url":"https:\/\/archiwum.kortowiada.pl\/2022\/","sameAs":["https:\/\/www.instagram.com\/kortowiada\/?hl=pl","https:\/\/www.youtube.com\/channel\/UCZpuhjpJ2XlHxcbT4N2oyFQ","https:\/\/www.facebook.com\/kortowiadafestiwal"],"logo":{"@type":"ImageObject","inLanguage":"pl-PL","@id":"https:\/\/archiwum.kortowiada.pl\/2022\/#\/schema\/logo\/image\/","url":"https:\/\/kortowiada.pl\/wp-content\/uploads\/2021\/05\/favig.png","contentUrl":"https:\/\/kortowiada.pl\/wp-content\/uploads\/2021\/05\/favig.png","width":1080,"height":1080,"caption":"Kortowiada"},"image":{"@id":"https:\/\/archiwum.kortowiada.pl\/2022\/#\/schema\/logo\/image\/"}},{"@type":"Person","@id":"https:\/\/archiwum.kortowiada.pl\/2022\/#\/schema\/person\/203bdca03dc88232ceae13557ea4cb25","name":"Daria Bruszewska","image":{"@type":"ImageObject","inLanguage":"pl-PL","@id":"https:\/\/archiwum.kortowiada.pl\/2022\/#\/schema\/person\/image\/","url":"https:\/\/secure.gravatar.com\/avatar\/4071c0be1102ef11730c77465d7d8936?s=96&d=mm&r=g","contentUrl":"https:\/\/secure.gravatar.com\/avatar\/4071c0be1102ef11730c77465d7d8936?s=96&d=mm&r=g","caption":"Daria Bruszewska"},"url":"https:\/\/archiwum.kortowiada.pl\/2022\/author\/daria\/"}]}},"_links":{"self":[{"href":"https:\/\/archiwum.kortowiada.pl\/2022\/wp-json\/wp\/v2\/posts\/3653"}],"collection":[{"href":"https:\/\/archiwum.kortowiada.pl\/2022\/wp-json\/wp\/v2\/posts"}],"about":[{"href":"https:\/\/archiwum.kortowiada.pl\/2022\/wp-json\/wp\/v2\/types\/post"}],"author":[{"embeddable":true,"href":"https:\/\/archiwum.kortowiada.pl\/2022\/wp-json\/wp\/v2\/users\/9"}],"replies":[{"embeddable":true,"href":"https:\/\/archiwum.kortowiada.pl\/2022\/wp-json\/wp\/v2\/comments?post=3653"}],"version-history":[{"count":1,"href":"https:\/\/archiwum.kortowiada.pl\/2022\/wp-json\/wp\/v2\/posts\/3653\/revisions"}],"predecessor-version":[{"id":3654,"href":"https:\/\/archiwum.kortowiada.pl\/2022\/wp-json\/wp\/v2\/posts\/3653\/revisions\/3654"}],"wp:featuredmedia":[{"embeddable":true,"href":"https:\/\/archiwum.kortowiada.pl\/2022\/wp-json\/wp\/v2\/media\/3626"}],"wp:attachment":[{"href":"https:\/\/archiwum.kortowiada.pl\/2022\/wp-json\/wp\/v2\/media?parent=3653"}],"wp:term":[{"taxonomy":"category","embeddable":true,"href":"https:\/\/archiwum.kortowiada.pl\/2022\/wp-json\/wp\/v2\/categories?post=3653"},{"taxonomy":"post_tag","embeddable":true,"href":"https:\/\/archiwum.kortowiada.pl\/2022\/wp-json\/wp\/v2\/tags?post=3653"}],"curies":[{"name":"wp","href":"https:\/\/api.w.org\/{rel}","templated":true}]}}