{"id":3982,"date":"2022-06-03T10:07:58","date_gmt":"2022-06-03T08:07:58","guid":{"rendered":"https:\/\/kortowiada.pl\/?p=3982"},"modified":"2022-06-03T11:44:53","modified_gmt":"2022-06-03T09:44:53","slug":"podsumowujemy-czwartek-i-zagladamy-do-piatkowego-programu-kortowiady","status":"publish","type":"post","link":"https:\/\/archiwum.kortowiada.pl\/2022\/podsumowujemy-czwartek-i-zagladamy-do-piatkowego-programu-kortowiady\/","title":{"rendered":"Podsumowujemy czwartek i zagl\u0105damy do pi\u0105tkowego programu Kortowiady"},"content":{"rendered":"<p><strong>Kortowiada trwa od \u015brody, ale to wczorajsza Parada Wydzia\u0142\u00f3w na dobre rozpocz\u0119\u0142a studenckie \u015bwi\u0119to w Olsztynie. Wydarzenie, za spraw\u0105 kt\u00f3rego w mie\u015bcie zrobi\u0142o si\u0119 bardzo barwnie i rado\u015bnie, by\u0142o wyczekiwanym elementem juwenali\u00f3w UWM. Na pla\u017cy kortowskiej zagrali ju\u017c Baranovski, O.S.T.R., Happysad, Kwiat Jab\u0142oni i \u0141ydka Grubasa.<\/strong><\/p>\n<p>&nbsp;<\/p>\n<p>M\u00f3wi si\u0119, \u017ce deszcz jest nieod\u0142\u0105cznym elementem Kortowiady. C\u00f3\u017c z tego, skoro niezbywaln\u0105 cech\u0105 student\u00f3w jest determinacja, \u017ceby pogoda nie pokrzy\u017cowa\u0142a ich plan\u00f3w na dobr\u0105 zabaw\u0119! By\u0107 mo\u017ce to w\u0142a\u015bnie dobre humory \u017cak\u00f3w bior\u0105cych udzia\u0142 w Paradzie Wydzia\u0142\u00f3w sprawi\u0142y, \u017ce czarne chmury zosta\u0142y przegonione. Przekazanie w\u0142adzy z r\u0105k rektora UWM prof. Jerzego Przyborowskiego odbywa\u0142o si\u0119 wi\u0119c nie tylko w s\u0142o\u0144cu, ale i w \u015bwietnej atmosferze. Wielka Kortowska Makarena zata\u0144czona przy Centrum Konferencyjnym by\u0142a tej atmosfery doskona\u0142ym wyrazem: wsp\u00f3lny taniec rozgrza\u0142 student\u00f3w przed dalsz\u0105 cz\u0119\u015bci\u0105 zabawy.<\/p>\n<p><img loading=\"lazy\" class=\"alignnone size-large wp-image-3762\" src=\"https:\/\/kortowiada.pl\/wp-content\/uploads\/2022\/06\/20220602-parada-mateusz-kowalski-34-1024x683.jpg\" alt=\"\" width=\"1024\" height=\"683\" srcset=\"https:\/\/archiwum.kortowiada.pl\/2022\/wp-content\/uploads\/2022\/06\/20220602-parada-mateusz-kowalski-34-1024x683.jpg 1024w, https:\/\/archiwum.kortowiada.pl\/2022\/wp-content\/uploads\/2022\/06\/20220602-parada-mateusz-kowalski-34-300x200.jpg 300w, https:\/\/archiwum.kortowiada.pl\/2022\/wp-content\/uploads\/2022\/06\/20220602-parada-mateusz-kowalski-34-768x512.jpg 768w, https:\/\/archiwum.kortowiada.pl\/2022\/wp-content\/uploads\/2022\/06\/20220602-parada-mateusz-kowalski-34-570x380.jpg 570w, https:\/\/archiwum.kortowiada.pl\/2022\/wp-content\/uploads\/2022\/06\/20220602-parada-mateusz-kowalski-34.jpg 1500w\" sizes=\"(max-width: 1024px) 100vw, 1024px\" \/><\/p>\n<p><img loading=\"lazy\" class=\"alignnone size-large wp-image-3703\" src=\"https:\/\/kortowiada.pl\/wp-content\/uploads\/2022\/06\/Kortowska-Makarena-10-1024x684.jpg\" alt=\"\" width=\"1024\" height=\"684\" srcset=\"https:\/\/archiwum.kortowiada.pl\/2022\/wp-content\/uploads\/2022\/06\/Kortowska-Makarena-10-1024x684.jpg 1024w, https:\/\/archiwum.kortowiada.pl\/2022\/wp-content\/uploads\/2022\/06\/Kortowska-Makarena-10-300x200.jpg 300w, https:\/\/archiwum.kortowiada.pl\/2022\/wp-content\/uploads\/2022\/06\/Kortowska-Makarena-10-768x513.jpg 768w, https:\/\/archiwum.kortowiada.pl\/2022\/wp-content\/uploads\/2022\/06\/Kortowska-Makarena-10-1536x1025.jpg 1536w, https:\/\/archiwum.kortowiada.pl\/2022\/wp-content\/uploads\/2022\/06\/Kortowska-Makarena-10-2048x1367.jpg 2048w, https:\/\/archiwum.kortowiada.pl\/2022\/wp-content\/uploads\/2022\/06\/Kortowska-Makarena-10-570x380.jpg 570w\" sizes=\"(max-width: 1024px) 100vw, 1024px\" \/><\/p>\n<p>&nbsp;<\/p>\n<p>W czwartek w Kortowie odby\u0142 si\u0119 pierwszy z fina\u0142\u00f3w Ajdola, a jego zwyci\u0119\u017cczyni, Patrycja Rogalska za\u015bpiewa\u0142a tego samego wieczora na scenie g\u0142\u00f3wnej. Tej samej scenie, na kt\u00f3rej koncerty zagrali Baranovski, O.S.T.R., Happysad, Kwiat Jab\u0142oni i \u0141ydka Grubasa.<\/p>\n<p><img loading=\"lazy\" class=\"alignnone size-large wp-image-3860\" src=\"https:\/\/kortowiada.pl\/wp-content\/uploads\/2022\/06\/Z-aparatem-Fabiszewski-31-2-1024x683.jpg\" alt=\"\" width=\"1024\" height=\"683\" srcset=\"https:\/\/archiwum.kortowiada.pl\/2022\/wp-content\/uploads\/2022\/06\/Z-aparatem-Fabiszewski-31-2-1024x683.jpg 1024w, https:\/\/archiwum.kortowiada.pl\/2022\/wp-content\/uploads\/2022\/06\/Z-aparatem-Fabiszewski-31-2-300x200.jpg 300w, https:\/\/archiwum.kortowiada.pl\/2022\/wp-content\/uploads\/2022\/06\/Z-aparatem-Fabiszewski-31-2-768x512.jpg 768w, https:\/\/archiwum.kortowiada.pl\/2022\/wp-content\/uploads\/2022\/06\/Z-aparatem-Fabiszewski-31-2-570x380.jpg 570w, https:\/\/archiwum.kortowiada.pl\/2022\/wp-content\/uploads\/2022\/06\/Z-aparatem-Fabiszewski-31-2.jpg 1500w\" sizes=\"(max-width: 1024px) 100vw, 1024px\" \/><\/p>\n<p>Wyst\u0119py artyst\u00f3w przyci\u0105gn\u0119\u0142y tysi\u0105ce fan\u00f3w pod scen\u0119 zlokalizowan\u0105 w tym roku na pla\u017cy kortowskiej. Co wa\u017cne, z niekt\u00f3rymi gwiazdami mo\u017cna by\u0142o spotka\u0107 si\u0119 w tzw. Strefie Spotka\u0144 w pobli\u017cu sceny. To tam muzycy udzielali wywiad\u00f3w, odpowiadali na pytania publiczno\u015bci i rozdawali autografy. Nie zabrak\u0142o te\u017c, oczywi\u015bcie, wsp\u00f3lnych zdj\u0119\u0107.<\/p>\n<p>&nbsp;<\/p>\n<p><img loading=\"lazy\" class=\"alignnone size-large wp-image-3983\" src=\"https:\/\/kortowiada.pl\/wp-content\/uploads\/2022\/06\/1-DSC06547-1024x684.jpg\" alt=\"\" width=\"1024\" height=\"684\" srcset=\"https:\/\/archiwum.kortowiada.pl\/2022\/wp-content\/uploads\/2022\/06\/1-DSC06547-1024x684.jpg 1024w, https:\/\/archiwum.kortowiada.pl\/2022\/wp-content\/uploads\/2022\/06\/1-DSC06547-300x200.jpg 300w, https:\/\/archiwum.kortowiada.pl\/2022\/wp-content\/uploads\/2022\/06\/1-DSC06547-768x513.jpg 768w, https:\/\/archiwum.kortowiada.pl\/2022\/wp-content\/uploads\/2022\/06\/1-DSC06547-1536x1027.jpg 1536w, https:\/\/archiwum.kortowiada.pl\/2022\/wp-content\/uploads\/2022\/06\/1-DSC06547-570x380.jpg 570w, https:\/\/archiwum.kortowiada.pl\/2022\/wp-content\/uploads\/2022\/06\/1-DSC06547.jpg 1616w\" sizes=\"(max-width: 1024px) 100vw, 1024px\" \/><\/p>\n<p>&nbsp;<\/p>\n<p>Du\u017cym powodzeniem cieszy\u0142 si\u0119 w\u015br\u00f3d uczestnik\u00f3w Kortowiady tak\u017ce namiot Silent Party. S\u0142uchawki rozchodzi\u0142y si\u0119 w mgnieniu oka. Namiot musi mie\u0107 zreszt\u0105 wyj\u0105tkowe w\u0142a\u015bciwo\u015bci zape\u0142niania si\u0119 lud\u017ami, bo odbywaj\u0105ce si\u0119 tu debiutuj\u0105ce w tym roku w programie Kortowiady wydarzenie Speed Dating tak\u017ce okaza\u0142o si\u0119 strza\u0142em w dziesi\u0105tk\u0119. Kolejki ch\u0119tnych do udzia\u0142u w szybkich randkach zmotywowa\u0142y organizator\u00f3w do szybkiej decyzji o zwi\u0119kszeniu liczby miejsc.<\/p>\n<p>Ch\u0119tnych nie brakowa\u0142o tak\u017ce do udzia\u0142u w Kinie Plenerowym. Nic dziwnego, bo wsp\u00f3lnie ogl\u0105danym filmem by\u0142 uwielbiany przez wielu \u201eForrest Gump\u201d.<\/p>\n<p><img loading=\"lazy\" class=\"alignnone size-large wp-image-3879\" src=\"https:\/\/kortowiada.pl\/wp-content\/uploads\/2022\/06\/20220602-kino-plenerowe-mateusz-kowalski-5-1024x683.jpg\" alt=\"\" width=\"1024\" height=\"683\" srcset=\"https:\/\/archiwum.kortowiada.pl\/2022\/wp-content\/uploads\/2022\/06\/20220602-kino-plenerowe-mateusz-kowalski-5-1024x683.jpg 1024w, https:\/\/archiwum.kortowiada.pl\/2022\/wp-content\/uploads\/2022\/06\/20220602-kino-plenerowe-mateusz-kowalski-5-300x200.jpg 300w, https:\/\/archiwum.kortowiada.pl\/2022\/wp-content\/uploads\/2022\/06\/20220602-kino-plenerowe-mateusz-kowalski-5-768x512.jpg 768w, https:\/\/archiwum.kortowiada.pl\/2022\/wp-content\/uploads\/2022\/06\/20220602-kino-plenerowe-mateusz-kowalski-5-570x380.jpg 570w, https:\/\/archiwum.kortowiada.pl\/2022\/wp-content\/uploads\/2022\/06\/20220602-kino-plenerowe-mateusz-kowalski-5.jpg 1500w\" sizes=\"(max-width: 1024px) 100vw, 1024px\" \/><\/p>\n<p>&nbsp;<\/p>\n<p>A co w planach maj\u0105 studenci w pi\u0105tek? B\u0119d\u0105 wyzwania sportowe (Sport Camp Kortostrong), b\u0119dzie czas na integracj\u0119 (B\u00f3j Wydzia\u0142\u00f3w w tym roku b\u0119dzie mia\u0142 now\u0105 formu\u0142\u0119) oraz, oczywi\u015bcie, okazja, by pota\u0144czy\u0107. Koncerty na scenie g\u0142\u00f3wnej zagraj\u0105: Ka\u015bka Sochacka, Zalewski, Enej, Kayah i Sok\u00f3\u0142. Powr\u00f3c\u0105 te\u017c obecne ju\u017c na Kortowiadzie Energetyczne Granie, Silent Party i Kino Plenerowe, w kt\u00f3rym tym razem na ekranie wy\u015bwietlony zostanie film \u201eMamma Mia\u201d.<\/p>\n","protected":false},"excerpt":{"rendered":"<p>Kortowiada trwa od \u015brody, ale to wczorajsza Parada Wydzia\u0142\u00f3w na dobre rozpocz\u0119\u0142a studenckie \u015bwi\u0119to w Olsztynie. Wydarzenie, za spraw\u0105 kt\u00f3rego w mie\u015bcie zrobi\u0142o si\u0119 bardzo barwnie i rado\u015bnie, by\u0142o wyczekiwanym elementem juwenali\u00f3w UWM. Na pla\u017cy kortowskiej zagrali ju\u017c Baranovski, O.S.T.R., Happysad, Kwiat Jab\u0142oni i \u0141ydka Grubasa. &nbsp; M\u00f3wi si\u0119, \u017ce deszcz jest nieod\u0142\u0105cznym elementem Kortowiady.&nbsp;<\/p>\n<p><a class=\"btn btn-style\" href=\"https:\/\/archiwum.kortowiada.pl\/2022\/podsumowujemy-czwartek-i-zagladamy-do-piatkowego-programu-kortowiady\/\">Czytaj wi\u0119cej<\/a><\/p>\n","protected":false},"author":9,"featured_media":3940,"comment_status":"closed","ping_status":"closed","sticky":false,"template":"","format":"standard","meta":[],"categories":[43],"tags":[218,129,46,72],"yoast_head":"<!-- This site is optimized with the Yoast SEO plugin v19.6.1 - https:\/\/yoast.com\/wordpress\/plugins\/seo\/ -->\n<title>Podsumowujemy czwartek i zagl\u0105damy do pi\u0105tkowego programu Kortowiady - Kortowiada - najwi\u0119kszy festiwal studencki w Polsce<\/title>\n<meta name=\"robots\" content=\"index, follow, max-snippet:-1, max-image-preview:large, max-video-preview:-1\" \/>\n<link rel=\"canonical\" href=\"https:\/\/archiwum.kortowiada.pl\/2022\/podsumowujemy-czwartek-i-zagladamy-do-piatkowego-programu-kortowiady\/\" \/>\n<meta property=\"og:locale\" content=\"pl_PL\" \/>\n<meta property=\"og:type\" content=\"article\" \/>\n<meta property=\"og:title\" content=\"Podsumowujemy czwartek i zagl\u0105damy do pi\u0105tkowego programu Kortowiady - Kortowiada - najwi\u0119kszy festiwal studencki w Polsce\" \/>\n<meta property=\"og:description\" content=\"Kortowiada trwa od \u015brody, ale to wczorajsza Parada Wydzia\u0142\u00f3w na dobre rozpocz\u0119\u0142a studenckie \u015bwi\u0119to w Olsztynie. Wydarzenie, za spraw\u0105 kt\u00f3rego w mie\u015bcie zrobi\u0142o si\u0119 bardzo barwnie i rado\u015bnie, by\u0142o wyczekiwanym elementem juwenali\u00f3w UWM. Na pla\u017cy kortowskiej zagrali ju\u017c Baranovski, O.S.T.R., Happysad, Kwiat Jab\u0142oni i \u0141ydka Grubasa. &nbsp; M\u00f3wi si\u0119, \u017ce deszcz jest nieod\u0142\u0105cznym elementem Kortowiady.&nbsp;Czytaj wi\u0119cej\" \/>\n<meta property=\"og:url\" content=\"https:\/\/archiwum.kortowiada.pl\/2022\/podsumowujemy-czwartek-i-zagladamy-do-piatkowego-programu-kortowiady\/\" \/>\n<meta property=\"og:site_name\" content=\"Kortowiada - najwi\u0119kszy festiwal studencki w Polsce\" \/>\n<meta property=\"article:publisher\" content=\"https:\/\/www.facebook.com\/kortowiadafestiwal\" \/>\n<meta property=\"article:published_time\" content=\"2022-06-03T08:07:58+00:00\" \/>\n<meta property=\"article:modified_time\" content=\"2022-06-03T09:44:53+00:00\" \/>\n<meta property=\"og:image\" content=\"https:\/\/archiwum.kortowiada.pl\/2022\/wp-content\/uploads\/2022\/06\/Z-aparatem-Fabiszewski-13.jpg\" \/>\n\t<meta property=\"og:image:width\" content=\"1500\" \/>\n\t<meta property=\"og:image:height\" content=\"1000\" \/>\n\t<meta property=\"og:image:type\" content=\"image\/jpeg\" \/>\n<meta name=\"author\" content=\"Daria Bruszewska\" \/>\n<meta name=\"twitter:card\" content=\"summary_large_image\" \/>\n<meta name=\"twitter:label1\" content=\"Napisane przez\" \/>\n\t<meta name=\"twitter:data1\" content=\"Daria Bruszewska\" \/>\n\t<meta name=\"twitter:label2\" content=\"Szacowany czas czytania\" \/>\n\t<meta name=\"twitter:data2\" content=\"2 minuty\" \/>\n<script type=\"application\/ld+json\" class=\"yoast-schema-graph\">{\"@context\":\"https:\/\/schema.org\",\"@graph\":[{\"@type\":\"Article\",\"@id\":\"https:\/\/archiwum.kortowiada.pl\/2022\/podsumowujemy-czwartek-i-zagladamy-do-piatkowego-programu-kortowiady\/#article\",\"isPartOf\":{\"@id\":\"https:\/\/archiwum.kortowiada.pl\/2022\/podsumowujemy-czwartek-i-zagladamy-do-piatkowego-programu-kortowiady\/\"},\"author\":{\"name\":\"Daria Bruszewska\",\"@id\":\"https:\/\/archiwum.kortowiada.pl\/2022\/#\/schema\/person\/203bdca03dc88232ceae13557ea4cb25\"},\"headline\":\"Podsumowujemy czwartek i zagl\u0105damy do pi\u0105tkowego programu Kortowiady\",\"datePublished\":\"2022-06-03T08:07:58+00:00\",\"dateModified\":\"2022-06-03T09:44:53+00:00\",\"mainEntityOfPage\":{\"@id\":\"https:\/\/archiwum.kortowiada.pl\/2022\/podsumowujemy-czwartek-i-zagladamy-do-piatkowego-programu-kortowiady\/\"},\"wordCount\":492,\"publisher\":{\"@id\":\"https:\/\/archiwum.kortowiada.pl\/2022\/#organization\"},\"keywords\":[\"czwartek\",\"juwenalia 2022\",\"Kortowiada\",\"Kortowiada 2022\"],\"articleSection\":[\"Kortowiada 2022\"],\"inLanguage\":\"pl-PL\"},{\"@type\":\"WebPage\",\"@id\":\"https:\/\/archiwum.kortowiada.pl\/2022\/podsumowujemy-czwartek-i-zagladamy-do-piatkowego-programu-kortowiady\/\",\"url\":\"https:\/\/archiwum.kortowiada.pl\/2022\/podsumowujemy-czwartek-i-zagladamy-do-piatkowego-programu-kortowiady\/\",\"name\":\"Podsumowujemy czwartek i zagl\u0105damy do pi\u0105tkowego programu Kortowiady - Kortowiada - najwi\u0119kszy festiwal studencki w Polsce\",\"isPartOf\":{\"@id\":\"https:\/\/archiwum.kortowiada.pl\/2022\/#website\"},\"datePublished\":\"2022-06-03T08:07:58+00:00\",\"dateModified\":\"2022-06-03T09:44:53+00:00\",\"breadcrumb\":{\"@id\":\"https:\/\/archiwum.kortowiada.pl\/2022\/podsumowujemy-czwartek-i-zagladamy-do-piatkowego-programu-kortowiady\/#breadcrumb\"},\"inLanguage\":\"pl-PL\",\"potentialAction\":[{\"@type\":\"ReadAction\",\"target\":[\"https:\/\/archiwum.kortowiada.pl\/2022\/podsumowujemy-czwartek-i-zagladamy-do-piatkowego-programu-kortowiady\/\"]}]},{\"@type\":\"BreadcrumbList\",\"@id\":\"https:\/\/archiwum.kortowiada.pl\/2022\/podsumowujemy-czwartek-i-zagladamy-do-piatkowego-programu-kortowiady\/#breadcrumb\",\"itemListElement\":[{\"@type\":\"ListItem\",\"position\":1,\"name\":\"Strona g\u0142\u00f3wna\",\"item\":\"https:\/\/archiwum.kortowiada.pl\/2022\/\"},{\"@type\":\"ListItem\",\"position\":2,\"name\":\"Podsumowujemy czwartek i zagl\u0105damy do pi\u0105tkowego programu Kortowiady\"}]},{\"@type\":\"WebSite\",\"@id\":\"https:\/\/archiwum.kortowiada.pl\/2022\/#website\",\"url\":\"https:\/\/archiwum.kortowiada.pl\/2022\/\",\"name\":\"Kortowiada - najwi\u0119kszy festiwal studencki w Polsce\",\"description\":\"1-4 czerwca 2022, 61. edycja - juwenalia Olsztyn\",\"publisher\":{\"@id\":\"https:\/\/archiwum.kortowiada.pl\/2022\/#organization\"},\"potentialAction\":[{\"@type\":\"SearchAction\",\"target\":{\"@type\":\"EntryPoint\",\"urlTemplate\":\"https:\/\/archiwum.kortowiada.pl\/2022\/?s={search_term_string}\"},\"query-input\":\"required name=search_term_string\"}],\"inLanguage\":\"pl-PL\"},{\"@type\":\"Organization\",\"@id\":\"https:\/\/archiwum.kortowiada.pl\/2022\/#organization\",\"name\":\"Kortowiada\",\"url\":\"https:\/\/archiwum.kortowiada.pl\/2022\/\",\"sameAs\":[\"https:\/\/www.instagram.com\/kortowiada\/?hl=pl\",\"https:\/\/www.youtube.com\/channel\/UCZpuhjpJ2XlHxcbT4N2oyFQ\",\"https:\/\/www.facebook.com\/kortowiadafestiwal\"],\"logo\":{\"@type\":\"ImageObject\",\"inLanguage\":\"pl-PL\",\"@id\":\"https:\/\/archiwum.kortowiada.pl\/2022\/#\/schema\/logo\/image\/\",\"url\":\"https:\/\/kortowiada.pl\/wp-content\/uploads\/2021\/05\/favig.png\",\"contentUrl\":\"https:\/\/kortowiada.pl\/wp-content\/uploads\/2021\/05\/favig.png\",\"width\":1080,\"height\":1080,\"caption\":\"Kortowiada\"},\"image\":{\"@id\":\"https:\/\/archiwum.kortowiada.pl\/2022\/#\/schema\/logo\/image\/\"}},{\"@type\":\"Person\",\"@id\":\"https:\/\/archiwum.kortowiada.pl\/2022\/#\/schema\/person\/203bdca03dc88232ceae13557ea4cb25\",\"name\":\"Daria Bruszewska\",\"image\":{\"@type\":\"ImageObject\",\"inLanguage\":\"pl-PL\",\"@id\":\"https:\/\/archiwum.kortowiada.pl\/2022\/#\/schema\/person\/image\/\",\"url\":\"https:\/\/secure.gravatar.com\/avatar\/4071c0be1102ef11730c77465d7d8936?s=96&d=mm&r=g\",\"contentUrl\":\"https:\/\/secure.gravatar.com\/avatar\/4071c0be1102ef11730c77465d7d8936?s=96&d=mm&r=g\",\"caption\":\"Daria Bruszewska\"},\"url\":\"https:\/\/archiwum.kortowiada.pl\/2022\/author\/daria\/\"}]}<\/script>\n<!-- \/ Yoast SEO plugin. -->","yoast_head_json":{"title":"Podsumowujemy czwartek i zagl\u0105damy do pi\u0105tkowego programu Kortowiady - Kortowiada - najwi\u0119kszy festiwal studencki w Polsce","robots":{"index":"index","follow":"follow","max-snippet":"max-snippet:-1","max-image-preview":"max-image-preview:large","max-video-preview":"max-video-preview:-1"},"canonical":"https:\/\/archiwum.kortowiada.pl\/2022\/podsumowujemy-czwartek-i-zagladamy-do-piatkowego-programu-kortowiady\/","og_locale":"pl_PL","og_type":"article","og_title":"Podsumowujemy czwartek i zagl\u0105damy do pi\u0105tkowego programu Kortowiady - Kortowiada - najwi\u0119kszy festiwal studencki w Polsce","og_description":"Kortowiada trwa od \u015brody, ale to wczorajsza Parada Wydzia\u0142\u00f3w na dobre rozpocz\u0119\u0142a studenckie \u015bwi\u0119to w Olsztynie. Wydarzenie, za spraw\u0105 kt\u00f3rego w mie\u015bcie zrobi\u0142o si\u0119 bardzo barwnie i rado\u015bnie, by\u0142o wyczekiwanym elementem juwenali\u00f3w UWM. Na pla\u017cy kortowskiej zagrali ju\u017c Baranovski, O.S.T.R., Happysad, Kwiat Jab\u0142oni i \u0141ydka Grubasa. &nbsp; M\u00f3wi si\u0119, \u017ce deszcz jest nieod\u0142\u0105cznym elementem Kortowiady.&nbsp;Czytaj wi\u0119cej","og_url":"https:\/\/archiwum.kortowiada.pl\/2022\/podsumowujemy-czwartek-i-zagladamy-do-piatkowego-programu-kortowiady\/","og_site_name":"Kortowiada - najwi\u0119kszy festiwal studencki w Polsce","article_publisher":"https:\/\/www.facebook.com\/kortowiadafestiwal","article_published_time":"2022-06-03T08:07:58+00:00","article_modified_time":"2022-06-03T09:44:53+00:00","og_image":[{"width":1500,"height":1000,"url":"https:\/\/archiwum.kortowiada.pl\/2022\/wp-content\/uploads\/2022\/06\/Z-aparatem-Fabiszewski-13.jpg","type":"image\/jpeg"}],"author":"Daria Bruszewska","twitter_card":"summary_large_image","twitter_misc":{"Napisane przez":"Daria Bruszewska","Szacowany czas czytania":"2 minuty"},"schema":{"@context":"https:\/\/schema.org","@graph":[{"@type":"Article","@id":"https:\/\/archiwum.kortowiada.pl\/2022\/podsumowujemy-czwartek-i-zagladamy-do-piatkowego-programu-kortowiady\/#article","isPartOf":{"@id":"https:\/\/archiwum.kortowiada.pl\/2022\/podsumowujemy-czwartek-i-zagladamy-do-piatkowego-programu-kortowiady\/"},"author":{"name":"Daria Bruszewska","@id":"https:\/\/archiwum.kortowiada.pl\/2022\/#\/schema\/person\/203bdca03dc88232ceae13557ea4cb25"},"headline":"Podsumowujemy czwartek i zagl\u0105damy do pi\u0105tkowego programu Kortowiady","datePublished":"2022-06-03T08:07:58+00:00","dateModified":"2022-06-03T09:44:53+00:00","mainEntityOfPage":{"@id":"https:\/\/archiwum.kortowiada.pl\/2022\/podsumowujemy-czwartek-i-zagladamy-do-piatkowego-programu-kortowiady\/"},"wordCount":492,"publisher":{"@id":"https:\/\/archiwum.kortowiada.pl\/2022\/#organization"},"keywords":["czwartek","juwenalia 2022","Kortowiada","Kortowiada 2022"],"articleSection":["Kortowiada 2022"],"inLanguage":"pl-PL"},{"@type":"WebPage","@id":"https:\/\/archiwum.kortowiada.pl\/2022\/podsumowujemy-czwartek-i-zagladamy-do-piatkowego-programu-kortowiady\/","url":"https:\/\/archiwum.kortowiada.pl\/2022\/podsumowujemy-czwartek-i-zagladamy-do-piatkowego-programu-kortowiady\/","name":"Podsumowujemy czwartek i zagl\u0105damy do pi\u0105tkowego programu Kortowiady - Kortowiada - najwi\u0119kszy festiwal studencki w Polsce","isPartOf":{"@id":"https:\/\/archiwum.kortowiada.pl\/2022\/#website"},"datePublished":"2022-06-03T08:07:58+00:00","dateModified":"2022-06-03T09:44:53+00:00","breadcrumb":{"@id":"https:\/\/archiwum.kortowiada.pl\/2022\/podsumowujemy-czwartek-i-zagladamy-do-piatkowego-programu-kortowiady\/#breadcrumb"},"inLanguage":"pl-PL","potentialAction":[{"@type":"ReadAction","target":["https:\/\/archiwum.kortowiada.pl\/2022\/podsumowujemy-czwartek-i-zagladamy-do-piatkowego-programu-kortowiady\/"]}]},{"@type":"BreadcrumbList","@id":"https:\/\/archiwum.kortowiada.pl\/2022\/podsumowujemy-czwartek-i-zagladamy-do-piatkowego-programu-kortowiady\/#breadcrumb","itemListElement":[{"@type":"ListItem","position":1,"name":"Strona g\u0142\u00f3wna","item":"https:\/\/archiwum.kortowiada.pl\/2022\/"},{"@type":"ListItem","position":2,"name":"Podsumowujemy czwartek i zagl\u0105damy do pi\u0105tkowego programu Kortowiady"}]},{"@type":"WebSite","@id":"https:\/\/archiwum.kortowiada.pl\/2022\/#website","url":"https:\/\/archiwum.kortowiada.pl\/2022\/","name":"Kortowiada - najwi\u0119kszy festiwal studencki w Polsce","description":"1-4 czerwca 2022, 61. edycja - juwenalia Olsztyn","publisher":{"@id":"https:\/\/archiwum.kortowiada.pl\/2022\/#organization"},"potentialAction":[{"@type":"SearchAction","target":{"@type":"EntryPoint","urlTemplate":"https:\/\/archiwum.kortowiada.pl\/2022\/?s={search_term_string}"},"query-input":"required name=search_term_string"}],"inLanguage":"pl-PL"},{"@type":"Organization","@id":"https:\/\/archiwum.kortowiada.pl\/2022\/#organization","name":"Kortowiada","url":"https:\/\/archiwum.kortowiada.pl\/2022\/","sameAs":["https:\/\/www.instagram.com\/kortowiada\/?hl=pl","https:\/\/www.youtube.com\/channel\/UCZpuhjpJ2XlHxcbT4N2oyFQ","https:\/\/www.facebook.com\/kortowiadafestiwal"],"logo":{"@type":"ImageObject","inLanguage":"pl-PL","@id":"https:\/\/archiwum.kortowiada.pl\/2022\/#\/schema\/logo\/image\/","url":"https:\/\/kortowiada.pl\/wp-content\/uploads\/2021\/05\/favig.png","contentUrl":"https:\/\/kortowiada.pl\/wp-content\/uploads\/2021\/05\/favig.png","width":1080,"height":1080,"caption":"Kortowiada"},"image":{"@id":"https:\/\/archiwum.kortowiada.pl\/2022\/#\/schema\/logo\/image\/"}},{"@type":"Person","@id":"https:\/\/archiwum.kortowiada.pl\/2022\/#\/schema\/person\/203bdca03dc88232ceae13557ea4cb25","name":"Daria Bruszewska","image":{"@type":"ImageObject","inLanguage":"pl-PL","@id":"https:\/\/archiwum.kortowiada.pl\/2022\/#\/schema\/person\/image\/","url":"https:\/\/secure.gravatar.com\/avatar\/4071c0be1102ef11730c77465d7d8936?s=96&d=mm&r=g","contentUrl":"https:\/\/secure.gravatar.com\/avatar\/4071c0be1102ef11730c77465d7d8936?s=96&d=mm&r=g","caption":"Daria Bruszewska"},"url":"https:\/\/archiwum.kortowiada.pl\/2022\/author\/daria\/"}]}},"_links":{"self":[{"href":"https:\/\/archiwum.kortowiada.pl\/2022\/wp-json\/wp\/v2\/posts\/3982"}],"collection":[{"href":"https:\/\/archiwum.kortowiada.pl\/2022\/wp-json\/wp\/v2\/posts"}],"about":[{"href":"https:\/\/archiwum.kortowiada.pl\/2022\/wp-json\/wp\/v2\/types\/post"}],"author":[{"embeddable":true,"href":"https:\/\/archiwum.kortowiada.pl\/2022\/wp-json\/wp\/v2\/users\/9"}],"replies":[{"embeddable":true,"href":"https:\/\/archiwum.kortowiada.pl\/2022\/wp-json\/wp\/v2\/comments?post=3982"}],"version-history":[{"count":1,"href":"https:\/\/archiwum.kortowiada.pl\/2022\/wp-json\/wp\/v2\/posts\/3982\/revisions"}],"predecessor-version":[{"id":3984,"href":"https:\/\/archiwum.kortowiada.pl\/2022\/wp-json\/wp\/v2\/posts\/3982\/revisions\/3984"}],"wp:featuredmedia":[{"embeddable":true,"href":"https:\/\/archiwum.kortowiada.pl\/2022\/wp-json\/wp\/v2\/media\/3940"}],"wp:attachment":[{"href":"https:\/\/archiwum.kortowiada.pl\/2022\/wp-json\/wp\/v2\/media?parent=3982"}],"wp:term":[{"taxonomy":"category","embeddable":true,"href":"https:\/\/archiwum.kortowiada.pl\/2022\/wp-json\/wp\/v2\/categories?post=3982"},{"taxonomy":"post_tag","embeddable":true,"href":"https:\/\/archiwum.kortowiada.pl\/2022\/wp-json\/wp\/v2\/tags?post=3982"}],"curies":[{"name":"wp","href":"https:\/\/api.w.org\/{rel}","templated":true}]}}