{"id":2265,"date":"2023-01-16T14:53:45","date_gmt":"2023-01-16T13:53:45","guid":{"rendered":"https:\/\/kortowiada.pl\/?p=2265"},"modified":"2023-01-16T20:29:45","modified_gmt":"2023-01-16T19:29:45","slug":"zbieramy-zgloszenia-od-wlascicieli-punktow-handlowych","status":"publish","type":"post","link":"https:\/\/archiwum.kortowiada.pl\/2023\/zbieramy-zgloszenia-od-wlascicieli-punktow-handlowych\/","title":{"rendered":"Zbieramy zg\u0142oszenia od w\u0142a\u015bcicieli punkt\u00f3w handlowych!"},"content":{"rendered":"<p style=\"text-align: justify;\">Z ka\u017cdym tygodniem skraca si\u0119 oczekiwanie na Kortowiad\u0119 2023, wi\u0119c pora na zebranie zg\u0142osze\u0144 od przedsi\u0119biorc\u00f3w, kt\u00f3rzy chc\u0105 wystawi\u0107 sw\u00f3j punkt handlowy podczas juwenali\u00f3w. Udost\u0119pnili\u015bmy w\u0142a\u015bnie t\u0119 mo\u017cliwo\u015b\u0107!<\/p>\n<p style=\"text-align: justify;\">Wszelkie informacje zwi\u0105zane ze wsp\u00f3\u0142prac\u0105 w tym zakresie oraz formularz zg\u0142oszeniowy znajduj\u0105 si\u0119 w specjalnej zak\u0142adce &#8211; <strong><a href=\"https:\/\/kortowiada.pl\/punkty-handlowe\/\">kortowiada.pl\/punkty-handlowe<\/a><\/strong><\/p>\n<p style=\"text-align: justify;\">Zainteresowanych wsp\u00f3\u0142prac\u0105 zach\u0119camy do zapoznania si\u0119 z informacjami na temat stref, by wybra\u0107 odpowiedni\u0105 dla specyfiki lokalizacj\u0119.<\/p>\n","protected":false},"excerpt":{"rendered":"<p>Z ka\u017cdym tygodniem skraca si\u0119 oczekiwanie na Kortowiad\u0119 2023, wi\u0119c pora na zebranie zg\u0142osze\u0144 od przedsi\u0119biorc\u00f3w, kt\u00f3rzy chc\u0105 wystawi\u0107 sw\u00f3j punkt handlowy podczas juwenali\u00f3w. Udost\u0119pnili\u015bmy w\u0142a\u015bnie t\u0119 mo\u017cliwo\u015b\u0107! Wszelkie informacje zwi\u0105zane ze wsp\u00f3\u0142prac\u0105 w tym zakresie oraz formularz zg\u0142oszeniowy znajduj\u0105 si\u0119 w specjalnej zak\u0142adce &#8211; kortowiada.pl\/punkty-handlowe Zainteresowanych wsp\u00f3\u0142prac\u0105 zach\u0119camy do zapoznania si\u0119 z informacjami na [&hellip;]<\/p>\n","protected":false},"author":4,"featured_media":2266,"comment_status":"open","ping_status":"open","sticky":false,"template":"","format":"standard","meta":{"footnotes":""},"categories":[49],"tags":[],"table_tags":[],"class_list":["post-2265","post","type-post","status-publish","format-standard","has-post-thumbnail","hentry","category-aktualnosci"],"yoast_head":"<!-- This site is optimized with the Yoast SEO Premium plugin v20.8 (Yoast SEO v21.1) - https:\/\/yoast.com\/wordpress\/plugins\/seo\/ -->\n<title>Zbieramy zg\u0142oszenia od w\u0142a\u015bcicieli punkt\u00f3w handlowych! - Archiwum 2023 - Kortowiada - najwi\u0119kszy festiwal studencki w Polsce<\/title>\n<meta name=\"description\" content=\"Kortowiada - najwi\u0119ksze juwenalia w Polsce. 62. edycja festiwalu studenckiego. 24-27 maja 2023, Olsztyn, Kortowo. Juwenalia 2023 w Olsztynie.\" \/>\n<meta name=\"robots\" content=\"index, follow, max-snippet:-1, max-image-preview:large, max-video-preview:-1\" \/>\n<link rel=\"canonical\" href=\"https:\/\/archiwum.kortowiada.pl\/2023\/zbieramy-zgloszenia-od-wlascicieli-punktow-handlowych\/\" \/>\n<meta property=\"og:locale\" content=\"pl_PL\" \/>\n<meta property=\"og:type\" content=\"article\" \/>\n<meta property=\"og:title\" content=\"Zbieramy zg\u0142oszenia od w\u0142a\u015bcicieli punkt\u00f3w handlowych!\" \/>\n<meta property=\"og:description\" content=\"Kortowiada - najwi\u0119ksze juwenalia w Polsce. 62. edycja festiwalu studenckiego. 24-27 maja 2023, Olsztyn, Kortowo.\" \/>\n<meta property=\"og:url\" content=\"https:\/\/archiwum.kortowiada.pl\/2023\/zbieramy-zgloszenia-od-wlascicieli-punktow-handlowych\/\" \/>\n<meta property=\"og:site_name\" content=\"Archiwum 2023 - Kortowiada - najwi\u0119kszy festiwal studencki w Polsce\" \/>\n<meta property=\"article:publisher\" content=\"https:\/\/www.facebook.com\/kortowiadafestiwal\" \/>\n<meta property=\"article:published_time\" content=\"2023-01-16T13:53:45+00:00\" \/>\n<meta property=\"article:modified_time\" content=\"2023-01-16T19:29:45+00:00\" \/>\n<meta property=\"og:image\" content=\"https:\/\/archiwum.kortowiada.pl\/2023\/wp-content\/uploads\/2023\/01\/adam-z-serem.jpg\" \/>\n\t<meta property=\"og:image:width\" content=\"1500\" \/>\n\t<meta property=\"og:image:height\" content=\"1000\" \/>\n\t<meta property=\"og:image:type\" content=\"image\/jpeg\" \/>\n<meta name=\"author\" content=\"Natalia Nowak\" \/>\n<meta name=\"twitter:card\" content=\"summary_large_image\" \/>\n<meta name=\"twitter:label1\" content=\"Napisane przez\" \/>\n\t<meta name=\"twitter:data1\" content=\"Natalia Nowak\" \/>\n\t<meta name=\"twitter:label2\" content=\"Szacowany czas czytania\" \/>\n\t<meta name=\"twitter:data2\" content=\"1 minuta\" \/>\n<script type=\"application\/ld+json\" class=\"yoast-schema-graph\">{\"@context\":\"https:\/\/schema.org\",\"@graph\":[{\"@type\":\"Article\",\"@id\":\"https:\/\/archiwum.kortowiada.pl\/2023\/zbieramy-zgloszenia-od-wlascicieli-punktow-handlowych\/#article\",\"isPartOf\":{\"@id\":\"https:\/\/archiwum.kortowiada.pl\/2023\/zbieramy-zgloszenia-od-wlascicieli-punktow-handlowych\/\"},\"author\":{\"name\":\"Natalia Nowak\",\"@id\":\"https:\/\/archiwum.kortowiada.pl\/2023\/#\/schema\/person\/55605e529f5298a56d5915ed970032ea\"},\"headline\":\"Zbieramy zg\u0142oszenia od w\u0142a\u015bcicieli punkt\u00f3w handlowych!\",\"datePublished\":\"2023-01-16T13:53:45+00:00\",\"dateModified\":\"2023-01-16T19:29:45+00:00\",\"mainEntityOfPage\":{\"@id\":\"https:\/\/archiwum.kortowiada.pl\/2023\/zbieramy-zgloszenia-od-wlascicieli-punktow-handlowych\/\"},\"wordCount\":93,\"commentCount\":0,\"publisher\":{\"@id\":\"https:\/\/archiwum.kortowiada.pl\/2023\/#organization\"},\"articleSection\":[\"Aktualno\u015bci\"],\"inLanguage\":\"pl-PL\",\"potentialAction\":[{\"@type\":\"CommentAction\",\"name\":\"Comment\",\"target\":[\"https:\/\/archiwum.kortowiada.pl\/2023\/zbieramy-zgloszenia-od-wlascicieli-punktow-handlowych\/#respond\"]}]},{\"@type\":\"WebPage\",\"@id\":\"https:\/\/archiwum.kortowiada.pl\/2023\/zbieramy-zgloszenia-od-wlascicieli-punktow-handlowych\/\",\"url\":\"https:\/\/archiwum.kortowiada.pl\/2023\/zbieramy-zgloszenia-od-wlascicieli-punktow-handlowych\/\",\"name\":\"Zbieramy zg\u0142oszenia od w\u0142a\u015bcicieli punkt\u00f3w handlowych! - Archiwum 2023 - Kortowiada - najwi\u0119kszy festiwal studencki w Polsce\",\"isPartOf\":{\"@id\":\"https:\/\/archiwum.kortowiada.pl\/2023\/#website\"},\"datePublished\":\"2023-01-16T13:53:45+00:00\",\"dateModified\":\"2023-01-16T19:29:45+00:00\",\"description\":\"Kortowiada - najwi\u0119ksze juwenalia w Polsce. 62. edycja festiwalu studenckiego. 24-27 maja 2023, Olsztyn, Kortowo. Juwenalia 2023 w Olsztynie.\",\"breadcrumb\":{\"@id\":\"https:\/\/archiwum.kortowiada.pl\/2023\/zbieramy-zgloszenia-od-wlascicieli-punktow-handlowych\/#breadcrumb\"},\"inLanguage\":\"pl-PL\",\"potentialAction\":[{\"@type\":\"ReadAction\",\"target\":[\"https:\/\/archiwum.kortowiada.pl\/2023\/zbieramy-zgloszenia-od-wlascicieli-punktow-handlowych\/\"]}]},{\"@type\":\"BreadcrumbList\",\"@id\":\"https:\/\/archiwum.kortowiada.pl\/2023\/zbieramy-zgloszenia-od-wlascicieli-punktow-handlowych\/#breadcrumb\",\"itemListElement\":[{\"@type\":\"ListItem\",\"position\":1,\"name\":\"Strona g\u0142\u00f3wna\",\"item\":\"https:\/\/archiwum.kortowiada.pl\/2023\/\"},{\"@type\":\"ListItem\",\"position\":2,\"name\":\"Zbieramy zg\u0142oszenia od w\u0142a\u015bcicieli punkt\u00f3w handlowych!\"}]},{\"@type\":\"WebSite\",\"@id\":\"https:\/\/archiwum.kortowiada.pl\/2023\/#website\",\"url\":\"https:\/\/archiwum.kortowiada.pl\/2023\/\",\"name\":\"Kortowiada 2023\",\"description\":\"Archiwum 2023 -  24-27 , 62. edycja - juwenalia Olsztyn\",\"publisher\":{\"@id\":\"https:\/\/archiwum.kortowiada.pl\/2023\/#organization\"},\"alternateName\":\"festiwal studencki, juwenalia w Olsztynie\",\"potentialAction\":[{\"@type\":\"SearchAction\",\"target\":{\"@type\":\"EntryPoint\",\"urlTemplate\":\"https:\/\/archiwum.kortowiada.pl\/2023\/?s={search_term_string}\"},\"query-input\":\"required name=search_term_string\"}],\"inLanguage\":\"pl-PL\"},{\"@type\":\"Organization\",\"@id\":\"https:\/\/archiwum.kortowiada.pl\/2023\/#organization\",\"name\":\"Kortowiada - festiwal studencki, juwenalia Olsztyn\",\"alternateName\":\"Juwenalia w Olsztynie 2023\",\"url\":\"https:\/\/archiwum.kortowiada.pl\/2023\/\",\"logo\":{\"@type\":\"ImageObject\",\"inLanguage\":\"pl-PL\",\"@id\":\"https:\/\/archiwum.kortowiada.pl\/2023\/#\/schema\/logo\/image\/\",\"url\":\"https:\/\/kortowiada.pl\/wp-content\/uploads\/2022\/12\/wydarzenie-fb.jpg\",\"contentUrl\":\"https:\/\/kortowiada.pl\/wp-content\/uploads\/2022\/12\/wydarzenie-fb.jpg\",\"width\":1200,\"height\":628,\"caption\":\"Kortowiada - festiwal studencki, juwenalia Olsztyn\"},\"image\":{\"@id\":\"https:\/\/archiwum.kortowiada.pl\/2023\/#\/schema\/logo\/image\/\"},\"sameAs\":[\"https:\/\/www.facebook.com\/kortowiadafestiwal\",\"https:\/\/www.instagram.com\/kortowiada\/\",\"https:\/\/www.tiktok.com\/@kortowiada\",\"https:\/\/www.youtube.com\/channel\/UCZpuhjpJ2XlHxcbT4N2oyFQ\"]},{\"@type\":\"Person\",\"@id\":\"https:\/\/archiwum.kortowiada.pl\/2023\/#\/schema\/person\/55605e529f5298a56d5915ed970032ea\",\"name\":\"Natalia Nowak\",\"image\":{\"@type\":\"ImageObject\",\"inLanguage\":\"pl-PL\",\"@id\":\"https:\/\/archiwum.kortowiada.pl\/2023\/#\/schema\/person\/image\/\",\"url\":\"https:\/\/secure.gravatar.com\/avatar\/48733d414c87f3729e7f1da361a6441ea7244f1cb03c7a8545ff25d024888d79?s=96&d=mm&r=g\",\"contentUrl\":\"https:\/\/secure.gravatar.com\/avatar\/48733d414c87f3729e7f1da361a6441ea7244f1cb03c7a8545ff25d024888d79?s=96&d=mm&r=g\",\"caption\":\"Natalia Nowak\"},\"url\":\"https:\/\/archiwum.kortowiada.pl\/2023\/author\/natalia-nowak\/\"}]}<\/script>\n<!-- \/ Yoast SEO Premium plugin. -->","yoast_head_json":{"title":"Zbieramy zg\u0142oszenia od w\u0142a\u015bcicieli punkt\u00f3w handlowych! - Archiwum 2023 - Kortowiada - najwi\u0119kszy festiwal studencki w Polsce","description":"Kortowiada - najwi\u0119ksze juwenalia w Polsce. 62. edycja festiwalu studenckiego. 24-27 maja 2023, Olsztyn, Kortowo. Juwenalia 2023 w Olsztynie.","robots":{"index":"index","follow":"follow","max-snippet":"max-snippet:-1","max-image-preview":"max-image-preview:large","max-video-preview":"max-video-preview:-1"},"canonical":"https:\/\/archiwum.kortowiada.pl\/2023\/zbieramy-zgloszenia-od-wlascicieli-punktow-handlowych\/","og_locale":"pl_PL","og_type":"article","og_title":"Zbieramy zg\u0142oszenia od w\u0142a\u015bcicieli punkt\u00f3w handlowych!","og_description":"Kortowiada - najwi\u0119ksze juwenalia w Polsce. 62. edycja festiwalu studenckiego. 24-27 maja 2023, Olsztyn, Kortowo.","og_url":"https:\/\/archiwum.kortowiada.pl\/2023\/zbieramy-zgloszenia-od-wlascicieli-punktow-handlowych\/","og_site_name":"Archiwum 2023 - Kortowiada - najwi\u0119kszy festiwal studencki w Polsce","article_publisher":"https:\/\/www.facebook.com\/kortowiadafestiwal","article_published_time":"2023-01-16T13:53:45+00:00","article_modified_time":"2023-01-16T19:29:45+00:00","og_image":[{"width":1500,"height":1000,"url":"https:\/\/archiwum.kortowiada.pl\/2023\/wp-content\/uploads\/2023\/01\/adam-z-serem.jpg","type":"image\/jpeg"}],"author":"Natalia Nowak","twitter_card":"summary_large_image","twitter_misc":{"Napisane przez":"Natalia Nowak","Szacowany czas czytania":"1 minuta"},"schema":{"@context":"https:\/\/schema.org","@graph":[{"@type":"Article","@id":"https:\/\/archiwum.kortowiada.pl\/2023\/zbieramy-zgloszenia-od-wlascicieli-punktow-handlowych\/#article","isPartOf":{"@id":"https:\/\/archiwum.kortowiada.pl\/2023\/zbieramy-zgloszenia-od-wlascicieli-punktow-handlowych\/"},"author":{"name":"Natalia Nowak","@id":"https:\/\/archiwum.kortowiada.pl\/2023\/#\/schema\/person\/55605e529f5298a56d5915ed970032ea"},"headline":"Zbieramy zg\u0142oszenia od w\u0142a\u015bcicieli punkt\u00f3w handlowych!","datePublished":"2023-01-16T13:53:45+00:00","dateModified":"2023-01-16T19:29:45+00:00","mainEntityOfPage":{"@id":"https:\/\/archiwum.kortowiada.pl\/2023\/zbieramy-zgloszenia-od-wlascicieli-punktow-handlowych\/"},"wordCount":93,"commentCount":0,"publisher":{"@id":"https:\/\/archiwum.kortowiada.pl\/2023\/#organization"},"articleSection":["Aktualno\u015bci"],"inLanguage":"pl-PL","potentialAction":[{"@type":"CommentAction","name":"Comment","target":["https:\/\/archiwum.kortowiada.pl\/2023\/zbieramy-zgloszenia-od-wlascicieli-punktow-handlowych\/#respond"]}]},{"@type":"WebPage","@id":"https:\/\/archiwum.kortowiada.pl\/2023\/zbieramy-zgloszenia-od-wlascicieli-punktow-handlowych\/","url":"https:\/\/archiwum.kortowiada.pl\/2023\/zbieramy-zgloszenia-od-wlascicieli-punktow-handlowych\/","name":"Zbieramy zg\u0142oszenia od w\u0142a\u015bcicieli punkt\u00f3w handlowych! - Archiwum 2023 - Kortowiada - najwi\u0119kszy festiwal studencki w Polsce","isPartOf":{"@id":"https:\/\/archiwum.kortowiada.pl\/2023\/#website"},"datePublished":"2023-01-16T13:53:45+00:00","dateModified":"2023-01-16T19:29:45+00:00","description":"Kortowiada - najwi\u0119ksze juwenalia w Polsce. 62. edycja festiwalu studenckiego. 24-27 maja 2023, Olsztyn, Kortowo. Juwenalia 2023 w Olsztynie.","breadcrumb":{"@id":"https:\/\/archiwum.kortowiada.pl\/2023\/zbieramy-zgloszenia-od-wlascicieli-punktow-handlowych\/#breadcrumb"},"inLanguage":"pl-PL","potentialAction":[{"@type":"ReadAction","target":["https:\/\/archiwum.kortowiada.pl\/2023\/zbieramy-zgloszenia-od-wlascicieli-punktow-handlowych\/"]}]},{"@type":"BreadcrumbList","@id":"https:\/\/archiwum.kortowiada.pl\/2023\/zbieramy-zgloszenia-od-wlascicieli-punktow-handlowych\/#breadcrumb","itemListElement":[{"@type":"ListItem","position":1,"name":"Strona g\u0142\u00f3wna","item":"https:\/\/archiwum.kortowiada.pl\/2023\/"},{"@type":"ListItem","position":2,"name":"Zbieramy zg\u0142oszenia od w\u0142a\u015bcicieli punkt\u00f3w handlowych!"}]},{"@type":"WebSite","@id":"https:\/\/archiwum.kortowiada.pl\/2023\/#website","url":"https:\/\/archiwum.kortowiada.pl\/2023\/","name":"Kortowiada 2023","description":"Archiwum 2023 -  24-27 , 62. edycja - juwenalia Olsztyn","publisher":{"@id":"https:\/\/archiwum.kortowiada.pl\/2023\/#organization"},"alternateName":"festiwal studencki, juwenalia w Olsztynie","potentialAction":[{"@type":"SearchAction","target":{"@type":"EntryPoint","urlTemplate":"https:\/\/archiwum.kortowiada.pl\/2023\/?s={search_term_string}"},"query-input":"required name=search_term_string"}],"inLanguage":"pl-PL"},{"@type":"Organization","@id":"https:\/\/archiwum.kortowiada.pl\/2023\/#organization","name":"Kortowiada - festiwal studencki, juwenalia Olsztyn","alternateName":"Juwenalia w Olsztynie 2023","url":"https:\/\/archiwum.kortowiada.pl\/2023\/","logo":{"@type":"ImageObject","inLanguage":"pl-PL","@id":"https:\/\/archiwum.kortowiada.pl\/2023\/#\/schema\/logo\/image\/","url":"https:\/\/kortowiada.pl\/wp-content\/uploads\/2022\/12\/wydarzenie-fb.jpg","contentUrl":"https:\/\/kortowiada.pl\/wp-content\/uploads\/2022\/12\/wydarzenie-fb.jpg","width":1200,"height":628,"caption":"Kortowiada - festiwal studencki, juwenalia Olsztyn"},"image":{"@id":"https:\/\/archiwum.kortowiada.pl\/2023\/#\/schema\/logo\/image\/"},"sameAs":["https:\/\/www.facebook.com\/kortowiadafestiwal","https:\/\/www.instagram.com\/kortowiada\/","https:\/\/www.tiktok.com\/@kortowiada","https:\/\/www.youtube.com\/channel\/UCZpuhjpJ2XlHxcbT4N2oyFQ"]},{"@type":"Person","@id":"https:\/\/archiwum.kortowiada.pl\/2023\/#\/schema\/person\/55605e529f5298a56d5915ed970032ea","name":"Natalia Nowak","image":{"@type":"ImageObject","inLanguage":"pl-PL","@id":"https:\/\/archiwum.kortowiada.pl\/2023\/#\/schema\/person\/image\/","url":"https:\/\/secure.gravatar.com\/avatar\/48733d414c87f3729e7f1da361a6441ea7244f1cb03c7a8545ff25d024888d79?s=96&d=mm&r=g","contentUrl":"https:\/\/secure.gravatar.com\/avatar\/48733d414c87f3729e7f1da361a6441ea7244f1cb03c7a8545ff25d024888d79?s=96&d=mm&r=g","caption":"Natalia Nowak"},"url":"https:\/\/archiwum.kortowiada.pl\/2023\/author\/natalia-nowak\/"}]}},"_links":{"self":[{"href":"https:\/\/archiwum.kortowiada.pl\/2023\/wp-json\/wp\/v2\/posts\/2265","targetHints":{"allow":["GET"]}}],"collection":[{"href":"https:\/\/archiwum.kortowiada.pl\/2023\/wp-json\/wp\/v2\/posts"}],"about":[{"href":"https:\/\/archiwum.kortowiada.pl\/2023\/wp-json\/wp\/v2\/types\/post"}],"author":[{"embeddable":true,"href":"https:\/\/archiwum.kortowiada.pl\/2023\/wp-json\/wp\/v2\/users\/4"}],"replies":[{"embeddable":true,"href":"https:\/\/archiwum.kortowiada.pl\/2023\/wp-json\/wp\/v2\/comments?post=2265"}],"version-history":[{"count":3,"href":"https:\/\/archiwum.kortowiada.pl\/2023\/wp-json\/wp\/v2\/posts\/2265\/revisions"}],"predecessor-version":[{"id":2269,"href":"https:\/\/archiwum.kortowiada.pl\/2023\/wp-json\/wp\/v2\/posts\/2265\/revisions\/2269"}],"wp:featuredmedia":[{"embeddable":true,"href":"https:\/\/archiwum.kortowiada.pl\/2023\/wp-json\/wp\/v2\/media\/2266"}],"wp:attachment":[{"href":"https:\/\/archiwum.kortowiada.pl\/2023\/wp-json\/wp\/v2\/media?parent=2265"}],"wp:term":[{"taxonomy":"category","embeddable":true,"href":"https:\/\/archiwum.kortowiada.pl\/2023\/wp-json\/wp\/v2\/categories?post=2265"},{"taxonomy":"post_tag","embeddable":true,"href":"https:\/\/archiwum.kortowiada.pl\/2023\/wp-json\/wp\/v2\/tags?post=2265"},{"taxonomy":"table_tags","embeddable":true,"href":"https:\/\/archiwum.kortowiada.pl\/2023\/wp-json\/wp\/v2\/table_tags?post=2265"}],"curies":[{"name":"wp","href":"https:\/\/api.w.org\/{rel}","templated":true}]}}